{"id":27323,"date":"2024-12-16T10:00:03","date_gmt":"2024-12-16T09:00:03","guid":{"rendered":"https:\/\/www.synthesia.com\/?p=27323"},"modified":"2026-01-03T17:05:16","modified_gmt":"2026-01-03T16:05:16","slug":"synthesia-obchodzi-swoja-60-rocznice-na-niezapomnianej-uroczystosci","status":"publish","type":"post","link":"https:\/\/www.synthesia.com\/pl\/synthesia-obchodzi-swoja-60-rocznice-na-niezapomnianej-uroczystosci\/","title":{"rendered":"Synthesia obchodzi swoj\u0105 60 rocznic\u0119 na niezapomnianej uroczysto\u015bci"},"content":{"rendered":"<p><span style=\"font-weight: 400;\">5 grudnia Synthesia obchodzi\u0142a swoj\u0105 60 rocznic\u0119 podczas wyj\u0105tkowego zebrania wszystkich pracownik\u00f3w ze wszystkich siedzib i dzia\u0142\u00f3w \u015bwi\u0119tuj\u0105c ponad p\u00f3\u0142 wieku historii, zaanga\u017cowania i sukcesu. By\u0142a to okazja do rado\u015bci i spotka\u0144 po latach, kt\u00f3ra podkre\u015bli\u0142a istot\u0119 warto\u015bci piel\u0119gnowanych przez firm\u0119 od momentu jej powstania.<\/span><\/p>\n<p><span style=\"font-weight: 400;\">Uroczysto\u015b\u0107 mia\u0142a swoje wyj\u0105tkowe momenty, takie jak wyr\u00f3\u017cnienie pracownik\u00f3w, kt\u00f3rzy po\u015bwi\u0119cili firmie Synthesia 25 lat swojego \u017cycia zawodowego, ukazuj\u0105c godne podziwu oddanie i lojalno\u015b\u0107. Opr\u00f3cz tego, wyr\u00f3\u017cniono tak\u017ce pracownik\u00f3w, kt\u00f3rzy razem z firm\u0105 Synthesia obchodzili swoje 60 urodziny i przedstawiono film, w kt\u00f3rym wspominaj\u0105 oni anegdoty oraz sw\u00f3j cenny wk\u0142ad w rozw\u00f3j firmy.<\/span><\/p>\n<p><span style=\"font-weight: 400;\">David Palleja, dyrektor generalny firmy Synthesia, wyg\u0142osi\u0142 inspiruj\u0105c\u0105 przemow\u0119, w kt\u00f3rej podkre\u015bli\u0142 wag\u0119 pracy zespo\u0142owej, odpowiedzialno\u015bci i warto\u015bci, kt\u00f3re przewodzi\u0142y firmie od samego jej pocz\u0105tku. Podczas przemowy, David wspomnia\u0142 wszystkie najwa\u017cniejsze historyczne wyzwania w Synthesia, podkre\u015blaj\u0105c jak wsp\u00f3lny wysi\u0142ek pozwoli\u0142 na pokonanie wyzwa\u0144 oraz osi\u0105gni\u0119cie wielkich cel\u00f3w.<\/span><\/p>\n<p><span style=\"font-weight: 400;\">David motywuj\u0105cym tonem zach\u0119ci\u0142 wszystkich obecnych do patrzenia w przysz\u0142o\u015b\u0107 z optymizmem i\u00a0determinacj\u0105, stawiaj\u0105c na nowe wyzwania i projekty, kt\u00f3re pozwol\u0105 firmie Synthesia nieustannie si\u0119 wzmacnia\u0107 w ci\u0105gu nadchodz\u0105cych lat.<\/span><\/p>\n<p><span style=\"font-weight: 400;\">60 rocznica Synthesia by\u0142a nie tylko okazj\u0105 do \u015bwi\u0119towania, ale tak\u017ce do refleksji nad przebyt\u0105 drog\u0105 i\u00a0do umocnienia naszego zaanga\u017cowania w doskona\u0142o\u015b\u0107 i innowacyjno\u015b\u0107. Niew\u0105tpliwie to wydarzenie pozostanie zapisane w pami\u0119ci wszystkich uczestnik\u00f3w jako symbol ducha charakteryzuj\u0105cego nasz\u0105 drog\u0105 firm\u0119.<\/span><\/p>\n<p style=\"font-weight: 400;\">\n<p><img fetchpriority=\"high\" decoding=\"async\" class=\"alignnone wp-image-27294 size-large\" title=\"60 aniversario\" src=\"https:\/\/www.synthesia.com\/wp-content\/uploads\/2024\/12\/synthesia-technology-60-aniversario-03-1024x683.jpg\" alt=\"60 aniversario\" width=\"800\" height=\"534\" srcset=\"https:\/\/www.synthesia.com\/wp-content\/uploads\/2024\/12\/synthesia-technology-60-aniversario-03-1024x683.jpg 1024w, https:\/\/www.synthesia.com\/wp-content\/uploads\/2024\/12\/synthesia-technology-60-aniversario-03-300x200.jpg 300w, https:\/\/www.synthesia.com\/wp-content\/uploads\/2024\/12\/synthesia-technology-60-aniversario-03-768x512.jpg 768w, https:\/\/www.synthesia.com\/wp-content\/uploads\/2024\/12\/synthesia-technology-60-aniversario-03-1536x1024.jpg 1536w, https:\/\/www.synthesia.com\/wp-content\/uploads\/2024\/12\/synthesia-technology-60-aniversario-03-2048x1365.jpg 2048w\" sizes=\"(max-width: 800px) 100vw, 800px\" \/><\/p>\n<p><img decoding=\"async\" class=\"alignnone wp-image-27298 size-large\" title=\"David Palleja, CEO de Synthesia\" src=\"https:\/\/www.synthesia.com\/wp-content\/uploads\/2024\/12\/synthesia-technology-60-aniversario-02-683x1024.jpg\" alt=\"David Palleja, CEO de Synthesia\" width=\"683\" height=\"1024\" srcset=\"https:\/\/www.synthesia.com\/wp-content\/uploads\/2024\/12\/synthesia-technology-60-aniversario-02-683x1024.jpg 683w, https:\/\/www.synthesia.com\/wp-content\/uploads\/2024\/12\/synthesia-technology-60-aniversario-02-200x300.jpg 200w, https:\/\/www.synthesia.com\/wp-content\/uploads\/2024\/12\/synthesia-technology-60-aniversario-02-768x1152.jpg 768w, https:\/\/www.synthesia.com\/wp-content\/uploads\/2024\/12\/synthesia-technology-60-aniversario-02-1024x1536.jpg 1024w, https:\/\/www.synthesia.com\/wp-content\/uploads\/2024\/12\/synthesia-technology-60-aniversario-02-1365x2048.jpg 1365w, https:\/\/www.synthesia.com\/wp-content\/uploads\/2024\/12\/synthesia-technology-60-aniversario-02.jpg 1500w\" sizes=\"(max-width: 683px) 100vw, 683px\" \/><\/p>\n","protected":false},"excerpt":{"rendered":"<p>5 grudnia Synthesia Technology \u015bwi\u0119towa\u0142a swoj\u0105 60 rocznic\u0119 podczas zebrania wszystkich pracownik\u00f3w i dzia\u0142\u00f3w.<\/p>\n","protected":false},"author":5,"featured_media":27305,"comment_status":"closed","ping_status":"closed","sticky":false,"template":"","format":"standard","meta":{"content-type":"","footnotes":""},"categories":[140],"tags":[],"class_list":["post-27323","post","type-post","status-publish","format-standard","has-post-thumbnail","hentry","category-aktualnosci"],"yoast_head":"<!-- This site is optimized with the Yoast SEO plugin v28.3 - https:\/\/yoast.com\/product\/yoast-seo-wordpress\/ -->\n<title>Synthesia obchodzi swoj\u0105 60 rocznic\u0119 na niezapomnianej uroczysto\u015bci - Synthesia<\/title>\n<meta name=\"description\" content=\"5 grudnia Synthesia Technology \u015bwi\u0119towa\u0142a swoj\u0105 60 rocznic\u0119 podczas zebrania wszystkich pracownik\u00f3w i dzia\u0142\u00f3w.\" \/>\n<meta name=\"robots\" content=\"index, follow, max-snippet:-1, max-image-preview:large, max-video-preview:-1\" \/>\n<link rel=\"canonical\" href=\"https:\/\/www.synthesia.com\/pl\/synthesia-obchodzi-swoja-60-rocznice-na-niezapomnianej-uroczystosci\/\" \/>\n<meta property=\"og:locale\" content=\"pl_PL\" \/>\n<meta property=\"og:type\" content=\"article\" \/>\n<meta property=\"og:title\" content=\"Synthesia obchodzi swoj\u0105 60 rocznic\u0119 na niezapomnianej uroczysto\u015bci - Synthesia\" \/>\n<meta property=\"og:description\" content=\"5 grudnia Synthesia Technology \u015bwi\u0119towa\u0142a swoj\u0105 60 rocznic\u0119 podczas zebrania wszystkich pracownik\u00f3w i dzia\u0142\u00f3w.\" \/>\n<meta property=\"og:url\" content=\"https:\/\/www.synthesia.com\/pl\/synthesia-obchodzi-swoja-60-rocznice-na-niezapomnianej-uroczystosci\/\" \/>\n<meta property=\"og:site_name\" content=\"Synthesia\" \/>\n<meta property=\"article:published_time\" content=\"2024-12-16T09:00:03+00:00\" \/>\n<meta property=\"article:modified_time\" content=\"2026-01-03T16:05:16+00:00\" \/>\n<meta property=\"og:image\" content=\"https:\/\/www.synthesia.com\/wp-content\/uploads\/2024\/12\/synthesia-technology-60-aniversario-01.jpg\" \/>\n\t<meta property=\"og:image:width\" content=\"2257\" \/>\n\t<meta property=\"og:image:height\" content=\"1500\" \/>\n\t<meta property=\"og:image:type\" content=\"image\/jpeg\" \/>\n<meta name=\"author\" content=\"maratum\" \/>\n<meta name=\"twitter:card\" content=\"summary_large_image\" \/>\n<meta name=\"twitter:label1\" content=\"Napisane przez\" \/>\n\t<meta name=\"twitter:data1\" content=\"maratum\" \/>\n\t<meta name=\"twitter:label2\" content=\"Szacowany czas czytania\" \/>\n\t<meta name=\"twitter:data2\" content=\"2 minuty\" \/>\n<script type=\"application\/ld+json\" class=\"yoast-schema-graph\">{\"@context\":\"https:\\\/\\\/schema.org\",\"@graph\":[{\"@type\":\"Article\",\"@id\":\"https:\\\/\\\/www.synthesia.com\\\/pl\\\/synthesia-obchodzi-swoja-60-rocznice-na-niezapomnianej-uroczystosci\\\/#article\",\"isPartOf\":{\"@id\":\"https:\\\/\\\/www.synthesia.com\\\/pl\\\/synthesia-obchodzi-swoja-60-rocznice-na-niezapomnianej-uroczystosci\\\/\"},\"author\":{\"name\":\"maratum\",\"@id\":\"https:\\\/\\\/www.synthesia.com\\\/pl\\\/#\\\/schema\\\/person\\\/d1efac9168167b1d64ec022161621e21\"},\"headline\":\"Synthesia obchodzi swoj\u0105 60 rocznic\u0119 na niezapomnianej uroczysto\u015bci\",\"datePublished\":\"2024-12-16T09:00:03+00:00\",\"dateModified\":\"2026-01-03T16:05:16+00:00\",\"mainEntityOfPage\":{\"@id\":\"https:\\\/\\\/www.synthesia.com\\\/pl\\\/synthesia-obchodzi-swoja-60-rocznice-na-niezapomnianej-uroczystosci\\\/\"},\"wordCount\":285,\"publisher\":{\"@id\":\"https:\\\/\\\/www.synthesia.com\\\/pl\\\/#organization\"},\"image\":{\"@id\":\"https:\\\/\\\/www.synthesia.com\\\/pl\\\/synthesia-obchodzi-swoja-60-rocznice-na-niezapomnianej-uroczystosci\\\/#primaryimage\"},\"thumbnailUrl\":\"https:\\\/\\\/www.synthesia.com\\\/wp-content\\\/uploads\\\/2024\\\/12\\\/synthesia-technology-60-aniversario-01.jpg\",\"articleSection\":[\"Aktualno\u015bci\"],\"inLanguage\":\"pl-PL\"},{\"@type\":\"WebPage\",\"@id\":\"https:\\\/\\\/www.synthesia.com\\\/pl\\\/synthesia-obchodzi-swoja-60-rocznice-na-niezapomnianej-uroczystosci\\\/\",\"url\":\"https:\\\/\\\/www.synthesia.com\\\/pl\\\/synthesia-obchodzi-swoja-60-rocznice-na-niezapomnianej-uroczystosci\\\/\",\"name\":\"Synthesia obchodzi swoj\u0105 60 rocznic\u0119 na niezapomnianej uroczysto\u015bci - Synthesia\",\"isPartOf\":{\"@id\":\"https:\\\/\\\/www.synthesia.com\\\/pl\\\/#website\"},\"primaryImageOfPage\":{\"@id\":\"https:\\\/\\\/www.synthesia.com\\\/pl\\\/synthesia-obchodzi-swoja-60-rocznice-na-niezapomnianej-uroczystosci\\\/#primaryimage\"},\"image\":{\"@id\":\"https:\\\/\\\/www.synthesia.com\\\/pl\\\/synthesia-obchodzi-swoja-60-rocznice-na-niezapomnianej-uroczystosci\\\/#primaryimage\"},\"thumbnailUrl\":\"https:\\\/\\\/www.synthesia.com\\\/wp-content\\\/uploads\\\/2024\\\/12\\\/synthesia-technology-60-aniversario-01.jpg\",\"datePublished\":\"2024-12-16T09:00:03+00:00\",\"dateModified\":\"2026-01-03T16:05:16+00:00\",\"description\":\"5 grudnia Synthesia Technology \u015bwi\u0119towa\u0142a swoj\u0105 60 rocznic\u0119 podczas zebrania wszystkich pracownik\u00f3w i dzia\u0142\u00f3w.\",\"breadcrumb\":{\"@id\":\"https:\\\/\\\/www.synthesia.com\\\/pl\\\/synthesia-obchodzi-swoja-60-rocznice-na-niezapomnianej-uroczystosci\\\/#breadcrumb\"},\"inLanguage\":\"pl-PL\",\"potentialAction\":[{\"@type\":\"ReadAction\",\"target\":[\"https:\\\/\\\/www.synthesia.com\\\/pl\\\/synthesia-obchodzi-swoja-60-rocznice-na-niezapomnianej-uroczystosci\\\/\"]}]},{\"@type\":\"ImageObject\",\"inLanguage\":\"pl-PL\",\"@id\":\"https:\\\/\\\/www.synthesia.com\\\/pl\\\/synthesia-obchodzi-swoja-60-rocznice-na-niezapomnianej-uroczystosci\\\/#primaryimage\",\"url\":\"https:\\\/\\\/www.synthesia.com\\\/wp-content\\\/uploads\\\/2024\\\/12\\\/synthesia-technology-60-aniversario-01.jpg\",\"contentUrl\":\"https:\\\/\\\/www.synthesia.com\\\/wp-content\\\/uploads\\\/2024\\\/12\\\/synthesia-technology-60-aniversario-01.jpg\",\"width\":2257,\"height\":1500,\"caption\":\"60 aniversario Synthesia Technology\"},{\"@type\":\"BreadcrumbList\",\"@id\":\"https:\\\/\\\/www.synthesia.com\\\/pl\\\/synthesia-obchodzi-swoja-60-rocznice-na-niezapomnianej-uroczystosci\\\/#breadcrumb\",\"itemListElement\":[{\"@type\":\"ListItem\",\"position\":1,\"name\":\"Portada\",\"item\":\"https:\\\/\\\/www.synthesia.com\\\/pl\\\/\"},{\"@type\":\"ListItem\",\"position\":2,\"name\":\"Synthesia obchodzi swoj\u0105 60 rocznic\u0119 na niezapomnianej uroczysto\u015bci\"}]},{\"@type\":\"WebSite\",\"@id\":\"https:\\\/\\\/www.synthesia.com\\\/pl\\\/#website\",\"url\":\"https:\\\/\\\/www.synthesia.com\\\/pl\\\/\",\"name\":\"Synthesia\",\"description\":\"\",\"publisher\":{\"@id\":\"https:\\\/\\\/www.synthesia.com\\\/pl\\\/#organization\"},\"potentialAction\":[{\"@type\":\"SearchAction\",\"target\":{\"@type\":\"EntryPoint\",\"urlTemplate\":\"https:\\\/\\\/www.synthesia.com\\\/pl\\\/?s={search_term_string}\"},\"query-input\":{\"@type\":\"PropertyValueSpecification\",\"valueRequired\":true,\"valueName\":\"search_term_string\"}}],\"inLanguage\":\"pl-PL\"},{\"@type\":\"Organization\",\"@id\":\"https:\\\/\\\/www.synthesia.com\\\/pl\\\/#organization\",\"name\":\"Synthesia Technology S.L.U\",\"url\":\"https:\\\/\\\/www.synthesia.com\\\/pl\\\/\",\"logo\":{\"@type\":\"ImageObject\",\"inLanguage\":\"pl-PL\",\"@id\":\"https:\\\/\\\/www.synthesia.com\\\/pl\\\/#\\\/schema\\\/logo\\\/image\\\/\",\"url\":\"https:\\\/\\\/www.synthesia.com\\\/wp-content\\\/uploads\\\/2020\\\/09\\\/cropped-synthesia-technology-logo.png\",\"contentUrl\":\"https:\\\/\\\/www.synthesia.com\\\/wp-content\\\/uploads\\\/2020\\\/09\\\/cropped-synthesia-technology-logo.png\",\"width\":198,\"height\":67,\"caption\":\"Synthesia Technology S.L.U\"},\"image\":{\"@id\":\"https:\\\/\\\/www.synthesia.com\\\/pl\\\/#\\\/schema\\\/logo\\\/image\\\/\"}},{\"@type\":\"Person\",\"@id\":\"https:\\\/\\\/www.synthesia.com\\\/pl\\\/#\\\/schema\\\/person\\\/d1efac9168167b1d64ec022161621e21\",\"name\":\"maratum\"}]}<\/script>\n<!-- \/ Yoast SEO plugin. -->","yoast_head_json":{"title":"Synthesia obchodzi swoj\u0105 60 rocznic\u0119 na niezapomnianej uroczysto\u015bci - Synthesia","description":"5 grudnia Synthesia Technology \u015bwi\u0119towa\u0142a swoj\u0105 60 rocznic\u0119 podczas zebrania wszystkich pracownik\u00f3w i dzia\u0142\u00f3w.","robots":{"index":"index","follow":"follow","max-snippet":"max-snippet:-1","max-image-preview":"max-image-preview:large","max-video-preview":"max-video-preview:-1"},"canonical":"https:\/\/www.synthesia.com\/pl\/synthesia-obchodzi-swoja-60-rocznice-na-niezapomnianej-uroczystosci\/","og_locale":"pl_PL","og_type":"article","og_title":"Synthesia obchodzi swoj\u0105 60 rocznic\u0119 na niezapomnianej uroczysto\u015bci - Synthesia","og_description":"5 grudnia Synthesia Technology \u015bwi\u0119towa\u0142a swoj\u0105 60 rocznic\u0119 podczas zebrania wszystkich pracownik\u00f3w i dzia\u0142\u00f3w.","og_url":"https:\/\/www.synthesia.com\/pl\/synthesia-obchodzi-swoja-60-rocznice-na-niezapomnianej-uroczystosci\/","og_site_name":"Synthesia","article_published_time":"2024-12-16T09:00:03+00:00","article_modified_time":"2026-01-03T16:05:16+00:00","og_image":[{"width":2257,"height":1500,"url":"https:\/\/www.synthesia.com\/wp-content\/uploads\/2024\/12\/synthesia-technology-60-aniversario-01.jpg","type":"image\/jpeg"}],"author":"maratum","twitter_card":"summary_large_image","twitter_misc":{"Napisane przez":"maratum","Szacowany czas czytania":"2 minuty"},"schema":{"@context":"https:\/\/schema.org","@graph":[{"@type":"Article","@id":"https:\/\/www.synthesia.com\/pl\/synthesia-obchodzi-swoja-60-rocznice-na-niezapomnianej-uroczystosci\/#article","isPartOf":{"@id":"https:\/\/www.synthesia.com\/pl\/synthesia-obchodzi-swoja-60-rocznice-na-niezapomnianej-uroczystosci\/"},"author":{"name":"maratum","@id":"https:\/\/www.synthesia.com\/pl\/#\/schema\/person\/d1efac9168167b1d64ec022161621e21"},"headline":"Synthesia obchodzi swoj\u0105 60 rocznic\u0119 na niezapomnianej uroczysto\u015bci","datePublished":"2024-12-16T09:00:03+00:00","dateModified":"2026-01-03T16:05:16+00:00","mainEntityOfPage":{"@id":"https:\/\/www.synthesia.com\/pl\/synthesia-obchodzi-swoja-60-rocznice-na-niezapomnianej-uroczystosci\/"},"wordCount":285,"publisher":{"@id":"https:\/\/www.synthesia.com\/pl\/#organization"},"image":{"@id":"https:\/\/www.synthesia.com\/pl\/synthesia-obchodzi-swoja-60-rocznice-na-niezapomnianej-uroczystosci\/#primaryimage"},"thumbnailUrl":"https:\/\/www.synthesia.com\/wp-content\/uploads\/2024\/12\/synthesia-technology-60-aniversario-01.jpg","articleSection":["Aktualno\u015bci"],"inLanguage":"pl-PL"},{"@type":"WebPage","@id":"https:\/\/www.synthesia.com\/pl\/synthesia-obchodzi-swoja-60-rocznice-na-niezapomnianej-uroczystosci\/","url":"https:\/\/www.synthesia.com\/pl\/synthesia-obchodzi-swoja-60-rocznice-na-niezapomnianej-uroczystosci\/","name":"Synthesia obchodzi swoj\u0105 60 rocznic\u0119 na niezapomnianej uroczysto\u015bci - Synthesia","isPartOf":{"@id":"https:\/\/www.synthesia.com\/pl\/#website"},"primaryImageOfPage":{"@id":"https:\/\/www.synthesia.com\/pl\/synthesia-obchodzi-swoja-60-rocznice-na-niezapomnianej-uroczystosci\/#primaryimage"},"image":{"@id":"https:\/\/www.synthesia.com\/pl\/synthesia-obchodzi-swoja-60-rocznice-na-niezapomnianej-uroczystosci\/#primaryimage"},"thumbnailUrl":"https:\/\/www.synthesia.com\/wp-content\/uploads\/2024\/12\/synthesia-technology-60-aniversario-01.jpg","datePublished":"2024-12-16T09:00:03+00:00","dateModified":"2026-01-03T16:05:16+00:00","description":"5 grudnia Synthesia Technology \u015bwi\u0119towa\u0142a swoj\u0105 60 rocznic\u0119 podczas zebrania wszystkich pracownik\u00f3w i dzia\u0142\u00f3w.","breadcrumb":{"@id":"https:\/\/www.synthesia.com\/pl\/synthesia-obchodzi-swoja-60-rocznice-na-niezapomnianej-uroczystosci\/#breadcrumb"},"inLanguage":"pl-PL","potentialAction":[{"@type":"ReadAction","target":["https:\/\/www.synthesia.com\/pl\/synthesia-obchodzi-swoja-60-rocznice-na-niezapomnianej-uroczystosci\/"]}]},{"@type":"ImageObject","inLanguage":"pl-PL","@id":"https:\/\/www.synthesia.com\/pl\/synthesia-obchodzi-swoja-60-rocznice-na-niezapomnianej-uroczystosci\/#primaryimage","url":"https:\/\/www.synthesia.com\/wp-content\/uploads\/2024\/12\/synthesia-technology-60-aniversario-01.jpg","contentUrl":"https:\/\/www.synthesia.com\/wp-content\/uploads\/2024\/12\/synthesia-technology-60-aniversario-01.jpg","width":2257,"height":1500,"caption":"60 aniversario Synthesia Technology"},{"@type":"BreadcrumbList","@id":"https:\/\/www.synthesia.com\/pl\/synthesia-obchodzi-swoja-60-rocznice-na-niezapomnianej-uroczystosci\/#breadcrumb","itemListElement":[{"@type":"ListItem","position":1,"name":"Portada","item":"https:\/\/www.synthesia.com\/pl\/"},{"@type":"ListItem","position":2,"name":"Synthesia obchodzi swoj\u0105 60 rocznic\u0119 na niezapomnianej uroczysto\u015bci"}]},{"@type":"WebSite","@id":"https:\/\/www.synthesia.com\/pl\/#website","url":"https:\/\/www.synthesia.com\/pl\/","name":"Synthesia","description":"","publisher":{"@id":"https:\/\/www.synthesia.com\/pl\/#organization"},"potentialAction":[{"@type":"SearchAction","target":{"@type":"EntryPoint","urlTemplate":"https:\/\/www.synthesia.com\/pl\/?s={search_term_string}"},"query-input":{"@type":"PropertyValueSpecification","valueRequired":true,"valueName":"search_term_string"}}],"inLanguage":"pl-PL"},{"@type":"Organization","@id":"https:\/\/www.synthesia.com\/pl\/#organization","name":"Synthesia Technology S.L.U","url":"https:\/\/www.synthesia.com\/pl\/","logo":{"@type":"ImageObject","inLanguage":"pl-PL","@id":"https:\/\/www.synthesia.com\/pl\/#\/schema\/logo\/image\/","url":"https:\/\/www.synthesia.com\/wp-content\/uploads\/2020\/09\/cropped-synthesia-technology-logo.png","contentUrl":"https:\/\/www.synthesia.com\/wp-content\/uploads\/2020\/09\/cropped-synthesia-technology-logo.png","width":198,"height":67,"caption":"Synthesia Technology S.L.U"},"image":{"@id":"https:\/\/www.synthesia.com\/pl\/#\/schema\/logo\/image\/"}},{"@type":"Person","@id":"https:\/\/www.synthesia.com\/pl\/#\/schema\/person\/d1efac9168167b1d64ec022161621e21","name":"maratum"}]}},"_links":{"self":[{"href":"https:\/\/www.synthesia.com\/pl\/wp-json\/wp\/v2\/posts\/27323","targetHints":{"allow":["GET"]}}],"collection":[{"href":"https:\/\/www.synthesia.com\/pl\/wp-json\/wp\/v2\/posts"}],"about":[{"href":"https:\/\/www.synthesia.com\/pl\/wp-json\/wp\/v2\/types\/post"}],"author":[{"embeddable":true,"href":"https:\/\/www.synthesia.com\/pl\/wp-json\/wp\/v2\/users\/5"}],"replies":[{"embeddable":true,"href":"https:\/\/www.synthesia.com\/pl\/wp-json\/wp\/v2\/comments?post=27323"}],"version-history":[{"count":3,"href":"https:\/\/www.synthesia.com\/pl\/wp-json\/wp\/v2\/posts\/27323\/revisions"}],"predecessor-version":[{"id":27330,"href":"https:\/\/www.synthesia.com\/pl\/wp-json\/wp\/v2\/posts\/27323\/revisions\/27330"}],"wp:featuredmedia":[{"embeddable":true,"href":"https:\/\/www.synthesia.com\/pl\/wp-json\/wp\/v2\/media\/27305"}],"wp:attachment":[{"href":"https:\/\/www.synthesia.com\/pl\/wp-json\/wp\/v2\/media?parent=27323"}],"wp:term":[{"taxonomy":"category","embeddable":true,"href":"https:\/\/www.synthesia.com\/pl\/wp-json\/wp\/v2\/categories?post=27323"},{"taxonomy":"post_tag","embeddable":true,"href":"https:\/\/www.synthesia.com\/pl\/wp-json\/wp\/v2\/tags?post=27323"}],"curies":[{"name":"wp","href":"https:\/\/api.w.org\/{rel}","templated":true}]}}