{"id":25815,"date":"2024-02-22T09:30:55","date_gmt":"2024-02-22T08:30:55","guid":{"rendered":"https:\/\/www.synthesia.com\/?p=25815"},"modified":"2026-01-03T17:05:17","modified_gmt":"2026-01-03T16:05:17","slug":"synthesia-technology-america-obchodzi-coroczne-zebranie","status":"publish","type":"post","link":"https:\/\/www.synthesia.com\/pl\/synthesia-technology-america-obchodzi-coroczne-zebranie\/","title":{"rendered":"Synthesia Technology America \u015bwi\u0119tuje swoje\u00a0Kick-off LATAM 2024"},"content":{"rendered":"<p><span style=\"font-weight: 400;\">Synthesia Technology America obchodzi\u0142a swoje coroczne zebranie\u00a0<\/span><b>Kick-off LATAM 2024\u00a0<\/b><span style=\"font-weight: 400;\">w dniach 5, 6 i 7 lutego w Panamie.<\/span><\/p>\n<p><span style=\"font-weight: 400;\">Na spotkanie przybyli wsp\u00f3\u0142pracownicy z ca\u0142ego regionu Ameryki, z dzia\u0142\u00f3w takich jak: Operacyjny, Finansowy, Handlowy, Obs\u0142ugi Klienta i Logistyki.<\/span><\/p>\n<p><img fetchpriority=\"high\" decoding=\"async\" class=\"aligncenter wp-image-25676 size-full\" src=\"https:\/\/www.synthesia.com\/wp-content\/uploads\/2024\/02\/synthesia-technology-america-celebra-su-reunion-anual-02-scaled.jpg\" alt=\"Synthesia Technology America obchodzi coroczne zebranie\" width=\"2560\" height=\"1707\" srcset=\"https:\/\/www.synthesia.com\/wp-content\/uploads\/2024\/02\/synthesia-technology-america-celebra-su-reunion-anual-02-scaled.jpg 2560w, https:\/\/www.synthesia.com\/wp-content\/uploads\/2024\/02\/synthesia-technology-america-celebra-su-reunion-anual-02-300x200.jpg 300w, https:\/\/www.synthesia.com\/wp-content\/uploads\/2024\/02\/synthesia-technology-america-celebra-su-reunion-anual-02-1024x683.jpg 1024w, https:\/\/www.synthesia.com\/wp-content\/uploads\/2024\/02\/synthesia-technology-america-celebra-su-reunion-anual-02-768x512.jpg 768w, https:\/\/www.synthesia.com\/wp-content\/uploads\/2024\/02\/synthesia-technology-america-celebra-su-reunion-anual-02-1536x1024.jpg 1536w, https:\/\/www.synthesia.com\/wp-content\/uploads\/2024\/02\/synthesia-technology-america-celebra-su-reunion-anual-02-2048x1365.jpg 2048w\" sizes=\"(max-width: 2560px) 100vw, 2560px\" \/><\/p>\n<p>&nbsp;<\/p>\n<p><span style=\"font-weight: 400;\">By\u0142 tak\u017ce obecny David Pallej\u00e0, CEO firmy Synthesia oraz Maria Jimena Tovar, Business Director LATAM, opr\u00f3cz tego pojawi\u0142 si\u0119 Llu\u00eds Ferr\u00e9, Global Finance Director, Lorena Fern\u00e1ndez, Divisional Financial Controller, Lidia Castro, HR Manager i Adri\u00e1n Pignata, Global Operations Manager.<\/span><\/p>\n<p><span style=\"font-weight: 400;\">By\u0142y to trzy dni znakomitej pracy zespo\u0142owej, gdzie analizowano wyniki minionego roku 2023 i plany na wzrost w roku 2024 w ka\u017cdym z kraj\u00f3w oraz jednostek biznesowych, wykorzystano tak\u017ce ten czas na zacie\u015bnienie wi\u0119zi pomi\u0119dzy regionami i krajami.<\/span><\/p>\n<p>&nbsp;<\/p>\n<p><span style=\"font-weight: 400;\"><img decoding=\"async\" class=\"aligncenter wp-image-25680 size-full\" src=\"https:\/\/www.synthesia.com\/wp-content\/uploads\/2024\/02\/synthesia-technology-america-celebra-su-reunion-anual-03-scaled.jpg\" alt=\"Synthesia Technology America obchodzi coroczne zebranie\" width=\"2560\" height=\"1892\" srcset=\"https:\/\/www.synthesia.com\/wp-content\/uploads\/2024\/02\/synthesia-technology-america-celebra-su-reunion-anual-03-scaled.jpg 2560w, https:\/\/www.synthesia.com\/wp-content\/uploads\/2024\/02\/synthesia-technology-america-celebra-su-reunion-anual-03-300x222.jpg 300w, https:\/\/www.synthesia.com\/wp-content\/uploads\/2024\/02\/synthesia-technology-america-celebra-su-reunion-anual-03-1024x757.jpg 1024w, https:\/\/www.synthesia.com\/wp-content\/uploads\/2024\/02\/synthesia-technology-america-celebra-su-reunion-anual-03-768x567.jpg 768w, https:\/\/www.synthesia.com\/wp-content\/uploads\/2024\/02\/synthesia-technology-america-celebra-su-reunion-anual-03-1536x1135.jpg 1536w, https:\/\/www.synthesia.com\/wp-content\/uploads\/2024\/02\/synthesia-technology-america-celebra-su-reunion-anual-03-2048x1513.jpg 2048w\" sizes=\"(max-width: 2560px) 100vw, 2560px\" \/><\/span><\/p>\n<p>&nbsp;<\/p>\n<p><span style=\"font-weight: 400;\">Przewiduje si\u0119, \u017ce rok 2024 b\u0119dzie pe\u0142en istotnych wyzwa\u0144 i wielu perspektyw wzrostowych, kt\u00f3re jako zesp\u00f3\u0142 bez w\u0105tpienia osi\u0105gniemy.<\/span><\/p>\n<p><span style=\"font-weight: 400;\">Dzi\u0119kujemy ca\u0142ej grupie za udzia\u0142 i zaanga\u017cowanie.<\/span><\/p>\n","protected":false},"excerpt":{"rendered":"<p>Synthesia Technology America obchodzi coroczne zebranie Kick-off LATAM 2024 w Panamie.<\/p>\n","protected":false},"author":5,"featured_media":25687,"comment_status":"open","ping_status":"open","sticky":false,"template":"","format":"standard","meta":{"content-type":"","footnotes":""},"categories":[140],"tags":[],"class_list":["post-25815","post","type-post","status-publish","format-standard","has-post-thumbnail","hentry","category-aktualnosci"],"yoast_head":"<!-- This site is optimized with the Yoast SEO plugin v28.3 - https:\/\/yoast.com\/product\/yoast-seo-wordpress\/ -->\n<title>Synthesia Technology America \u015bwi\u0119tuje swoje\u00a0Kick-off LATAM 2024 - Synthesia<\/title>\n<meta name=\"description\" content=\"Synthesia Technology America obchodzi\u0142a swoje coroczne zebranie\u00a0Kick-off LATAM 2024\u00a0w dniach 5, 6 i 7 lutego w Panamie.\" \/>\n<meta name=\"robots\" content=\"index, follow, max-snippet:-1, max-image-preview:large, max-video-preview:-1\" \/>\n<link rel=\"canonical\" href=\"https:\/\/www.synthesia.com\/pl\/synthesia-technology-america-obchodzi-coroczne-zebranie\/\" \/>\n<meta property=\"og:locale\" content=\"pl_PL\" \/>\n<meta property=\"og:type\" content=\"article\" \/>\n<meta property=\"og:title\" content=\"Synthesia Technology America \u015bwi\u0119tuje swoje\u00a0Kick-off LATAM 2024 - Synthesia\" \/>\n<meta property=\"og:description\" content=\"Synthesia Technology America obchodzi\u0142a swoje coroczne zebranie\u00a0Kick-off LATAM 2024\u00a0w dniach 5, 6 i 7 lutego w Panamie.\" \/>\n<meta property=\"og:url\" content=\"https:\/\/www.synthesia.com\/pl\/synthesia-technology-america-obchodzi-coroczne-zebranie\/\" \/>\n<meta property=\"og:site_name\" content=\"Synthesia\" \/>\n<meta property=\"article:published_time\" content=\"2024-02-22T08:30:55+00:00\" \/>\n<meta property=\"article:modified_time\" content=\"2026-01-03T16:05:17+00:00\" \/>\n<meta property=\"og:image\" content=\"https:\/\/www.synthesia.com\/wp-content\/uploads\/2024\/02\/synthesia-technology-america-celebra-su-reunion-anual-01-scaled.jpg\" \/>\n\t<meta property=\"og:image:width\" content=\"2560\" \/>\n\t<meta property=\"og:image:height\" content=\"1707\" \/>\n\t<meta property=\"og:image:type\" content=\"image\/jpeg\" \/>\n<meta name=\"author\" content=\"maratum\" \/>\n<meta name=\"twitter:card\" content=\"summary_large_image\" \/>\n<meta name=\"twitter:label1\" content=\"Napisane przez\" \/>\n\t<meta name=\"twitter:data1\" content=\"maratum\" \/>\n\t<meta name=\"twitter:label2\" content=\"Szacowany czas czytania\" \/>\n\t<meta name=\"twitter:data2\" content=\"2 minuty\" \/>\n<script type=\"application\/ld+json\" class=\"yoast-schema-graph\">{\"@context\":\"https:\\\/\\\/schema.org\",\"@graph\":[{\"@type\":\"Article\",\"@id\":\"https:\\\/\\\/www.synthesia.com\\\/pl\\\/synthesia-technology-america-obchodzi-coroczne-zebranie\\\/#article\",\"isPartOf\":{\"@id\":\"https:\\\/\\\/www.synthesia.com\\\/pl\\\/synthesia-technology-america-obchodzi-coroczne-zebranie\\\/\"},\"author\":{\"name\":\"maratum\",\"@id\":\"https:\\\/\\\/www.synthesia.com\\\/pl\\\/#\\\/schema\\\/person\\\/d1efac9168167b1d64ec022161621e21\"},\"headline\":\"Synthesia Technology America \u015bwi\u0119tuje swoje\u00a0Kick-off LATAM 2024\",\"datePublished\":\"2024-02-22T08:30:55+00:00\",\"dateModified\":\"2026-01-03T16:05:17+00:00\",\"mainEntityOfPage\":{\"@id\":\"https:\\\/\\\/www.synthesia.com\\\/pl\\\/synthesia-technology-america-obchodzi-coroczne-zebranie\\\/\"},\"wordCount\":171,\"commentCount\":0,\"publisher\":{\"@id\":\"https:\\\/\\\/www.synthesia.com\\\/pl\\\/#organization\"},\"image\":{\"@id\":\"https:\\\/\\\/www.synthesia.com\\\/pl\\\/synthesia-technology-america-obchodzi-coroczne-zebranie\\\/#primaryimage\"},\"thumbnailUrl\":\"https:\\\/\\\/www.synthesia.com\\\/wp-content\\\/uploads\\\/2024\\\/02\\\/synthesia-technology-america-celebra-su-reunion-anual-01-scaled.jpg\",\"articleSection\":[\"Aktualno\u015bci\"],\"inLanguage\":\"pl-PL\",\"potentialAction\":[{\"@type\":\"CommentAction\",\"name\":\"Comment\",\"target\":[\"https:\\\/\\\/www.synthesia.com\\\/pl\\\/synthesia-technology-america-obchodzi-coroczne-zebranie\\\/#respond\"]}]},{\"@type\":\"WebPage\",\"@id\":\"https:\\\/\\\/www.synthesia.com\\\/pl\\\/synthesia-technology-america-obchodzi-coroczne-zebranie\\\/\",\"url\":\"https:\\\/\\\/www.synthesia.com\\\/pl\\\/synthesia-technology-america-obchodzi-coroczne-zebranie\\\/\",\"name\":\"Synthesia Technology America \u015bwi\u0119tuje swoje\u00a0Kick-off LATAM 2024 - Synthesia\",\"isPartOf\":{\"@id\":\"https:\\\/\\\/www.synthesia.com\\\/pl\\\/#website\"},\"primaryImageOfPage\":{\"@id\":\"https:\\\/\\\/www.synthesia.com\\\/pl\\\/synthesia-technology-america-obchodzi-coroczne-zebranie\\\/#primaryimage\"},\"image\":{\"@id\":\"https:\\\/\\\/www.synthesia.com\\\/pl\\\/synthesia-technology-america-obchodzi-coroczne-zebranie\\\/#primaryimage\"},\"thumbnailUrl\":\"https:\\\/\\\/www.synthesia.com\\\/wp-content\\\/uploads\\\/2024\\\/02\\\/synthesia-technology-america-celebra-su-reunion-anual-01-scaled.jpg\",\"datePublished\":\"2024-02-22T08:30:55+00:00\",\"dateModified\":\"2026-01-03T16:05:17+00:00\",\"description\":\"Synthesia Technology America obchodzi\u0142a swoje coroczne zebranie\u00a0Kick-off LATAM 2024\u00a0w dniach 5, 6 i 7 lutego w Panamie.\",\"breadcrumb\":{\"@id\":\"https:\\\/\\\/www.synthesia.com\\\/pl\\\/synthesia-technology-america-obchodzi-coroczne-zebranie\\\/#breadcrumb\"},\"inLanguage\":\"pl-PL\",\"potentialAction\":[{\"@type\":\"ReadAction\",\"target\":[\"https:\\\/\\\/www.synthesia.com\\\/pl\\\/synthesia-technology-america-obchodzi-coroczne-zebranie\\\/\"]}]},{\"@type\":\"ImageObject\",\"inLanguage\":\"pl-PL\",\"@id\":\"https:\\\/\\\/www.synthesia.com\\\/pl\\\/synthesia-technology-america-obchodzi-coroczne-zebranie\\\/#primaryimage\",\"url\":\"https:\\\/\\\/www.synthesia.com\\\/wp-content\\\/uploads\\\/2024\\\/02\\\/synthesia-technology-america-celebra-su-reunion-anual-01-scaled.jpg\",\"contentUrl\":\"https:\\\/\\\/www.synthesia.com\\\/wp-content\\\/uploads\\\/2024\\\/02\\\/synthesia-technology-america-celebra-su-reunion-anual-01-scaled.jpg\",\"width\":2560,\"height\":1707},{\"@type\":\"BreadcrumbList\",\"@id\":\"https:\\\/\\\/www.synthesia.com\\\/pl\\\/synthesia-technology-america-obchodzi-coroczne-zebranie\\\/#breadcrumb\",\"itemListElement\":[{\"@type\":\"ListItem\",\"position\":1,\"name\":\"Portada\",\"item\":\"https:\\\/\\\/www.synthesia.com\\\/pl\\\/\"},{\"@type\":\"ListItem\",\"position\":2,\"name\":\"Synthesia Technology America \u015bwi\u0119tuje swoje\u00a0Kick-off LATAM 2024\"}]},{\"@type\":\"WebSite\",\"@id\":\"https:\\\/\\\/www.synthesia.com\\\/pl\\\/#website\",\"url\":\"https:\\\/\\\/www.synthesia.com\\\/pl\\\/\",\"name\":\"Synthesia\",\"description\":\"\",\"publisher\":{\"@id\":\"https:\\\/\\\/www.synthesia.com\\\/pl\\\/#organization\"},\"potentialAction\":[{\"@type\":\"SearchAction\",\"target\":{\"@type\":\"EntryPoint\",\"urlTemplate\":\"https:\\\/\\\/www.synthesia.com\\\/pl\\\/?s={search_term_string}\"},\"query-input\":{\"@type\":\"PropertyValueSpecification\",\"valueRequired\":true,\"valueName\":\"search_term_string\"}}],\"inLanguage\":\"pl-PL\"},{\"@type\":\"Organization\",\"@id\":\"https:\\\/\\\/www.synthesia.com\\\/pl\\\/#organization\",\"name\":\"Synthesia Technology S.L.U\",\"url\":\"https:\\\/\\\/www.synthesia.com\\\/pl\\\/\",\"logo\":{\"@type\":\"ImageObject\",\"inLanguage\":\"pl-PL\",\"@id\":\"https:\\\/\\\/www.synthesia.com\\\/pl\\\/#\\\/schema\\\/logo\\\/image\\\/\",\"url\":\"https:\\\/\\\/www.synthesia.com\\\/wp-content\\\/uploads\\\/2020\\\/09\\\/cropped-synthesia-technology-logo.png\",\"contentUrl\":\"https:\\\/\\\/www.synthesia.com\\\/wp-content\\\/uploads\\\/2020\\\/09\\\/cropped-synthesia-technology-logo.png\",\"width\":198,\"height\":67,\"caption\":\"Synthesia Technology S.L.U\"},\"image\":{\"@id\":\"https:\\\/\\\/www.synthesia.com\\\/pl\\\/#\\\/schema\\\/logo\\\/image\\\/\"}},{\"@type\":\"Person\",\"@id\":\"https:\\\/\\\/www.synthesia.com\\\/pl\\\/#\\\/schema\\\/person\\\/d1efac9168167b1d64ec022161621e21\",\"name\":\"maratum\"}]}<\/script>\n<!-- \/ Yoast SEO plugin. -->","yoast_head_json":{"title":"Synthesia Technology America \u015bwi\u0119tuje swoje\u00a0Kick-off LATAM 2024 - Synthesia","description":"Synthesia Technology America obchodzi\u0142a swoje coroczne zebranie\u00a0Kick-off LATAM 2024\u00a0w dniach 5, 6 i 7 lutego w Panamie.","robots":{"index":"index","follow":"follow","max-snippet":"max-snippet:-1","max-image-preview":"max-image-preview:large","max-video-preview":"max-video-preview:-1"},"canonical":"https:\/\/www.synthesia.com\/pl\/synthesia-technology-america-obchodzi-coroczne-zebranie\/","og_locale":"pl_PL","og_type":"article","og_title":"Synthesia Technology America \u015bwi\u0119tuje swoje\u00a0Kick-off LATAM 2024 - Synthesia","og_description":"Synthesia Technology America obchodzi\u0142a swoje coroczne zebranie\u00a0Kick-off LATAM 2024\u00a0w dniach 5, 6 i 7 lutego w Panamie.","og_url":"https:\/\/www.synthesia.com\/pl\/synthesia-technology-america-obchodzi-coroczne-zebranie\/","og_site_name":"Synthesia","article_published_time":"2024-02-22T08:30:55+00:00","article_modified_time":"2026-01-03T16:05:17+00:00","og_image":[{"width":2560,"height":1707,"url":"https:\/\/www.synthesia.com\/wp-content\/uploads\/2024\/02\/synthesia-technology-america-celebra-su-reunion-anual-01-scaled.jpg","type":"image\/jpeg"}],"author":"maratum","twitter_card":"summary_large_image","twitter_misc":{"Napisane przez":"maratum","Szacowany czas czytania":"2 minuty"},"schema":{"@context":"https:\/\/schema.org","@graph":[{"@type":"Article","@id":"https:\/\/www.synthesia.com\/pl\/synthesia-technology-america-obchodzi-coroczne-zebranie\/#article","isPartOf":{"@id":"https:\/\/www.synthesia.com\/pl\/synthesia-technology-america-obchodzi-coroczne-zebranie\/"},"author":{"name":"maratum","@id":"https:\/\/www.synthesia.com\/pl\/#\/schema\/person\/d1efac9168167b1d64ec022161621e21"},"headline":"Synthesia Technology America \u015bwi\u0119tuje swoje\u00a0Kick-off LATAM 2024","datePublished":"2024-02-22T08:30:55+00:00","dateModified":"2026-01-03T16:05:17+00:00","mainEntityOfPage":{"@id":"https:\/\/www.synthesia.com\/pl\/synthesia-technology-america-obchodzi-coroczne-zebranie\/"},"wordCount":171,"commentCount":0,"publisher":{"@id":"https:\/\/www.synthesia.com\/pl\/#organization"},"image":{"@id":"https:\/\/www.synthesia.com\/pl\/synthesia-technology-america-obchodzi-coroczne-zebranie\/#primaryimage"},"thumbnailUrl":"https:\/\/www.synthesia.com\/wp-content\/uploads\/2024\/02\/synthesia-technology-america-celebra-su-reunion-anual-01-scaled.jpg","articleSection":["Aktualno\u015bci"],"inLanguage":"pl-PL","potentialAction":[{"@type":"CommentAction","name":"Comment","target":["https:\/\/www.synthesia.com\/pl\/synthesia-technology-america-obchodzi-coroczne-zebranie\/#respond"]}]},{"@type":"WebPage","@id":"https:\/\/www.synthesia.com\/pl\/synthesia-technology-america-obchodzi-coroczne-zebranie\/","url":"https:\/\/www.synthesia.com\/pl\/synthesia-technology-america-obchodzi-coroczne-zebranie\/","name":"Synthesia Technology America \u015bwi\u0119tuje swoje\u00a0Kick-off LATAM 2024 - Synthesia","isPartOf":{"@id":"https:\/\/www.synthesia.com\/pl\/#website"},"primaryImageOfPage":{"@id":"https:\/\/www.synthesia.com\/pl\/synthesia-technology-america-obchodzi-coroczne-zebranie\/#primaryimage"},"image":{"@id":"https:\/\/www.synthesia.com\/pl\/synthesia-technology-america-obchodzi-coroczne-zebranie\/#primaryimage"},"thumbnailUrl":"https:\/\/www.synthesia.com\/wp-content\/uploads\/2024\/02\/synthesia-technology-america-celebra-su-reunion-anual-01-scaled.jpg","datePublished":"2024-02-22T08:30:55+00:00","dateModified":"2026-01-03T16:05:17+00:00","description":"Synthesia Technology America obchodzi\u0142a swoje coroczne zebranie\u00a0Kick-off LATAM 2024\u00a0w dniach 5, 6 i 7 lutego w Panamie.","breadcrumb":{"@id":"https:\/\/www.synthesia.com\/pl\/synthesia-technology-america-obchodzi-coroczne-zebranie\/#breadcrumb"},"inLanguage":"pl-PL","potentialAction":[{"@type":"ReadAction","target":["https:\/\/www.synthesia.com\/pl\/synthesia-technology-america-obchodzi-coroczne-zebranie\/"]}]},{"@type":"ImageObject","inLanguage":"pl-PL","@id":"https:\/\/www.synthesia.com\/pl\/synthesia-technology-america-obchodzi-coroczne-zebranie\/#primaryimage","url":"https:\/\/www.synthesia.com\/wp-content\/uploads\/2024\/02\/synthesia-technology-america-celebra-su-reunion-anual-01-scaled.jpg","contentUrl":"https:\/\/www.synthesia.com\/wp-content\/uploads\/2024\/02\/synthesia-technology-america-celebra-su-reunion-anual-01-scaled.jpg","width":2560,"height":1707},{"@type":"BreadcrumbList","@id":"https:\/\/www.synthesia.com\/pl\/synthesia-technology-america-obchodzi-coroczne-zebranie\/#breadcrumb","itemListElement":[{"@type":"ListItem","position":1,"name":"Portada","item":"https:\/\/www.synthesia.com\/pl\/"},{"@type":"ListItem","position":2,"name":"Synthesia Technology America \u015bwi\u0119tuje swoje\u00a0Kick-off LATAM 2024"}]},{"@type":"WebSite","@id":"https:\/\/www.synthesia.com\/pl\/#website","url":"https:\/\/www.synthesia.com\/pl\/","name":"Synthesia","description":"","publisher":{"@id":"https:\/\/www.synthesia.com\/pl\/#organization"},"potentialAction":[{"@type":"SearchAction","target":{"@type":"EntryPoint","urlTemplate":"https:\/\/www.synthesia.com\/pl\/?s={search_term_string}"},"query-input":{"@type":"PropertyValueSpecification","valueRequired":true,"valueName":"search_term_string"}}],"inLanguage":"pl-PL"},{"@type":"Organization","@id":"https:\/\/www.synthesia.com\/pl\/#organization","name":"Synthesia Technology S.L.U","url":"https:\/\/www.synthesia.com\/pl\/","logo":{"@type":"ImageObject","inLanguage":"pl-PL","@id":"https:\/\/www.synthesia.com\/pl\/#\/schema\/logo\/image\/","url":"https:\/\/www.synthesia.com\/wp-content\/uploads\/2020\/09\/cropped-synthesia-technology-logo.png","contentUrl":"https:\/\/www.synthesia.com\/wp-content\/uploads\/2020\/09\/cropped-synthesia-technology-logo.png","width":198,"height":67,"caption":"Synthesia Technology S.L.U"},"image":{"@id":"https:\/\/www.synthesia.com\/pl\/#\/schema\/logo\/image\/"}},{"@type":"Person","@id":"https:\/\/www.synthesia.com\/pl\/#\/schema\/person\/d1efac9168167b1d64ec022161621e21","name":"maratum"}]}},"_links":{"self":[{"href":"https:\/\/www.synthesia.com\/pl\/wp-json\/wp\/v2\/posts\/25815","targetHints":{"allow":["GET"]}}],"collection":[{"href":"https:\/\/www.synthesia.com\/pl\/wp-json\/wp\/v2\/posts"}],"about":[{"href":"https:\/\/www.synthesia.com\/pl\/wp-json\/wp\/v2\/types\/post"}],"author":[{"embeddable":true,"href":"https:\/\/www.synthesia.com\/pl\/wp-json\/wp\/v2\/users\/5"}],"replies":[{"embeddable":true,"href":"https:\/\/www.synthesia.com\/pl\/wp-json\/wp\/v2\/comments?post=25815"}],"version-history":[{"count":1,"href":"https:\/\/www.synthesia.com\/pl\/wp-json\/wp\/v2\/posts\/25815\/revisions"}],"predecessor-version":[{"id":25817,"href":"https:\/\/www.synthesia.com\/pl\/wp-json\/wp\/v2\/posts\/25815\/revisions\/25817"}],"wp:featuredmedia":[{"embeddable":true,"href":"https:\/\/www.synthesia.com\/pl\/wp-json\/wp\/v2\/media\/25687"}],"wp:attachment":[{"href":"https:\/\/www.synthesia.com\/pl\/wp-json\/wp\/v2\/media?parent=25815"}],"wp:term":[{"taxonomy":"category","embeddable":true,"href":"https:\/\/www.synthesia.com\/pl\/wp-json\/wp\/v2\/categories?post=25815"},{"taxonomy":"post_tag","embeddable":true,"href":"https:\/\/www.synthesia.com\/pl\/wp-json\/wp\/v2\/tags?post=25815"}],"curies":[{"name":"wp","href":"https:\/\/api.w.org\/{rel}","templated":true}]}}