{"id":22538,"date":"2023-03-10T10:58:49","date_gmt":"2023-03-10T09:58:49","guid":{"rendered":"https:\/\/www.synthesia.com\/?p=22538"},"modified":"2026-01-03T17:05:17","modified_gmt":"2026-01-03T16:05:17","slug":"synthesia-technology-america-obchodzi-swoje-coroczne-zebranie","status":"publish","type":"post","link":"https:\/\/www.synthesia.com\/pl\/synthesia-technology-america-obchodzi-swoje-coroczne-zebranie\/","title":{"rendered":"Synthesia Technology America obchodzi swoje coroczne zebranie"},"content":{"rendered":"<p>Synthesia Technology America zorganizowa\u0142a coroczne zebranie <strong>Kick-off LATAM 2023<\/strong> dnia 2 i 3 lutego w Panamie.<\/p>\n<p>Przy tej okazji spotkali si\u0119 wsp\u00f3\u0142pracownicy ca\u0142ego regionu Ameryki z r\u00f3\u017cnych departament\u00f3w: Operacyjnego, Finansowego, Handlowego, Obs\u0142ugi Klienta i Logistyki.<\/p>\n<p>Na zebraniu obecny by\u0142 David Pallej\u00e0, CEO w Synthesia Technology, Maria Jimena Tovar, Business Director LATAM, oraz Llu\u00eds Ferre, Global Finance Director i Adrian Pignata, Global Operations Manager.<\/p>\n<p>By\u0142y to dwa dni pracy zespo\u0142owej, analizy wynik\u00f3w z roku 2022 i projekt\u00f3w wzrostu w roku 2023 w ka\u017cdym z kraj\u00f3w i jednostek biznesowych, oraz zacie\u015bniania wi\u0119zi pomi\u0119dzy poszczeg\u00f3lnymi obszarami i krajami.<\/p>\n<p>Przewiduje si\u0119, \u017ce rok 2023 b\u0119dzie pe\u0142en wa\u017cnych wyzwa\u0144, ale r\u00f3wnie\u017c perspektyw wzrostu, kt\u00f3re niew\u0105tpliwie zostan\u0105 osi\u0105gni\u0119te dzi\u0119ki pracy grupowej.<\/p>\n<p>Taki rodzaj dzia\u0142a\u0144 wspomaga dynamik\u0119 pracy zespo\u0142owej wzmacniaj\u0105c relacje osobiste i zawodowe, a jednocze\u015bnie stymuluje zaanga\u017cowanie i wsp\u00f3\u0142prac\u0119.<\/p>\n","protected":false},"excerpt":{"rendered":"<p>Synthesia Technology America zorganizowa\u0142a w tym miesi\u0105cu coroczne zebranie Kick-off LATAM 2023 w Panamie.<\/p>\n","protected":false},"author":5,"featured_media":22302,"comment_status":"open","ping_status":"open","sticky":false,"template":"","format":"standard","meta":{"content-type":"","footnotes":""},"categories":[140],"tags":[],"class_list":["post-22538","post","type-post","status-publish","format-standard","has-post-thumbnail","hentry","category-aktualnosci"],"yoast_head":"<!-- This site is optimized with the Yoast SEO plugin v28.3 - https:\/\/yoast.com\/product\/yoast-seo-wordpress\/ -->\n<title>Synthesia Technology America obchodzi swoje coroczne zebranie - Synthesia<\/title>\n<meta name=\"description\" content=\"Synthesia Technology America zorganizowa\u0142a w tym miesi\u0105cu coroczne zebranie Kick-off LATAM 2023 w Panamie.\" \/>\n<meta name=\"robots\" content=\"index, follow, max-snippet:-1, max-image-preview:large, max-video-preview:-1\" \/>\n<link rel=\"canonical\" href=\"https:\/\/www.synthesia.com\/pl\/synthesia-technology-america-obchodzi-swoje-coroczne-zebranie\/\" \/>\n<meta property=\"og:locale\" content=\"pl_PL\" \/>\n<meta property=\"og:type\" content=\"article\" \/>\n<meta property=\"og:title\" content=\"Synthesia Technology America obchodzi swoje coroczne zebranie - Synthesia\" \/>\n<meta property=\"og:description\" content=\"Synthesia Technology America zorganizowa\u0142a w tym miesi\u0105cu coroczne zebranie Kick-off LATAM 2023 w Panamie.\" \/>\n<meta property=\"og:url\" content=\"https:\/\/www.synthesia.com\/pl\/synthesia-technology-america-obchodzi-swoje-coroczne-zebranie\/\" \/>\n<meta property=\"og:site_name\" content=\"Synthesia\" \/>\n<meta property=\"article:published_time\" content=\"2023-03-10T09:58:49+00:00\" \/>\n<meta property=\"article:modified_time\" content=\"2026-01-03T16:05:17+00:00\" \/>\n<meta property=\"og:image\" content=\"https:\/\/www.synthesia.com\/wp-content\/uploads\/2023\/02\/image00001-1-1.jpeg\" \/>\n\t<meta property=\"og:image:width\" content=\"1388\" \/>\n\t<meta property=\"og:image:height\" content=\"925\" \/>\n\t<meta property=\"og:image:type\" content=\"image\/jpeg\" \/>\n<meta name=\"author\" content=\"maratum\" \/>\n<meta name=\"twitter:card\" content=\"summary_large_image\" \/>\n<meta name=\"twitter:label1\" content=\"Napisane przez\" \/>\n\t<meta name=\"twitter:data1\" content=\"maratum\" \/>\n\t<meta name=\"twitter:label2\" content=\"Szacowany czas czytania\" \/>\n\t<meta name=\"twitter:data2\" content=\"1 minuta\" \/>\n<script type=\"application\/ld+json\" class=\"yoast-schema-graph\">{\"@context\":\"https:\\\/\\\/schema.org\",\"@graph\":[{\"@type\":\"Article\",\"@id\":\"https:\\\/\\\/www.synthesia.com\\\/pl\\\/synthesia-technology-america-obchodzi-swoje-coroczne-zebranie\\\/#article\",\"isPartOf\":{\"@id\":\"https:\\\/\\\/www.synthesia.com\\\/pl\\\/synthesia-technology-america-obchodzi-swoje-coroczne-zebranie\\\/\"},\"author\":{\"name\":\"maratum\",\"@id\":\"https:\\\/\\\/www.synthesia.com\\\/pl\\\/#\\\/schema\\\/person\\\/d1efac9168167b1d64ec022161621e21\"},\"headline\":\"Synthesia Technology America obchodzi swoje coroczne zebranie\",\"datePublished\":\"2023-03-10T09:58:49+00:00\",\"dateModified\":\"2026-01-03T16:05:17+00:00\",\"mainEntityOfPage\":{\"@id\":\"https:\\\/\\\/www.synthesia.com\\\/pl\\\/synthesia-technology-america-obchodzi-swoje-coroczne-zebranie\\\/\"},\"wordCount\":166,\"commentCount\":0,\"publisher\":{\"@id\":\"https:\\\/\\\/www.synthesia.com\\\/pl\\\/#organization\"},\"image\":{\"@id\":\"https:\\\/\\\/www.synthesia.com\\\/pl\\\/synthesia-technology-america-obchodzi-swoje-coroczne-zebranie\\\/#primaryimage\"},\"thumbnailUrl\":\"https:\\\/\\\/www.synthesia.com\\\/wp-content\\\/uploads\\\/2023\\\/02\\\/image00001-1-1.jpeg\",\"articleSection\":[\"Aktualno\u015bci\"],\"inLanguage\":\"pl-PL\",\"potentialAction\":[{\"@type\":\"CommentAction\",\"name\":\"Comment\",\"target\":[\"https:\\\/\\\/www.synthesia.com\\\/pl\\\/synthesia-technology-america-obchodzi-swoje-coroczne-zebranie\\\/#respond\"]}]},{\"@type\":\"WebPage\",\"@id\":\"https:\\\/\\\/www.synthesia.com\\\/pl\\\/synthesia-technology-america-obchodzi-swoje-coroczne-zebranie\\\/\",\"url\":\"https:\\\/\\\/www.synthesia.com\\\/pl\\\/synthesia-technology-america-obchodzi-swoje-coroczne-zebranie\\\/\",\"name\":\"Synthesia Technology America obchodzi swoje coroczne zebranie - Synthesia\",\"isPartOf\":{\"@id\":\"https:\\\/\\\/www.synthesia.com\\\/pl\\\/#website\"},\"primaryImageOfPage\":{\"@id\":\"https:\\\/\\\/www.synthesia.com\\\/pl\\\/synthesia-technology-america-obchodzi-swoje-coroczne-zebranie\\\/#primaryimage\"},\"image\":{\"@id\":\"https:\\\/\\\/www.synthesia.com\\\/pl\\\/synthesia-technology-america-obchodzi-swoje-coroczne-zebranie\\\/#primaryimage\"},\"thumbnailUrl\":\"https:\\\/\\\/www.synthesia.com\\\/wp-content\\\/uploads\\\/2023\\\/02\\\/image00001-1-1.jpeg\",\"datePublished\":\"2023-03-10T09:58:49+00:00\",\"dateModified\":\"2026-01-03T16:05:17+00:00\",\"description\":\"Synthesia Technology America zorganizowa\u0142a w tym miesi\u0105cu coroczne zebranie Kick-off LATAM 2023 w Panamie.\",\"breadcrumb\":{\"@id\":\"https:\\\/\\\/www.synthesia.com\\\/pl\\\/synthesia-technology-america-obchodzi-swoje-coroczne-zebranie\\\/#breadcrumb\"},\"inLanguage\":\"pl-PL\",\"potentialAction\":[{\"@type\":\"ReadAction\",\"target\":[\"https:\\\/\\\/www.synthesia.com\\\/pl\\\/synthesia-technology-america-obchodzi-swoje-coroczne-zebranie\\\/\"]}]},{\"@type\":\"ImageObject\",\"inLanguage\":\"pl-PL\",\"@id\":\"https:\\\/\\\/www.synthesia.com\\\/pl\\\/synthesia-technology-america-obchodzi-swoje-coroczne-zebranie\\\/#primaryimage\",\"url\":\"https:\\\/\\\/www.synthesia.com\\\/wp-content\\\/uploads\\\/2023\\\/02\\\/image00001-1-1.jpeg\",\"contentUrl\":\"https:\\\/\\\/www.synthesia.com\\\/wp-content\\\/uploads\\\/2023\\\/02\\\/image00001-1-1.jpeg\",\"width\":1388,\"height\":925,\"caption\":\"Synthesia Technology Am\u00e9rica celebra su reuni\u00f3n anual\"},{\"@type\":\"BreadcrumbList\",\"@id\":\"https:\\\/\\\/www.synthesia.com\\\/pl\\\/synthesia-technology-america-obchodzi-swoje-coroczne-zebranie\\\/#breadcrumb\",\"itemListElement\":[{\"@type\":\"ListItem\",\"position\":1,\"name\":\"Portada\",\"item\":\"https:\\\/\\\/www.synthesia.com\\\/pl\\\/\"},{\"@type\":\"ListItem\",\"position\":2,\"name\":\"Synthesia Technology America obchodzi swoje coroczne zebranie\"}]},{\"@type\":\"WebSite\",\"@id\":\"https:\\\/\\\/www.synthesia.com\\\/pl\\\/#website\",\"url\":\"https:\\\/\\\/www.synthesia.com\\\/pl\\\/\",\"name\":\"Synthesia\",\"description\":\"\",\"publisher\":{\"@id\":\"https:\\\/\\\/www.synthesia.com\\\/pl\\\/#organization\"},\"potentialAction\":[{\"@type\":\"SearchAction\",\"target\":{\"@type\":\"EntryPoint\",\"urlTemplate\":\"https:\\\/\\\/www.synthesia.com\\\/pl\\\/?s={search_term_string}\"},\"query-input\":{\"@type\":\"PropertyValueSpecification\",\"valueRequired\":true,\"valueName\":\"search_term_string\"}}],\"inLanguage\":\"pl-PL\"},{\"@type\":\"Organization\",\"@id\":\"https:\\\/\\\/www.synthesia.com\\\/pl\\\/#organization\",\"name\":\"Synthesia Technology S.L.U\",\"url\":\"https:\\\/\\\/www.synthesia.com\\\/pl\\\/\",\"logo\":{\"@type\":\"ImageObject\",\"inLanguage\":\"pl-PL\",\"@id\":\"https:\\\/\\\/www.synthesia.com\\\/pl\\\/#\\\/schema\\\/logo\\\/image\\\/\",\"url\":\"https:\\\/\\\/www.synthesia.com\\\/wp-content\\\/uploads\\\/2020\\\/09\\\/cropped-synthesia-technology-logo.png\",\"contentUrl\":\"https:\\\/\\\/www.synthesia.com\\\/wp-content\\\/uploads\\\/2020\\\/09\\\/cropped-synthesia-technology-logo.png\",\"width\":198,\"height\":67,\"caption\":\"Synthesia Technology S.L.U\"},\"image\":{\"@id\":\"https:\\\/\\\/www.synthesia.com\\\/pl\\\/#\\\/schema\\\/logo\\\/image\\\/\"}},{\"@type\":\"Person\",\"@id\":\"https:\\\/\\\/www.synthesia.com\\\/pl\\\/#\\\/schema\\\/person\\\/d1efac9168167b1d64ec022161621e21\",\"name\":\"maratum\"}]}<\/script>\n<!-- \/ Yoast SEO plugin. -->","yoast_head_json":{"title":"Synthesia Technology America obchodzi swoje coroczne zebranie - Synthesia","description":"Synthesia Technology America zorganizowa\u0142a w tym miesi\u0105cu coroczne zebranie Kick-off LATAM 2023 w Panamie.","robots":{"index":"index","follow":"follow","max-snippet":"max-snippet:-1","max-image-preview":"max-image-preview:large","max-video-preview":"max-video-preview:-1"},"canonical":"https:\/\/www.synthesia.com\/pl\/synthesia-technology-america-obchodzi-swoje-coroczne-zebranie\/","og_locale":"pl_PL","og_type":"article","og_title":"Synthesia Technology America obchodzi swoje coroczne zebranie - Synthesia","og_description":"Synthesia Technology America zorganizowa\u0142a w tym miesi\u0105cu coroczne zebranie Kick-off LATAM 2023 w Panamie.","og_url":"https:\/\/www.synthesia.com\/pl\/synthesia-technology-america-obchodzi-swoje-coroczne-zebranie\/","og_site_name":"Synthesia","article_published_time":"2023-03-10T09:58:49+00:00","article_modified_time":"2026-01-03T16:05:17+00:00","og_image":[{"width":1388,"height":925,"url":"https:\/\/www.synthesia.com\/wp-content\/uploads\/2023\/02\/image00001-1-1.jpeg","type":"image\/jpeg"}],"author":"maratum","twitter_card":"summary_large_image","twitter_misc":{"Napisane przez":"maratum","Szacowany czas czytania":"1 minuta"},"schema":{"@context":"https:\/\/schema.org","@graph":[{"@type":"Article","@id":"https:\/\/www.synthesia.com\/pl\/synthesia-technology-america-obchodzi-swoje-coroczne-zebranie\/#article","isPartOf":{"@id":"https:\/\/www.synthesia.com\/pl\/synthesia-technology-america-obchodzi-swoje-coroczne-zebranie\/"},"author":{"name":"maratum","@id":"https:\/\/www.synthesia.com\/pl\/#\/schema\/person\/d1efac9168167b1d64ec022161621e21"},"headline":"Synthesia Technology America obchodzi swoje coroczne zebranie","datePublished":"2023-03-10T09:58:49+00:00","dateModified":"2026-01-03T16:05:17+00:00","mainEntityOfPage":{"@id":"https:\/\/www.synthesia.com\/pl\/synthesia-technology-america-obchodzi-swoje-coroczne-zebranie\/"},"wordCount":166,"commentCount":0,"publisher":{"@id":"https:\/\/www.synthesia.com\/pl\/#organization"},"image":{"@id":"https:\/\/www.synthesia.com\/pl\/synthesia-technology-america-obchodzi-swoje-coroczne-zebranie\/#primaryimage"},"thumbnailUrl":"https:\/\/www.synthesia.com\/wp-content\/uploads\/2023\/02\/image00001-1-1.jpeg","articleSection":["Aktualno\u015bci"],"inLanguage":"pl-PL","potentialAction":[{"@type":"CommentAction","name":"Comment","target":["https:\/\/www.synthesia.com\/pl\/synthesia-technology-america-obchodzi-swoje-coroczne-zebranie\/#respond"]}]},{"@type":"WebPage","@id":"https:\/\/www.synthesia.com\/pl\/synthesia-technology-america-obchodzi-swoje-coroczne-zebranie\/","url":"https:\/\/www.synthesia.com\/pl\/synthesia-technology-america-obchodzi-swoje-coroczne-zebranie\/","name":"Synthesia Technology America obchodzi swoje coroczne zebranie - Synthesia","isPartOf":{"@id":"https:\/\/www.synthesia.com\/pl\/#website"},"primaryImageOfPage":{"@id":"https:\/\/www.synthesia.com\/pl\/synthesia-technology-america-obchodzi-swoje-coroczne-zebranie\/#primaryimage"},"image":{"@id":"https:\/\/www.synthesia.com\/pl\/synthesia-technology-america-obchodzi-swoje-coroczne-zebranie\/#primaryimage"},"thumbnailUrl":"https:\/\/www.synthesia.com\/wp-content\/uploads\/2023\/02\/image00001-1-1.jpeg","datePublished":"2023-03-10T09:58:49+00:00","dateModified":"2026-01-03T16:05:17+00:00","description":"Synthesia Technology America zorganizowa\u0142a w tym miesi\u0105cu coroczne zebranie Kick-off LATAM 2023 w Panamie.","breadcrumb":{"@id":"https:\/\/www.synthesia.com\/pl\/synthesia-technology-america-obchodzi-swoje-coroczne-zebranie\/#breadcrumb"},"inLanguage":"pl-PL","potentialAction":[{"@type":"ReadAction","target":["https:\/\/www.synthesia.com\/pl\/synthesia-technology-america-obchodzi-swoje-coroczne-zebranie\/"]}]},{"@type":"ImageObject","inLanguage":"pl-PL","@id":"https:\/\/www.synthesia.com\/pl\/synthesia-technology-america-obchodzi-swoje-coroczne-zebranie\/#primaryimage","url":"https:\/\/www.synthesia.com\/wp-content\/uploads\/2023\/02\/image00001-1-1.jpeg","contentUrl":"https:\/\/www.synthesia.com\/wp-content\/uploads\/2023\/02\/image00001-1-1.jpeg","width":1388,"height":925,"caption":"Synthesia Technology Am\u00e9rica celebra su reuni\u00f3n anual"},{"@type":"BreadcrumbList","@id":"https:\/\/www.synthesia.com\/pl\/synthesia-technology-america-obchodzi-swoje-coroczne-zebranie\/#breadcrumb","itemListElement":[{"@type":"ListItem","position":1,"name":"Portada","item":"https:\/\/www.synthesia.com\/pl\/"},{"@type":"ListItem","position":2,"name":"Synthesia Technology America obchodzi swoje coroczne zebranie"}]},{"@type":"WebSite","@id":"https:\/\/www.synthesia.com\/pl\/#website","url":"https:\/\/www.synthesia.com\/pl\/","name":"Synthesia","description":"","publisher":{"@id":"https:\/\/www.synthesia.com\/pl\/#organization"},"potentialAction":[{"@type":"SearchAction","target":{"@type":"EntryPoint","urlTemplate":"https:\/\/www.synthesia.com\/pl\/?s={search_term_string}"},"query-input":{"@type":"PropertyValueSpecification","valueRequired":true,"valueName":"search_term_string"}}],"inLanguage":"pl-PL"},{"@type":"Organization","@id":"https:\/\/www.synthesia.com\/pl\/#organization","name":"Synthesia Technology S.L.U","url":"https:\/\/www.synthesia.com\/pl\/","logo":{"@type":"ImageObject","inLanguage":"pl-PL","@id":"https:\/\/www.synthesia.com\/pl\/#\/schema\/logo\/image\/","url":"https:\/\/www.synthesia.com\/wp-content\/uploads\/2020\/09\/cropped-synthesia-technology-logo.png","contentUrl":"https:\/\/www.synthesia.com\/wp-content\/uploads\/2020\/09\/cropped-synthesia-technology-logo.png","width":198,"height":67,"caption":"Synthesia Technology S.L.U"},"image":{"@id":"https:\/\/www.synthesia.com\/pl\/#\/schema\/logo\/image\/"}},{"@type":"Person","@id":"https:\/\/www.synthesia.com\/pl\/#\/schema\/person\/d1efac9168167b1d64ec022161621e21","name":"maratum"}]}},"_links":{"self":[{"href":"https:\/\/www.synthesia.com\/pl\/wp-json\/wp\/v2\/posts\/22538","targetHints":{"allow":["GET"]}}],"collection":[{"href":"https:\/\/www.synthesia.com\/pl\/wp-json\/wp\/v2\/posts"}],"about":[{"href":"https:\/\/www.synthesia.com\/pl\/wp-json\/wp\/v2\/types\/post"}],"author":[{"embeddable":true,"href":"https:\/\/www.synthesia.com\/pl\/wp-json\/wp\/v2\/users\/5"}],"replies":[{"embeddable":true,"href":"https:\/\/www.synthesia.com\/pl\/wp-json\/wp\/v2\/comments?post=22538"}],"version-history":[{"count":1,"href":"https:\/\/www.synthesia.com\/pl\/wp-json\/wp\/v2\/posts\/22538\/revisions"}],"predecessor-version":[{"id":22541,"href":"https:\/\/www.synthesia.com\/pl\/wp-json\/wp\/v2\/posts\/22538\/revisions\/22541"}],"wp:featuredmedia":[{"embeddable":true,"href":"https:\/\/www.synthesia.com\/pl\/wp-json\/wp\/v2\/media\/22302"}],"wp:attachment":[{"href":"https:\/\/www.synthesia.com\/pl\/wp-json\/wp\/v2\/media?parent=22538"}],"wp:term":[{"taxonomy":"category","embeddable":true,"href":"https:\/\/www.synthesia.com\/pl\/wp-json\/wp\/v2\/categories?post=22538"},{"taxonomy":"post_tag","embeddable":true,"href":"https:\/\/www.synthesia.com\/pl\/wp-json\/wp\/v2\/tags?post=22538"}],"curies":[{"name":"wp","href":"https:\/\/api.w.org\/{rel}","templated":true}]}}