{"id":20083,"date":"2022-11-08T12:30:23","date_gmt":"2022-11-08T11:30:23","guid":{"rendered":"https:\/\/www.synthesia.com\/?p=20083"},"modified":"2026-01-03T17:05:17","modified_gmt":"2026-01-03T16:05:17","slug":"projekt-spoleczny-renowacja-kosciola-parafialnego-swietego-w-cartagena","status":"publish","type":"post","link":"https:\/\/www.synthesia.com\/pl\/projekt-spoleczny-renowacja-kosciola-parafialnego-swietego-w-cartagena\/","title":{"rendered":"Projekt spo\u0142eczny: Renowacja Ko\u015bcio\u0142a Parafialnego w Cartagena"},"content":{"rendered":"<p><span style=\"font-weight: 400;\">Dnia 30 wrze\u015bnia 2022 mia\u0142a miejsce uroczysto\u015b\u0107 inauguracyjna po renowacji Ko\u015bcio\u0142a Parafialnego \u015awi\u0119tego J\u00f3zefa z Leonessa, mieszcz\u0105cego si\u0119 w ubogiej dzielnicy San Jos\u00e9 de los Campanos w Cartagena (Kolumbia).\u00a0<\/span><\/p>\n<p><span style=\"font-weight: 400;\">Renowacja\u00a0 by\u0142a mo\u017cliwa dzi\u0119ki <\/span><b>Synthesia Technology Colombia<\/b><span style=\"font-weight: 400;\"> oraz <\/span><b>Kingspan Colombia<\/b><span style=\"font-weight: 400;\">, kt\u00f3re wykona\u0142y projekt zmiany starego metalowego dachu na nowy z wykorzystaniem paneli <\/span><b>KingRoof<\/b><span style=\"font-weight: 400;\"> firmy Kingspan. Panele te wykprodukowane zosta\u0142y bezpieczn\u0105dla \u015brodowiska technologi\u0105 oraz z bardziej zr\u00f3wnowa\u017conych materia\u0142\u00f3w, kt\u00f3re dzia\u0142aj\u0105 jak izolacja termiczna\u00a0 i akustyczna oraz przyczyniaj\u0105 si\u0119 do lepszej jako\u015bci \u017cycia wsp\u00f3lnoty.<\/span><\/p>\n<p><img fetchpriority=\"high\" decoding=\"async\" class=\"aligncenter wp-image-19811 size-full\" src=\"https:\/\/www.synthesia.com\/wp-content\/uploads\/2022\/10\/DSC_0837-copia-min-scaled.jpeg\" alt=\"Projekt spo\u0142eczny: Renowacja Ko\u015bcio\u0142a Parafialnego \u015awi\u0119tego J\u00f3zefa z Leonessa w Cartagena (Kolumbia)\" width=\"2560\" height=\"1707\" srcset=\"https:\/\/www.synthesia.com\/wp-content\/uploads\/2022\/10\/DSC_0837-copia-min-scaled.jpeg 2560w, https:\/\/www.synthesia.com\/wp-content\/uploads\/2022\/10\/DSC_0837-copia-min-300x200.jpeg 300w, https:\/\/www.synthesia.com\/wp-content\/uploads\/2022\/10\/DSC_0837-copia-min-1024x683.jpeg 1024w, https:\/\/www.synthesia.com\/wp-content\/uploads\/2022\/10\/DSC_0837-copia-min-768x512.jpeg 768w, https:\/\/www.synthesia.com\/wp-content\/uploads\/2022\/10\/DSC_0837-copia-min-1536x1024.jpeg 1536w, https:\/\/www.synthesia.com\/wp-content\/uploads\/2022\/10\/DSC_0837-copia-min-2048x1365.jpeg 2048w\" sizes=\"(max-width: 2560px) 100vw, 2560px\" \/><\/p>\n<p><span style=\"font-weight: 400;\">Projekt ten b\u0119dzie mia\u0142 du\u017cy wp\u0142yw na spo\u0142ecze\u0144stwo, poniewa\u017c Parafia wspomaga ponad 139 rodzin z dzielnicy, a przede wszystkim mieszkaj\u0105ce w niej dzieci. Realizuje si\u0119 projekty spo\u0142eczne, takie jak sto\u0142\u00f3wka \u201e<\/span><b>budujmy\u00a0 u\u015bmiech<\/b><span style=\"font-weight: 400;\">\u201d oraz akcje wsp\u00f3lnotowe, pocz\u0105wszy od korepetycji dla dzieci od 6 do 14 lat, a sko\u0144czywszy na wsparciu matek karmi\u0105cych. Parafia \u015awi\u0119tego J\u00f3zefa z Leonessa dzia\u0142a nie tylko jako miejsce kultu, ale tak\u017ce jest cz\u0119\u015bci\u0105 \u015brodowiska spo\u0142ecznego wsp\u00f3lnoty, miejscem spotka\u0144, kongregacji, modlitwy i wsp\u00f3lnych zaj\u0119\u0107.<\/span><\/p>\n<p><img decoding=\"async\" class=\"aligncenter wp-image-19807\" src=\"https:\/\/www.synthesia.com\/wp-content\/uploads\/2022\/10\/DSC_0741-min-scaled.jpeg\" alt=\"Projekt spo\u0142eczny: Renowacja Ko\u015bcio\u0142a Parafialnego \u015awi\u0119tego J\u00f3zefa z Leonessa w Cartagena (Kolumbia)\" width=\"2560\" height=\"1706\" srcset=\"https:\/\/www.synthesia.com\/wp-content\/uploads\/2022\/10\/DSC_0741-min-scaled.jpeg 2560w, https:\/\/www.synthesia.com\/wp-content\/uploads\/2022\/10\/DSC_0741-min-300x200.jpeg 300w, https:\/\/www.synthesia.com\/wp-content\/uploads\/2022\/10\/DSC_0741-min-1024x683.jpeg 1024w, https:\/\/www.synthesia.com\/wp-content\/uploads\/2022\/10\/DSC_0741-min-768x512.jpeg 768w, https:\/\/www.synthesia.com\/wp-content\/uploads\/2022\/10\/DSC_0741-min-1536x1024.jpeg 1536w, https:\/\/www.synthesia.com\/wp-content\/uploads\/2022\/10\/DSC_0741-min-2048x1365.jpeg 2048w\" sizes=\"(max-width: 2560px) 100vw, 2560px\" \/><\/p>\n<p><span style=\"font-weight: 400;\">Uroczysto\u015b\u0107 inauguracyjna, na kt\u00f3rej obecna by\u0142a Mar\u00eda Jimena Tovar, Business Director LATAM z firmy Synthesia oraz John Torres, Dyrektor Generalny firmy Kingspan Colombia, by\u0142a bardzo wzruszaj\u0105ca. Dzieci dzielnicy wr\u0119czy\u0142y obu reprezentantom dyplom, jako wyraz wdzi\u0119czno\u015bci, wykonano kilka uroczystych ta\u0144c\u00f3w, a proboszcz parafii pob\u0142ogos\u0142awi\u0142 budynek.<\/span><\/p>\n<p><img decoding=\"async\" class=\"aligncenter wp-image-19815\" src=\"https:\/\/www.synthesia.com\/wp-content\/uploads\/2022\/10\/Placa-agradecimiento-min.jpg\" alt=\"Projekt spo\u0142eczny: Renowacja Ko\u015bcio\u0142a Parafialnego \u015awi\u0119tego J\u00f3zefa z Leonessa w Cartagena (Kolumbia)\" width=\"2560\" height=\"1972\" srcset=\"https:\/\/www.synthesia.com\/wp-content\/uploads\/2022\/10\/Placa-agradecimiento-min.jpg 858w, https:\/\/www.synthesia.com\/wp-content\/uploads\/2022\/10\/Placa-agradecimiento-min-300x231.jpg 300w, https:\/\/www.synthesia.com\/wp-content\/uploads\/2022\/10\/Placa-agradecimiento-min-768x592.jpg 768w\" sizes=\"(max-width: 2560px) 100vw, 2560px\" \/><\/p>\n<p><span style=\"font-weight: 400;\">Tego rodzaju inicjatywy maj\u0105 ogromn\u0105 warto\u015b\u0107 w pomaganiu najbardziej potrzebuj\u0105cym wsp\u00f3lnotom, a w szczeg\u00f3lno\u015bci dzieciom, kt\u00f3re maj\u0105 szans\u0119 na lepsz\u0105 przysz\u0142o\u015b\u0107.<\/span><\/p>\n<div style=\"width: 640px;\" class=\"wp-video\"><video class=\"wp-video-shortcode\" id=\"video-20083-1\" width=\"640\" height=\"360\" preload=\"metadata\" controls=\"controls\"><source type=\"video\/mp4\" src=\"https:\/\/www.synthesia.com\/wp-content\/uploads\/videos\/video-kingspan-sanjosedeleonessa.mp4?_=1\" \/><a href=\"https:\/\/www.synthesia.com\/wp-content\/uploads\/videos\/video-kingspan-sanjosedeleonessa.mp4\">https:\/\/www.synthesia.com\/wp-content\/uploads\/videos\/video-kingspan-sanjosedeleonessa.mp4<\/a><\/video><\/div>\n","protected":false},"excerpt":{"rendered":"<p>Dnia 30 wrze\u015bnia 2022 mia\u0142a miejsce uroczysto\u015b\u0107 inauguracyjna po renowacji Ko\u015bcio\u0142a Parafialnego \u015awi\u0119tego J\u00f3zefa z Leonessa, mieszcz\u0105cego si\u0119 w ubogiej dzielnicy San Jos\u00e9 de los Campanos w Cartagena (Kolumbia).\u00a0<\/p>\n","protected":false},"author":5,"featured_media":19806,"comment_status":"open","ping_status":"open","sticky":false,"template":"","format":"standard","meta":{"content-type":"","footnotes":""},"categories":[140],"tags":[],"class_list":["post-20083","post","type-post","status-publish","format-standard","has-post-thumbnail","hentry","category-aktualnosci"],"yoast_head":"<!-- This site is optimized with the Yoast SEO plugin v28.3 - https:\/\/yoast.com\/product\/yoast-seo-wordpress\/ -->\n<title>Projekt spo\u0142eczny: Renowacja Ko\u015bcio\u0142a Parafialnego w Cartagena - Synthesia<\/title>\n<meta name=\"description\" content=\"Dnia 30 wrze\u015bnia 2022 mia\u0142a miejsce uroczysto\u015b\u0107 inauguracyjna po renowacji Ko\u015bcio\u0142a Parafialnego \u015awi\u0119tego J\u00f3zefa z Leonessa, mieszcz\u0105cego si\u0119 w ubogiej dzielnicy San Jos\u00e9 de los Campanos w Cartagena (Kolumbia).\u00a0\" \/>\n<meta name=\"robots\" content=\"index, follow, max-snippet:-1, max-image-preview:large, max-video-preview:-1\" \/>\n<link rel=\"canonical\" href=\"https:\/\/www.synthesia.com\/pl\/projekt-spoleczny-renowacja-kosciola-parafialnego-swietego-w-cartagena\/\" \/>\n<meta property=\"og:locale\" content=\"pl_PL\" \/>\n<meta property=\"og:type\" content=\"article\" \/>\n<meta property=\"og:title\" content=\"Projekt spo\u0142eczny: Renowacja Ko\u015bcio\u0142a Parafialnego w Cartagena - Synthesia\" \/>\n<meta property=\"og:description\" content=\"Dnia 30 wrze\u015bnia 2022 mia\u0142a miejsce uroczysto\u015b\u0107 inauguracyjna po renowacji Ko\u015bcio\u0142a Parafialnego \u015awi\u0119tego J\u00f3zefa z Leonessa, mieszcz\u0105cego si\u0119 w ubogiej dzielnicy San Jos\u00e9 de los Campanos w Cartagena (Kolumbia).\u00a0\" \/>\n<meta property=\"og:url\" content=\"https:\/\/www.synthesia.com\/pl\/projekt-spoleczny-renowacja-kosciola-parafialnego-swietego-w-cartagena\/\" \/>\n<meta property=\"og:site_name\" content=\"Synthesia\" \/>\n<meta property=\"article:published_time\" content=\"2022-11-08T11:30:23+00:00\" \/>\n<meta property=\"article:modified_time\" content=\"2026-01-03T16:05:17+00:00\" \/>\n<meta property=\"og:image\" content=\"https:\/\/www.synthesia.com\/wp-content\/uploads\/2022\/10\/DSC_0685-min-scaled.jpeg\" \/>\n\t<meta property=\"og:image:width\" content=\"2560\" \/>\n\t<meta property=\"og:image:height\" content=\"1707\" \/>\n\t<meta property=\"og:image:type\" content=\"image\/jpeg\" \/>\n<meta name=\"author\" content=\"maratum\" \/>\n<meta name=\"twitter:card\" content=\"summary_large_image\" \/>\n<meta name=\"twitter:label1\" content=\"Napisane przez\" \/>\n\t<meta name=\"twitter:data1\" content=\"maratum\" \/>\n\t<meta name=\"twitter:label2\" content=\"Szacowany czas czytania\" \/>\n\t<meta name=\"twitter:data2\" content=\"2 minuty\" \/>\n<script type=\"application\/ld+json\" class=\"yoast-schema-graph\">{\"@context\":\"https:\\\/\\\/schema.org\",\"@graph\":[{\"@type\":\"Article\",\"@id\":\"https:\\\/\\\/www.synthesia.com\\\/pl\\\/projekt-spoleczny-renowacja-kosciola-parafialnego-swietego-w-cartagena\\\/#article\",\"isPartOf\":{\"@id\":\"https:\\\/\\\/www.synthesia.com\\\/pl\\\/projekt-spoleczny-renowacja-kosciola-parafialnego-swietego-w-cartagena\\\/\"},\"author\":{\"name\":\"maratum\",\"@id\":\"https:\\\/\\\/www.synthesia.com\\\/pl\\\/#\\\/schema\\\/person\\\/d1efac9168167b1d64ec022161621e21\"},\"headline\":\"Projekt spo\u0142eczny: Renowacja Ko\u015bcio\u0142a Parafialnego w Cartagena\",\"datePublished\":\"2022-11-08T11:30:23+00:00\",\"dateModified\":\"2026-01-03T16:05:17+00:00\",\"mainEntityOfPage\":{\"@id\":\"https:\\\/\\\/www.synthesia.com\\\/pl\\\/projekt-spoleczny-renowacja-kosciola-parafialnego-swietego-w-cartagena\\\/\"},\"wordCount\":297,\"commentCount\":0,\"publisher\":{\"@id\":\"https:\\\/\\\/www.synthesia.com\\\/pl\\\/#organization\"},\"image\":{\"@id\":\"https:\\\/\\\/www.synthesia.com\\\/pl\\\/projekt-spoleczny-renowacja-kosciola-parafialnego-swietego-w-cartagena\\\/#primaryimage\"},\"thumbnailUrl\":\"https:\\\/\\\/www.synthesia.com\\\/wp-content\\\/uploads\\\/2022\\\/10\\\/DSC_0685-min-scaled.jpeg\",\"articleSection\":[\"Aktualno\u015bci\"],\"inLanguage\":\"pl-PL\",\"potentialAction\":[{\"@type\":\"CommentAction\",\"name\":\"Comment\",\"target\":[\"https:\\\/\\\/www.synthesia.com\\\/pl\\\/projekt-spoleczny-renowacja-kosciola-parafialnego-swietego-w-cartagena\\\/#respond\"]}]},{\"@type\":\"WebPage\",\"@id\":\"https:\\\/\\\/www.synthesia.com\\\/pl\\\/projekt-spoleczny-renowacja-kosciola-parafialnego-swietego-w-cartagena\\\/\",\"url\":\"https:\\\/\\\/www.synthesia.com\\\/pl\\\/projekt-spoleczny-renowacja-kosciola-parafialnego-swietego-w-cartagena\\\/\",\"name\":\"Projekt spo\u0142eczny: Renowacja Ko\u015bcio\u0142a Parafialnego w Cartagena - Synthesia\",\"isPartOf\":{\"@id\":\"https:\\\/\\\/www.synthesia.com\\\/pl\\\/#website\"},\"primaryImageOfPage\":{\"@id\":\"https:\\\/\\\/www.synthesia.com\\\/pl\\\/projekt-spoleczny-renowacja-kosciola-parafialnego-swietego-w-cartagena\\\/#primaryimage\"},\"image\":{\"@id\":\"https:\\\/\\\/www.synthesia.com\\\/pl\\\/projekt-spoleczny-renowacja-kosciola-parafialnego-swietego-w-cartagena\\\/#primaryimage\"},\"thumbnailUrl\":\"https:\\\/\\\/www.synthesia.com\\\/wp-content\\\/uploads\\\/2022\\\/10\\\/DSC_0685-min-scaled.jpeg\",\"datePublished\":\"2022-11-08T11:30:23+00:00\",\"dateModified\":\"2026-01-03T16:05:17+00:00\",\"description\":\"Dnia 30 wrze\u015bnia 2022 mia\u0142a miejsce uroczysto\u015b\u0107 inauguracyjna po renowacji Ko\u015bcio\u0142a Parafialnego \u015awi\u0119tego J\u00f3zefa z Leonessa, mieszcz\u0105cego si\u0119 w ubogiej dzielnicy San Jos\u00e9 de los Campanos w Cartagena (Kolumbia).\u00a0\",\"breadcrumb\":{\"@id\":\"https:\\\/\\\/www.synthesia.com\\\/pl\\\/projekt-spoleczny-renowacja-kosciola-parafialnego-swietego-w-cartagena\\\/#breadcrumb\"},\"inLanguage\":\"pl-PL\",\"potentialAction\":[{\"@type\":\"ReadAction\",\"target\":[\"https:\\\/\\\/www.synthesia.com\\\/pl\\\/projekt-spoleczny-renowacja-kosciola-parafialnego-swietego-w-cartagena\\\/\"]}]},{\"@type\":\"ImageObject\",\"inLanguage\":\"pl-PL\",\"@id\":\"https:\\\/\\\/www.synthesia.com\\\/pl\\\/projekt-spoleczny-renowacja-kosciola-parafialnego-swietego-w-cartagena\\\/#primaryimage\",\"url\":\"https:\\\/\\\/www.synthesia.com\\\/wp-content\\\/uploads\\\/2022\\\/10\\\/DSC_0685-min-scaled.jpeg\",\"contentUrl\":\"https:\\\/\\\/www.synthesia.com\\\/wp-content\\\/uploads\\\/2022\\\/10\\\/DSC_0685-min-scaled.jpeg\",\"width\":2560,\"height\":1707,\"caption\":\"Proyecto social: Renovaci\u00f3n del Sal\u00f3n Parroquial San Jos\u00e9 de Leonessa en Cartagena (Colombia)\"},{\"@type\":\"BreadcrumbList\",\"@id\":\"https:\\\/\\\/www.synthesia.com\\\/pl\\\/projekt-spoleczny-renowacja-kosciola-parafialnego-swietego-w-cartagena\\\/#breadcrumb\",\"itemListElement\":[{\"@type\":\"ListItem\",\"position\":1,\"name\":\"Portada\",\"item\":\"https:\\\/\\\/www.synthesia.com\\\/pl\\\/\"},{\"@type\":\"ListItem\",\"position\":2,\"name\":\"Projekt spo\u0142eczny: Renowacja Ko\u015bcio\u0142a Parafialnego w Cartagena\"}]},{\"@type\":\"WebSite\",\"@id\":\"https:\\\/\\\/www.synthesia.com\\\/pl\\\/#website\",\"url\":\"https:\\\/\\\/www.synthesia.com\\\/pl\\\/\",\"name\":\"Synthesia\",\"description\":\"\",\"publisher\":{\"@id\":\"https:\\\/\\\/www.synthesia.com\\\/pl\\\/#organization\"},\"potentialAction\":[{\"@type\":\"SearchAction\",\"target\":{\"@type\":\"EntryPoint\",\"urlTemplate\":\"https:\\\/\\\/www.synthesia.com\\\/pl\\\/?s={search_term_string}\"},\"query-input\":{\"@type\":\"PropertyValueSpecification\",\"valueRequired\":true,\"valueName\":\"search_term_string\"}}],\"inLanguage\":\"pl-PL\"},{\"@type\":\"Organization\",\"@id\":\"https:\\\/\\\/www.synthesia.com\\\/pl\\\/#organization\",\"name\":\"Synthesia Technology S.L.U\",\"url\":\"https:\\\/\\\/www.synthesia.com\\\/pl\\\/\",\"logo\":{\"@type\":\"ImageObject\",\"inLanguage\":\"pl-PL\",\"@id\":\"https:\\\/\\\/www.synthesia.com\\\/pl\\\/#\\\/schema\\\/logo\\\/image\\\/\",\"url\":\"https:\\\/\\\/www.synthesia.com\\\/wp-content\\\/uploads\\\/2020\\\/09\\\/cropped-synthesia-technology-logo.png\",\"contentUrl\":\"https:\\\/\\\/www.synthesia.com\\\/wp-content\\\/uploads\\\/2020\\\/09\\\/cropped-synthesia-technology-logo.png\",\"width\":198,\"height\":67,\"caption\":\"Synthesia Technology S.L.U\"},\"image\":{\"@id\":\"https:\\\/\\\/www.synthesia.com\\\/pl\\\/#\\\/schema\\\/logo\\\/image\\\/\"}},{\"@type\":\"Person\",\"@id\":\"https:\\\/\\\/www.synthesia.com\\\/pl\\\/#\\\/schema\\\/person\\\/d1efac9168167b1d64ec022161621e21\",\"name\":\"maratum\"}]}<\/script>\n<!-- \/ Yoast SEO plugin. -->","yoast_head_json":{"title":"Projekt spo\u0142eczny: Renowacja Ko\u015bcio\u0142a Parafialnego w Cartagena - Synthesia","description":"Dnia 30 wrze\u015bnia 2022 mia\u0142a miejsce uroczysto\u015b\u0107 inauguracyjna po renowacji Ko\u015bcio\u0142a Parafialnego \u015awi\u0119tego J\u00f3zefa z Leonessa, mieszcz\u0105cego si\u0119 w ubogiej dzielnicy San Jos\u00e9 de los Campanos w Cartagena (Kolumbia).\u00a0","robots":{"index":"index","follow":"follow","max-snippet":"max-snippet:-1","max-image-preview":"max-image-preview:large","max-video-preview":"max-video-preview:-1"},"canonical":"https:\/\/www.synthesia.com\/pl\/projekt-spoleczny-renowacja-kosciola-parafialnego-swietego-w-cartagena\/","og_locale":"pl_PL","og_type":"article","og_title":"Projekt spo\u0142eczny: Renowacja Ko\u015bcio\u0142a Parafialnego w Cartagena - Synthesia","og_description":"Dnia 30 wrze\u015bnia 2022 mia\u0142a miejsce uroczysto\u015b\u0107 inauguracyjna po renowacji Ko\u015bcio\u0142a Parafialnego \u015awi\u0119tego J\u00f3zefa z Leonessa, mieszcz\u0105cego si\u0119 w ubogiej dzielnicy San Jos\u00e9 de los Campanos w Cartagena (Kolumbia).\u00a0","og_url":"https:\/\/www.synthesia.com\/pl\/projekt-spoleczny-renowacja-kosciola-parafialnego-swietego-w-cartagena\/","og_site_name":"Synthesia","article_published_time":"2022-11-08T11:30:23+00:00","article_modified_time":"2026-01-03T16:05:17+00:00","og_image":[{"width":2560,"height":1707,"url":"https:\/\/www.synthesia.com\/wp-content\/uploads\/2022\/10\/DSC_0685-min-scaled.jpeg","type":"image\/jpeg"}],"author":"maratum","twitter_card":"summary_large_image","twitter_misc":{"Napisane przez":"maratum","Szacowany czas czytania":"2 minuty"},"schema":{"@context":"https:\/\/schema.org","@graph":[{"@type":"Article","@id":"https:\/\/www.synthesia.com\/pl\/projekt-spoleczny-renowacja-kosciola-parafialnego-swietego-w-cartagena\/#article","isPartOf":{"@id":"https:\/\/www.synthesia.com\/pl\/projekt-spoleczny-renowacja-kosciola-parafialnego-swietego-w-cartagena\/"},"author":{"name":"maratum","@id":"https:\/\/www.synthesia.com\/pl\/#\/schema\/person\/d1efac9168167b1d64ec022161621e21"},"headline":"Projekt spo\u0142eczny: Renowacja Ko\u015bcio\u0142a Parafialnego w Cartagena","datePublished":"2022-11-08T11:30:23+00:00","dateModified":"2026-01-03T16:05:17+00:00","mainEntityOfPage":{"@id":"https:\/\/www.synthesia.com\/pl\/projekt-spoleczny-renowacja-kosciola-parafialnego-swietego-w-cartagena\/"},"wordCount":297,"commentCount":0,"publisher":{"@id":"https:\/\/www.synthesia.com\/pl\/#organization"},"image":{"@id":"https:\/\/www.synthesia.com\/pl\/projekt-spoleczny-renowacja-kosciola-parafialnego-swietego-w-cartagena\/#primaryimage"},"thumbnailUrl":"https:\/\/www.synthesia.com\/wp-content\/uploads\/2022\/10\/DSC_0685-min-scaled.jpeg","articleSection":["Aktualno\u015bci"],"inLanguage":"pl-PL","potentialAction":[{"@type":"CommentAction","name":"Comment","target":["https:\/\/www.synthesia.com\/pl\/projekt-spoleczny-renowacja-kosciola-parafialnego-swietego-w-cartagena\/#respond"]}]},{"@type":"WebPage","@id":"https:\/\/www.synthesia.com\/pl\/projekt-spoleczny-renowacja-kosciola-parafialnego-swietego-w-cartagena\/","url":"https:\/\/www.synthesia.com\/pl\/projekt-spoleczny-renowacja-kosciola-parafialnego-swietego-w-cartagena\/","name":"Projekt spo\u0142eczny: Renowacja Ko\u015bcio\u0142a Parafialnego w Cartagena - Synthesia","isPartOf":{"@id":"https:\/\/www.synthesia.com\/pl\/#website"},"primaryImageOfPage":{"@id":"https:\/\/www.synthesia.com\/pl\/projekt-spoleczny-renowacja-kosciola-parafialnego-swietego-w-cartagena\/#primaryimage"},"image":{"@id":"https:\/\/www.synthesia.com\/pl\/projekt-spoleczny-renowacja-kosciola-parafialnego-swietego-w-cartagena\/#primaryimage"},"thumbnailUrl":"https:\/\/www.synthesia.com\/wp-content\/uploads\/2022\/10\/DSC_0685-min-scaled.jpeg","datePublished":"2022-11-08T11:30:23+00:00","dateModified":"2026-01-03T16:05:17+00:00","description":"Dnia 30 wrze\u015bnia 2022 mia\u0142a miejsce uroczysto\u015b\u0107 inauguracyjna po renowacji Ko\u015bcio\u0142a Parafialnego \u015awi\u0119tego J\u00f3zefa z Leonessa, mieszcz\u0105cego si\u0119 w ubogiej dzielnicy San Jos\u00e9 de los Campanos w Cartagena (Kolumbia).\u00a0","breadcrumb":{"@id":"https:\/\/www.synthesia.com\/pl\/projekt-spoleczny-renowacja-kosciola-parafialnego-swietego-w-cartagena\/#breadcrumb"},"inLanguage":"pl-PL","potentialAction":[{"@type":"ReadAction","target":["https:\/\/www.synthesia.com\/pl\/projekt-spoleczny-renowacja-kosciola-parafialnego-swietego-w-cartagena\/"]}]},{"@type":"ImageObject","inLanguage":"pl-PL","@id":"https:\/\/www.synthesia.com\/pl\/projekt-spoleczny-renowacja-kosciola-parafialnego-swietego-w-cartagena\/#primaryimage","url":"https:\/\/www.synthesia.com\/wp-content\/uploads\/2022\/10\/DSC_0685-min-scaled.jpeg","contentUrl":"https:\/\/www.synthesia.com\/wp-content\/uploads\/2022\/10\/DSC_0685-min-scaled.jpeg","width":2560,"height":1707,"caption":"Proyecto social: Renovaci\u00f3n del Sal\u00f3n Parroquial San Jos\u00e9 de Leonessa en Cartagena (Colombia)"},{"@type":"BreadcrumbList","@id":"https:\/\/www.synthesia.com\/pl\/projekt-spoleczny-renowacja-kosciola-parafialnego-swietego-w-cartagena\/#breadcrumb","itemListElement":[{"@type":"ListItem","position":1,"name":"Portada","item":"https:\/\/www.synthesia.com\/pl\/"},{"@type":"ListItem","position":2,"name":"Projekt spo\u0142eczny: Renowacja Ko\u015bcio\u0142a Parafialnego w Cartagena"}]},{"@type":"WebSite","@id":"https:\/\/www.synthesia.com\/pl\/#website","url":"https:\/\/www.synthesia.com\/pl\/","name":"Synthesia","description":"","publisher":{"@id":"https:\/\/www.synthesia.com\/pl\/#organization"},"potentialAction":[{"@type":"SearchAction","target":{"@type":"EntryPoint","urlTemplate":"https:\/\/www.synthesia.com\/pl\/?s={search_term_string}"},"query-input":{"@type":"PropertyValueSpecification","valueRequired":true,"valueName":"search_term_string"}}],"inLanguage":"pl-PL"},{"@type":"Organization","@id":"https:\/\/www.synthesia.com\/pl\/#organization","name":"Synthesia Technology S.L.U","url":"https:\/\/www.synthesia.com\/pl\/","logo":{"@type":"ImageObject","inLanguage":"pl-PL","@id":"https:\/\/www.synthesia.com\/pl\/#\/schema\/logo\/image\/","url":"https:\/\/www.synthesia.com\/wp-content\/uploads\/2020\/09\/cropped-synthesia-technology-logo.png","contentUrl":"https:\/\/www.synthesia.com\/wp-content\/uploads\/2020\/09\/cropped-synthesia-technology-logo.png","width":198,"height":67,"caption":"Synthesia Technology S.L.U"},"image":{"@id":"https:\/\/www.synthesia.com\/pl\/#\/schema\/logo\/image\/"}},{"@type":"Person","@id":"https:\/\/www.synthesia.com\/pl\/#\/schema\/person\/d1efac9168167b1d64ec022161621e21","name":"maratum"}]}},"_links":{"self":[{"href":"https:\/\/www.synthesia.com\/pl\/wp-json\/wp\/v2\/posts\/20083","targetHints":{"allow":["GET"]}}],"collection":[{"href":"https:\/\/www.synthesia.com\/pl\/wp-json\/wp\/v2\/posts"}],"about":[{"href":"https:\/\/www.synthesia.com\/pl\/wp-json\/wp\/v2\/types\/post"}],"author":[{"embeddable":true,"href":"https:\/\/www.synthesia.com\/pl\/wp-json\/wp\/v2\/users\/5"}],"replies":[{"embeddable":true,"href":"https:\/\/www.synthesia.com\/pl\/wp-json\/wp\/v2\/comments?post=20083"}],"version-history":[{"count":3,"href":"https:\/\/www.synthesia.com\/pl\/wp-json\/wp\/v2\/posts\/20083\/revisions"}],"predecessor-version":[{"id":20089,"href":"https:\/\/www.synthesia.com\/pl\/wp-json\/wp\/v2\/posts\/20083\/revisions\/20089"}],"wp:featuredmedia":[{"embeddable":true,"href":"https:\/\/www.synthesia.com\/pl\/wp-json\/wp\/v2\/media\/19806"}],"wp:attachment":[{"href":"https:\/\/www.synthesia.com\/pl\/wp-json\/wp\/v2\/media?parent=20083"}],"wp:term":[{"taxonomy":"category","embeddable":true,"href":"https:\/\/www.synthesia.com\/pl\/wp-json\/wp\/v2\/categories?post=20083"},{"taxonomy":"post_tag","embeddable":true,"href":"https:\/\/www.synthesia.com\/pl\/wp-json\/wp\/v2\/tags?post=20083"}],"curies":[{"name":"wp","href":"https:\/\/api.w.org\/{rel}","templated":true}]}}