{"id":17567,"date":"2022-02-24T12:18:19","date_gmt":"2022-02-24T11:18:19","guid":{"rendered":"https:\/\/www.synthesia.com\/?p=17567"},"modified":"2026-01-03T17:05:18","modified_gmt":"2026-01-03T16:05:18","slug":"synthesia-technology-w-kolumbii-obchodzi-10-lecie","status":"publish","type":"post","link":"https:\/\/www.synthesia.com\/pl\/synthesia-technology-w-kolumbii-obchodzi-10-lecie\/","title":{"rendered":"Synthesia Technology w Kolumbii obchodzi 10-lecie"},"content":{"rendered":"<p><span style=\"font-weight: 400;\">Synthesia Technology w Kolumbii \u015bwi\u0119tuje swoj\u0105 rocznic\u0119. W lutym 2022 roku mija dziesi\u0119\u0107 lat od kiedy Synthesia zainaugurowa\u0142a swoje biuro sprzeda\u017cy w Bogocie, to dekada pe\u0142na sukces\u00f3w.<\/span><\/p>\n<p><span style=\"font-weight: 400;\">Zesp\u00f3\u0142 pracownik\u00f3w Synthesia Technology Colombia, prowadzony przez Mari\u0119 Jimena Tovar, ca\u0142y czas si\u0119 powi\u0119ksza\u0142 w ci\u0105gu tych 10 lat, a\u017c osi\u0105gn\u0105\u0142 w sumie 12 os\u00f3b o szerokim do\u015bwiadczeniu zawodowym.\u00a0<\/span><\/p>\n<p><span style=\"font-weight: 400;\">Rocznic\u0119 \u015bwi\u0119towano 4 lutego w Hacienda Mantra w Bogocie, a na uroczysto\u015b\u0107 przyby\u0142o ponad 80 os\u00f3b. Na przyj\u0119ciu obecny by\u0142 nasz Dyrektor Generalny David Palleja oraz Juan Sanchez, Managing Director STA, opr\u00f3cz nich pojawili si\u0119 wsp\u00f3\u0142pracownicy i klienci z ca\u0142ego kraju.<\/span> <span style=\"font-weight: 400;\">Podczas uroczysto\u015bci podkre\u015blano, \u017ce Synthesia Colombia zako\u0144czy\u0142a rok 2021 z historycznym rekordem wynik\u00f3w oraz poczyni\u0142a powa\u017cne plany wzrostu na rok 2022.<\/span><\/p>\n<p>&nbsp;<\/p>\n<p><img fetchpriority=\"high\" decoding=\"async\" class=\"wp-image-17394 size-large aligncenter\" src=\"https:\/\/www.synthesia.com\/wp-content\/uploads\/2022\/02\/Synthesia-Technology-celebra-10-anos-en-Colombia-1024x768.jpg\" alt=\"\" width=\"800\" height=\"600\" srcset=\"https:\/\/www.synthesia.com\/wp-content\/uploads\/2022\/02\/Synthesia-Technology-celebra-10-anos-en-Colombia-1024x768.jpg 1024w, https:\/\/www.synthesia.com\/wp-content\/uploads\/2022\/02\/Synthesia-Technology-celebra-10-anos-en-Colombia-300x225.jpg 300w, https:\/\/www.synthesia.com\/wp-content\/uploads\/2022\/02\/Synthesia-Technology-celebra-10-anos-en-Colombia-768x576.jpg 768w, https:\/\/www.synthesia.com\/wp-content\/uploads\/2022\/02\/Synthesia-Technology-celebra-10-anos-en-Colombia-1536x1152.jpg 1536w, https:\/\/www.synthesia.com\/wp-content\/uploads\/2022\/02\/Synthesia-Technology-celebra-10-anos-en-Colombia-2048x1536.jpg 2048w\" sizes=\"(max-width: 800px) 100vw, 800px\" \/><\/p>\n<p>&nbsp;<\/p>\n<p><span style=\"font-weight: 400;\">Dzi\u0119kujemy ca\u0142emu zespo\u0142owi tworz\u0105cemu firm\u0119 Synthesia Colombia za po\u015bwi\u0119cenie, wsp\u00f3ln\u0105 prac\u0119 i codzienne oddanie, kt\u00f3re doprowadzi\u0142o do wzmocnienia firmy Synthesia na rynku kolumbijskim, jako jednej z wiod\u0105cych firm w swoim sektorze.<\/span><\/p>\n<p><span style=\"font-weight: 400;\">I oczywi\u015bcie najszczersze podzi\u0119kowania kierujemy do naszych klient\u00f3w i partner\u00f3w handlowych, kt\u00f3rzy uwierzyli i zaufali firmie Synthesia Colombia, wzrastaj\u0105c wsp\u00f3lnie z nami w ci\u0105gu tej dekady.<\/span><\/p>\n<p><span style=\"font-weight: 400;\">Gratulujemy tych dziesi\u0119ciu lat i \u017cyczymy sukces\u00f3w w kolejnych dekadach z tak\u0105 sam\u0105 si\u0142\u0105 i powodzeniem!\u00a0<\/span><\/p>\n<p>&nbsp;<\/p>\n<p><img decoding=\"async\" class=\"wp-image-17402 size-large aligncenter\" src=\"https:\/\/www.synthesia.com\/wp-content\/uploads\/2022\/02\/Synthesia-Technology-celebra-10-anos-en-Colombia-3-1024x1014.jpg\" alt=\"\" width=\"800\" height=\"792\" srcset=\"https:\/\/www.synthesia.com\/wp-content\/uploads\/2022\/02\/Synthesia-Technology-celebra-10-anos-en-Colombia-3-1024x1014.jpg 1024w, https:\/\/www.synthesia.com\/wp-content\/uploads\/2022\/02\/Synthesia-Technology-celebra-10-anos-en-Colombia-3-300x297.jpg 300w, https:\/\/www.synthesia.com\/wp-content\/uploads\/2022\/02\/Synthesia-Technology-celebra-10-anos-en-Colombia-3-150x150.jpg 150w, https:\/\/www.synthesia.com\/wp-content\/uploads\/2022\/02\/Synthesia-Technology-celebra-10-anos-en-Colombia-3-768x760.jpg 768w, https:\/\/www.synthesia.com\/wp-content\/uploads\/2022\/02\/Synthesia-Technology-celebra-10-anos-en-Colombia-3-1536x1521.jpg 1536w, https:\/\/www.synthesia.com\/wp-content\/uploads\/2022\/02\/Synthesia-Technology-celebra-10-anos-en-Colombia-3-2048x2028.jpg 2048w\" sizes=\"(max-width: 800px) 100vw, 800px\" \/><\/p>\n","protected":false},"excerpt":{"rendered":"<p>Synthesia Technology w Kolumbii \u015bwi\u0119tuje rocznic\u0119. W lutym 2022 roku mija dziesi\u0119\u0107 lat pe\u0142nych sukcesu od kiedy zainaugurowa\u0142a swoje biuro sprzeda\u017cy w Bogocie.<\/p>\n","protected":false},"author":5,"featured_media":17406,"comment_status":"open","ping_status":"open","sticky":false,"template":"","format":"standard","meta":{"content-type":"","footnotes":""},"categories":[140],"tags":[],"class_list":["post-17567","post","type-post","status-publish","format-standard","has-post-thumbnail","hentry","category-aktualnosci"],"yoast_head":"<!-- This site is optimized with the Yoast SEO plugin v28.3 - https:\/\/yoast.com\/product\/yoast-seo-wordpress\/ -->\n<title>Synthesia Technology w Kolumbii obchodzi 10-lecie - Synthesia<\/title>\n<meta name=\"robots\" content=\"index, follow, max-snippet:-1, max-image-preview:large, max-video-preview:-1\" \/>\n<link rel=\"canonical\" href=\"https:\/\/www.synthesia.com\/pl\/synthesia-technology-w-kolumbii-obchodzi-10-lecie\/\" \/>\n<meta property=\"og:locale\" content=\"pl_PL\" \/>\n<meta property=\"og:type\" content=\"article\" \/>\n<meta property=\"og:title\" content=\"Synthesia Technology w Kolumbii obchodzi 10-lecie - Synthesia\" \/>\n<meta property=\"og:description\" content=\"Synthesia Technology w Kolumbii \u015bwi\u0119tuje rocznic\u0119. W lutym 2022 roku mija dziesi\u0119\u0107 lat pe\u0142nych sukcesu od kiedy zainaugurowa\u0142a swoje biuro sprzeda\u017cy w Bogocie.\" \/>\n<meta property=\"og:url\" content=\"https:\/\/www.synthesia.com\/pl\/synthesia-technology-w-kolumbii-obchodzi-10-lecie\/\" \/>\n<meta property=\"og:site_name\" content=\"Synthesia\" \/>\n<meta property=\"article:published_time\" content=\"2022-02-24T11:18:19+00:00\" \/>\n<meta property=\"article:modified_time\" content=\"2026-01-03T16:05:18+00:00\" \/>\n<meta property=\"og:image\" content=\"https:\/\/www.synthesia.com\/wp-content\/uploads\/2022\/02\/Synthesia-Technology-celebra-10-anos-en-Colombia-2.jpg\" \/>\n\t<meta property=\"og:image:width\" content=\"750\" \/>\n\t<meta property=\"og:image:height\" content=\"501\" \/>\n\t<meta property=\"og:image:type\" content=\"image\/jpeg\" \/>\n<meta name=\"author\" content=\"maratum\" \/>\n<meta name=\"twitter:card\" content=\"summary_large_image\" \/>\n<meta name=\"twitter:label1\" content=\"Napisane przez\" \/>\n\t<meta name=\"twitter:data1\" content=\"maratum\" \/>\n\t<meta name=\"twitter:label2\" content=\"Szacowany czas czytania\" \/>\n\t<meta name=\"twitter:data2\" content=\"2 minuty\" \/>\n<script type=\"application\/ld+json\" class=\"yoast-schema-graph\">{\"@context\":\"https:\\\/\\\/schema.org\",\"@graph\":[{\"@type\":\"Article\",\"@id\":\"https:\\\/\\\/www.synthesia.com\\\/pl\\\/synthesia-technology-w-kolumbii-obchodzi-10-lecie\\\/#article\",\"isPartOf\":{\"@id\":\"https:\\\/\\\/www.synthesia.com\\\/pl\\\/synthesia-technology-w-kolumbii-obchodzi-10-lecie\\\/\"},\"author\":{\"name\":\"maratum\",\"@id\":\"https:\\\/\\\/www.synthesia.com\\\/pl\\\/#\\\/schema\\\/person\\\/d1efac9168167b1d64ec022161621e21\"},\"headline\":\"Synthesia Technology w Kolumbii obchodzi 10-lecie\",\"datePublished\":\"2022-02-24T11:18:19+00:00\",\"dateModified\":\"2026-01-03T16:05:18+00:00\",\"mainEntityOfPage\":{\"@id\":\"https:\\\/\\\/www.synthesia.com\\\/pl\\\/synthesia-technology-w-kolumbii-obchodzi-10-lecie\\\/\"},\"wordCount\":239,\"commentCount\":0,\"publisher\":{\"@id\":\"https:\\\/\\\/www.synthesia.com\\\/pl\\\/#organization\"},\"image\":{\"@id\":\"https:\\\/\\\/www.synthesia.com\\\/pl\\\/synthesia-technology-w-kolumbii-obchodzi-10-lecie\\\/#primaryimage\"},\"thumbnailUrl\":\"https:\\\/\\\/www.synthesia.com\\\/wp-content\\\/uploads\\\/2022\\\/02\\\/Synthesia-Technology-celebra-10-anos-en-Colombia-2.jpg\",\"articleSection\":[\"Aktualno\u015bci\"],\"inLanguage\":\"pl-PL\",\"potentialAction\":[{\"@type\":\"CommentAction\",\"name\":\"Comment\",\"target\":[\"https:\\\/\\\/www.synthesia.com\\\/pl\\\/synthesia-technology-w-kolumbii-obchodzi-10-lecie\\\/#respond\"]}]},{\"@type\":\"WebPage\",\"@id\":\"https:\\\/\\\/www.synthesia.com\\\/pl\\\/synthesia-technology-w-kolumbii-obchodzi-10-lecie\\\/\",\"url\":\"https:\\\/\\\/www.synthesia.com\\\/pl\\\/synthesia-technology-w-kolumbii-obchodzi-10-lecie\\\/\",\"name\":\"Synthesia Technology w Kolumbii obchodzi 10-lecie - Synthesia\",\"isPartOf\":{\"@id\":\"https:\\\/\\\/www.synthesia.com\\\/pl\\\/#website\"},\"primaryImageOfPage\":{\"@id\":\"https:\\\/\\\/www.synthesia.com\\\/pl\\\/synthesia-technology-w-kolumbii-obchodzi-10-lecie\\\/#primaryimage\"},\"image\":{\"@id\":\"https:\\\/\\\/www.synthesia.com\\\/pl\\\/synthesia-technology-w-kolumbii-obchodzi-10-lecie\\\/#primaryimage\"},\"thumbnailUrl\":\"https:\\\/\\\/www.synthesia.com\\\/wp-content\\\/uploads\\\/2022\\\/02\\\/Synthesia-Technology-celebra-10-anos-en-Colombia-2.jpg\",\"datePublished\":\"2022-02-24T11:18:19+00:00\",\"dateModified\":\"2026-01-03T16:05:18+00:00\",\"breadcrumb\":{\"@id\":\"https:\\\/\\\/www.synthesia.com\\\/pl\\\/synthesia-technology-w-kolumbii-obchodzi-10-lecie\\\/#breadcrumb\"},\"inLanguage\":\"pl-PL\",\"potentialAction\":[{\"@type\":\"ReadAction\",\"target\":[\"https:\\\/\\\/www.synthesia.com\\\/pl\\\/synthesia-technology-w-kolumbii-obchodzi-10-lecie\\\/\"]}]},{\"@type\":\"ImageObject\",\"inLanguage\":\"pl-PL\",\"@id\":\"https:\\\/\\\/www.synthesia.com\\\/pl\\\/synthesia-technology-w-kolumbii-obchodzi-10-lecie\\\/#primaryimage\",\"url\":\"https:\\\/\\\/www.synthesia.com\\\/wp-content\\\/uploads\\\/2022\\\/02\\\/Synthesia-Technology-celebra-10-anos-en-Colombia-2.jpg\",\"contentUrl\":\"https:\\\/\\\/www.synthesia.com\\\/wp-content\\\/uploads\\\/2022\\\/02\\\/Synthesia-Technology-celebra-10-anos-en-Colombia-2.jpg\",\"width\":750,\"height\":501},{\"@type\":\"BreadcrumbList\",\"@id\":\"https:\\\/\\\/www.synthesia.com\\\/pl\\\/synthesia-technology-w-kolumbii-obchodzi-10-lecie\\\/#breadcrumb\",\"itemListElement\":[{\"@type\":\"ListItem\",\"position\":1,\"name\":\"Portada\",\"item\":\"https:\\\/\\\/www.synthesia.com\\\/pl\\\/\"},{\"@type\":\"ListItem\",\"position\":2,\"name\":\"Synthesia Technology w Kolumbii obchodzi 10-lecie\"}]},{\"@type\":\"WebSite\",\"@id\":\"https:\\\/\\\/www.synthesia.com\\\/pl\\\/#website\",\"url\":\"https:\\\/\\\/www.synthesia.com\\\/pl\\\/\",\"name\":\"Synthesia\",\"description\":\"\",\"publisher\":{\"@id\":\"https:\\\/\\\/www.synthesia.com\\\/pl\\\/#organization\"},\"potentialAction\":[{\"@type\":\"SearchAction\",\"target\":{\"@type\":\"EntryPoint\",\"urlTemplate\":\"https:\\\/\\\/www.synthesia.com\\\/pl\\\/?s={search_term_string}\"},\"query-input\":{\"@type\":\"PropertyValueSpecification\",\"valueRequired\":true,\"valueName\":\"search_term_string\"}}],\"inLanguage\":\"pl-PL\"},{\"@type\":\"Organization\",\"@id\":\"https:\\\/\\\/www.synthesia.com\\\/pl\\\/#organization\",\"name\":\"Synthesia Technology S.L.U\",\"url\":\"https:\\\/\\\/www.synthesia.com\\\/pl\\\/\",\"logo\":{\"@type\":\"ImageObject\",\"inLanguage\":\"pl-PL\",\"@id\":\"https:\\\/\\\/www.synthesia.com\\\/pl\\\/#\\\/schema\\\/logo\\\/image\\\/\",\"url\":\"https:\\\/\\\/www.synthesia.com\\\/wp-content\\\/uploads\\\/2020\\\/09\\\/cropped-synthesia-technology-logo.png\",\"contentUrl\":\"https:\\\/\\\/www.synthesia.com\\\/wp-content\\\/uploads\\\/2020\\\/09\\\/cropped-synthesia-technology-logo.png\",\"width\":198,\"height\":67,\"caption\":\"Synthesia Technology S.L.U\"},\"image\":{\"@id\":\"https:\\\/\\\/www.synthesia.com\\\/pl\\\/#\\\/schema\\\/logo\\\/image\\\/\"}},{\"@type\":\"Person\",\"@id\":\"https:\\\/\\\/www.synthesia.com\\\/pl\\\/#\\\/schema\\\/person\\\/d1efac9168167b1d64ec022161621e21\",\"name\":\"maratum\"}]}<\/script>\n<!-- \/ Yoast SEO plugin. -->","yoast_head_json":{"title":"Synthesia Technology w Kolumbii obchodzi 10-lecie - Synthesia","robots":{"index":"index","follow":"follow","max-snippet":"max-snippet:-1","max-image-preview":"max-image-preview:large","max-video-preview":"max-video-preview:-1"},"canonical":"https:\/\/www.synthesia.com\/pl\/synthesia-technology-w-kolumbii-obchodzi-10-lecie\/","og_locale":"pl_PL","og_type":"article","og_title":"Synthesia Technology w Kolumbii obchodzi 10-lecie - Synthesia","og_description":"Synthesia Technology w Kolumbii \u015bwi\u0119tuje rocznic\u0119. W lutym 2022 roku mija dziesi\u0119\u0107 lat pe\u0142nych sukcesu od kiedy zainaugurowa\u0142a swoje biuro sprzeda\u017cy w Bogocie.","og_url":"https:\/\/www.synthesia.com\/pl\/synthesia-technology-w-kolumbii-obchodzi-10-lecie\/","og_site_name":"Synthesia","article_published_time":"2022-02-24T11:18:19+00:00","article_modified_time":"2026-01-03T16:05:18+00:00","og_image":[{"width":750,"height":501,"url":"https:\/\/www.synthesia.com\/wp-content\/uploads\/2022\/02\/Synthesia-Technology-celebra-10-anos-en-Colombia-2.jpg","type":"image\/jpeg"}],"author":"maratum","twitter_card":"summary_large_image","twitter_misc":{"Napisane przez":"maratum","Szacowany czas czytania":"2 minuty"},"schema":{"@context":"https:\/\/schema.org","@graph":[{"@type":"Article","@id":"https:\/\/www.synthesia.com\/pl\/synthesia-technology-w-kolumbii-obchodzi-10-lecie\/#article","isPartOf":{"@id":"https:\/\/www.synthesia.com\/pl\/synthesia-technology-w-kolumbii-obchodzi-10-lecie\/"},"author":{"name":"maratum","@id":"https:\/\/www.synthesia.com\/pl\/#\/schema\/person\/d1efac9168167b1d64ec022161621e21"},"headline":"Synthesia Technology w Kolumbii obchodzi 10-lecie","datePublished":"2022-02-24T11:18:19+00:00","dateModified":"2026-01-03T16:05:18+00:00","mainEntityOfPage":{"@id":"https:\/\/www.synthesia.com\/pl\/synthesia-technology-w-kolumbii-obchodzi-10-lecie\/"},"wordCount":239,"commentCount":0,"publisher":{"@id":"https:\/\/www.synthesia.com\/pl\/#organization"},"image":{"@id":"https:\/\/www.synthesia.com\/pl\/synthesia-technology-w-kolumbii-obchodzi-10-lecie\/#primaryimage"},"thumbnailUrl":"https:\/\/www.synthesia.com\/wp-content\/uploads\/2022\/02\/Synthesia-Technology-celebra-10-anos-en-Colombia-2.jpg","articleSection":["Aktualno\u015bci"],"inLanguage":"pl-PL","potentialAction":[{"@type":"CommentAction","name":"Comment","target":["https:\/\/www.synthesia.com\/pl\/synthesia-technology-w-kolumbii-obchodzi-10-lecie\/#respond"]}]},{"@type":"WebPage","@id":"https:\/\/www.synthesia.com\/pl\/synthesia-technology-w-kolumbii-obchodzi-10-lecie\/","url":"https:\/\/www.synthesia.com\/pl\/synthesia-technology-w-kolumbii-obchodzi-10-lecie\/","name":"Synthesia Technology w Kolumbii obchodzi 10-lecie - Synthesia","isPartOf":{"@id":"https:\/\/www.synthesia.com\/pl\/#website"},"primaryImageOfPage":{"@id":"https:\/\/www.synthesia.com\/pl\/synthesia-technology-w-kolumbii-obchodzi-10-lecie\/#primaryimage"},"image":{"@id":"https:\/\/www.synthesia.com\/pl\/synthesia-technology-w-kolumbii-obchodzi-10-lecie\/#primaryimage"},"thumbnailUrl":"https:\/\/www.synthesia.com\/wp-content\/uploads\/2022\/02\/Synthesia-Technology-celebra-10-anos-en-Colombia-2.jpg","datePublished":"2022-02-24T11:18:19+00:00","dateModified":"2026-01-03T16:05:18+00:00","breadcrumb":{"@id":"https:\/\/www.synthesia.com\/pl\/synthesia-technology-w-kolumbii-obchodzi-10-lecie\/#breadcrumb"},"inLanguage":"pl-PL","potentialAction":[{"@type":"ReadAction","target":["https:\/\/www.synthesia.com\/pl\/synthesia-technology-w-kolumbii-obchodzi-10-lecie\/"]}]},{"@type":"ImageObject","inLanguage":"pl-PL","@id":"https:\/\/www.synthesia.com\/pl\/synthesia-technology-w-kolumbii-obchodzi-10-lecie\/#primaryimage","url":"https:\/\/www.synthesia.com\/wp-content\/uploads\/2022\/02\/Synthesia-Technology-celebra-10-anos-en-Colombia-2.jpg","contentUrl":"https:\/\/www.synthesia.com\/wp-content\/uploads\/2022\/02\/Synthesia-Technology-celebra-10-anos-en-Colombia-2.jpg","width":750,"height":501},{"@type":"BreadcrumbList","@id":"https:\/\/www.synthesia.com\/pl\/synthesia-technology-w-kolumbii-obchodzi-10-lecie\/#breadcrumb","itemListElement":[{"@type":"ListItem","position":1,"name":"Portada","item":"https:\/\/www.synthesia.com\/pl\/"},{"@type":"ListItem","position":2,"name":"Synthesia Technology w Kolumbii obchodzi 10-lecie"}]},{"@type":"WebSite","@id":"https:\/\/www.synthesia.com\/pl\/#website","url":"https:\/\/www.synthesia.com\/pl\/","name":"Synthesia","description":"","publisher":{"@id":"https:\/\/www.synthesia.com\/pl\/#organization"},"potentialAction":[{"@type":"SearchAction","target":{"@type":"EntryPoint","urlTemplate":"https:\/\/www.synthesia.com\/pl\/?s={search_term_string}"},"query-input":{"@type":"PropertyValueSpecification","valueRequired":true,"valueName":"search_term_string"}}],"inLanguage":"pl-PL"},{"@type":"Organization","@id":"https:\/\/www.synthesia.com\/pl\/#organization","name":"Synthesia Technology S.L.U","url":"https:\/\/www.synthesia.com\/pl\/","logo":{"@type":"ImageObject","inLanguage":"pl-PL","@id":"https:\/\/www.synthesia.com\/pl\/#\/schema\/logo\/image\/","url":"https:\/\/www.synthesia.com\/wp-content\/uploads\/2020\/09\/cropped-synthesia-technology-logo.png","contentUrl":"https:\/\/www.synthesia.com\/wp-content\/uploads\/2020\/09\/cropped-synthesia-technology-logo.png","width":198,"height":67,"caption":"Synthesia Technology S.L.U"},"image":{"@id":"https:\/\/www.synthesia.com\/pl\/#\/schema\/logo\/image\/"}},{"@type":"Person","@id":"https:\/\/www.synthesia.com\/pl\/#\/schema\/person\/d1efac9168167b1d64ec022161621e21","name":"maratum"}]}},"_links":{"self":[{"href":"https:\/\/www.synthesia.com\/pl\/wp-json\/wp\/v2\/posts\/17567","targetHints":{"allow":["GET"]}}],"collection":[{"href":"https:\/\/www.synthesia.com\/pl\/wp-json\/wp\/v2\/posts"}],"about":[{"href":"https:\/\/www.synthesia.com\/pl\/wp-json\/wp\/v2\/types\/post"}],"author":[{"embeddable":true,"href":"https:\/\/www.synthesia.com\/pl\/wp-json\/wp\/v2\/users\/5"}],"replies":[{"embeddable":true,"href":"https:\/\/www.synthesia.com\/pl\/wp-json\/wp\/v2\/comments?post=17567"}],"version-history":[{"count":2,"href":"https:\/\/www.synthesia.com\/pl\/wp-json\/wp\/v2\/posts\/17567\/revisions"}],"predecessor-version":[{"id":18521,"href":"https:\/\/www.synthesia.com\/pl\/wp-json\/wp\/v2\/posts\/17567\/revisions\/18521"}],"wp:featuredmedia":[{"embeddable":true,"href":"https:\/\/www.synthesia.com\/pl\/wp-json\/wp\/v2\/media\/17406"}],"wp:attachment":[{"href":"https:\/\/www.synthesia.com\/pl\/wp-json\/wp\/v2\/media?parent=17567"}],"wp:term":[{"taxonomy":"category","embeddable":true,"href":"https:\/\/www.synthesia.com\/pl\/wp-json\/wp\/v2\/categories?post=17567"},{"taxonomy":"post_tag","embeddable":true,"href":"https:\/\/www.synthesia.com\/pl\/wp-json\/wp\/v2\/tags?post=17567"}],"curies":[{"name":"wp","href":"https:\/\/api.w.org\/{rel}","templated":true}]}}