{"id":15354,"date":"2021-11-25T14:01:42","date_gmt":"2021-11-25T13:01:42","guid":{"rendered":"https:\/\/www.synthesia.com\/finalizada-con-exito-la-feria-utech-2021\/"},"modified":"2026-01-03T17:05:18","modified_gmt":"2026-01-03T16:05:18","slug":"zakonczenie-targow-utech-2021","status":"publish","type":"post","link":"https:\/\/www.synthesia.com\/pl\/zakonczenie-targow-utech-2021\/","title":{"rendered":"Zako\u0144czenie targ\u00f3w UTECH 2021"},"content":{"rendered":"<p><strong>Pomimo obecnej sytuacji i ogranicze\u0144 firm\u0119 Synthesia podczas targ\u00f3w UTECH 2021 odwiedzi\u0142a bardzo du\u017ca licza uczestnik\u00f3w.<\/strong><\/p>\n<p>Targi UTECH Europe 2021, kt\u00f3re odby\u0142y si\u0119 od 16 do 18 listopada w Maastrich by\u0142y pierwszym du\u017cym wydarzeniem dla Synthesii od wybuchu pandemii.<\/p>\n<p>Firma Synthesia zaprezentowa\u0142a sw\u00f3j szeroki wachlarz produkt\u00f3w, skupiaj\u0105c si\u0119 zw\u0142aszcza na sekcjach polioli poliestrowych, wraz z ich szerok\u0105 gam\u0105 odmian prezentowanych w zale\u017cno\u015bci od w\u0142a\u015bciwo\u015bci chemicznych, funkcjonalno\u015bci, zastosowa\u0144: obudowy, kleje termotopliwe oraz pianki elastyczne i sztywne.<\/p>\n<p><img fetchpriority=\"high\" decoding=\"async\" class=\"wp-image-12265 size-full aligncenter\" src=\"https:\/\/www.synthesia.com\/wp-content\/uploads\/2021\/11\/finalizada-con-exito-la-feria-utech-2021-02.jpg\" alt=\"\" width=\"1000\" height=\"667\" srcset=\"https:\/\/www.synthesia.com\/wp-content\/uploads\/2021\/11\/finalizada-con-exito-la-feria-utech-2021-02.jpg 1000w, https:\/\/www.synthesia.com\/wp-content\/uploads\/2021\/11\/finalizada-con-exito-la-feria-utech-2021-02-300x200.jpg 300w, https:\/\/www.synthesia.com\/wp-content\/uploads\/2021\/11\/finalizada-con-exito-la-feria-utech-2021-02-768x512.jpg 768w\" sizes=\"(max-width: 1000px) 100vw, 1000px\" \/><\/p>\n<p>&nbsp;<\/p>\n<p>Nasze stoisko odzwierciedla\u0142o warto\u015bci firmy Synthesia takie jak: zr\u00f3wnowa\u017cony rozw\u00f3j, odpowiedzialno\u015b\u0107 za \u015brodowisko, zaanga\u017cowanie w rozw\u00f3j produkt\u00f3w BIO opartych o odnawialne \u017ar\u00f3d\u0142a w tym materia\u0142\u00f3w pochodzacych z recyklingu PET, kt\u00f3re s\u0105 kluczowym surowcem do produkcji syst\u00f3w izolacyjnych stosowanych w budownictwie.<\/p>\n<p>Nasza oferta jest w pe\u0142ni oparta na BIO produktach bazuj\u0105cych na kwasach i gklikolach otrzymywanych z odnawialnych \u017ar\u00f3de\u0142. Synthesia oferuje rozwi\u0105zanie \u0142\u0105cz\u0105ce surowce pochodz\u0105ce z materia\u0142\u00f3w odnawialnych, kt\u00f3rych w\u0142a\u015bciwo\u015bci mog\u0105 zosta\u0107 ulepszone, wzgl\u0119dem tradycjnej produkcji polioli poliestrowych.<\/p>\n<p>&nbsp;<\/p>\n<p><img decoding=\"async\" class=\"wp-image-12262 size-full aligncenter\" src=\"https:\/\/www.synthesia.com\/wp-content\/uploads\/2021\/11\/finalizada-con-exito-la-feria-utech-2021-03.jpg\" alt=\"\" width=\"1000\" height=\"667\" srcset=\"https:\/\/www.synthesia.com\/wp-content\/uploads\/2021\/11\/finalizada-con-exito-la-feria-utech-2021-03.jpg 1000w, https:\/\/www.synthesia.com\/wp-content\/uploads\/2021\/11\/finalizada-con-exito-la-feria-utech-2021-03-300x200.jpg 300w, https:\/\/www.synthesia.com\/wp-content\/uploads\/2021\/11\/finalizada-con-exito-la-feria-utech-2021-03-768x512.jpg 768w\" sizes=\"(max-width: 1000px) 100vw, 1000px\" \/><\/p>\n<p>&nbsp;<\/p>\n<p>Jeszcze raz, pomimo niedogodno\u015bci i restrykcji spowodowanych pandemi\u0105, Synthesia Technology pragnie podzi\u0119kowa\u0107 wszystkim Klientom, Dostawcom, i Partnerom z kt\u00f3rymi mogli\u015bmy dzieli\u0107 si\u0119 nasz\u0105 pasj\u0105 w trakcie trwania targ\u00f3w UTECH Europe 2021.<\/p>\n<p>Nasz\u0105 intencj\u0105 opr\u00f3cz prezentacji oferty, by\u0142a pomoc, i odpowied\u017a na wszystkie pytania odwiedzaj\u0105cych nasze stoisko.<\/p>\n<p>Jeszcze raz dzi\u0119kujemy i do zobaczenie w 2024 roku!<\/p>\n<p>&nbsp;<\/p>\n<p><img decoding=\"async\" class=\"wp-image-12259 size-full aligncenter\" src=\"https:\/\/www.synthesia.com\/wp-content\/uploads\/2021\/11\/finalizada-con-exito-la-feria-utech-2021-04.jpg\" alt=\"\" width=\"1000\" height=\"667\" srcset=\"https:\/\/www.synthesia.com\/wp-content\/uploads\/2021\/11\/finalizada-con-exito-la-feria-utech-2021-04.jpg 1000w, https:\/\/www.synthesia.com\/wp-content\/uploads\/2021\/11\/finalizada-con-exito-la-feria-utech-2021-04-300x200.jpg 300w, https:\/\/www.synthesia.com\/wp-content\/uploads\/2021\/11\/finalizada-con-exito-la-feria-utech-2021-04-768x512.jpg 768w\" sizes=\"(max-width: 1000px) 100vw, 1000px\" \/><\/p>\n<p>&nbsp;<\/p>\n","protected":false},"excerpt":{"rendered":"<p>Targi UTECH Europe 2021, kt\u00f3re odby\u0142y si\u0119 od 16 do 18 listopada w Maastrich by\u0142y pierwszym du\u017cym wydarzeniem dla Synthesii od wybuchu pandemii.<\/p>\n","protected":false},"author":5,"featured_media":14906,"comment_status":"open","ping_status":"open","sticky":false,"template":"","format":"standard","meta":{"content-type":"","footnotes":""},"categories":[140],"tags":[],"class_list":["post-15354","post","type-post","status-publish","format-standard","has-post-thumbnail","hentry","category-aktualnosci"],"yoast_head":"<!-- This site is optimized with the Yoast SEO plugin v28.3 - https:\/\/yoast.com\/product\/yoast-seo-wordpress\/ -->\n<title>Zako\u0144czenie targ\u00f3w UTECH 2021 - Synthesia<\/title>\n<meta name=\"description\" content=\"Targi UTECH Europe 2021, kt\u00f3re odby\u0142y si\u0119 od 16 do 18 listopada w Maastrich by\u0142y pierwszym du\u017cym wydarzeniem dla Synthesii od wybuchu pandemii.\" \/>\n<meta name=\"robots\" content=\"noindex, follow\" \/>\n<meta property=\"og:locale\" content=\"pl_PL\" \/>\n<meta property=\"og:type\" content=\"article\" \/>\n<meta property=\"og:title\" content=\"Zako\u0144czenie targ\u00f3w UTECH 2021 - Synthesia\" \/>\n<meta property=\"og:description\" content=\"Targi UTECH Europe 2021, kt\u00f3re odby\u0142y si\u0119 od 16 do 18 listopada w Maastrich by\u0142y pierwszym du\u017cym wydarzeniem dla Synthesii od wybuchu pandemii.\" \/>\n<meta property=\"og:url\" content=\"https:\/\/www.synthesia.com\/pl\/zakonczenie-targow-utech-2021\/\" \/>\n<meta property=\"og:site_name\" content=\"Synthesia\" \/>\n<meta property=\"article:published_time\" content=\"2021-11-25T13:01:42+00:00\" \/>\n<meta property=\"article:modified_time\" content=\"2026-01-03T16:05:18+00:00\" \/>\n<meta property=\"og:image\" content=\"https:\/\/www.synthesia.com\/wp-content\/uploads\/2021\/11\/finalizada-con-exito-la-feria-utech-2021-01.jpg\" \/>\n\t<meta property=\"og:image:width\" content=\"1000\" \/>\n\t<meta property=\"og:image:height\" content=\"667\" \/>\n\t<meta property=\"og:image:type\" content=\"image\/jpeg\" \/>\n<meta name=\"author\" content=\"maratum\" \/>\n<meta name=\"twitter:card\" content=\"summary_large_image\" \/>\n<meta name=\"twitter:label1\" content=\"Napisane przez\" \/>\n\t<meta name=\"twitter:data1\" content=\"maratum\" \/>\n\t<meta name=\"twitter:label2\" content=\"Szacowany czas czytania\" \/>\n\t<meta name=\"twitter:data2\" content=\"1 minuta\" \/>\n<script type=\"application\/ld+json\" class=\"yoast-schema-graph\">{\"@context\":\"https:\\\/\\\/schema.org\",\"@graph\":[{\"@type\":\"Article\",\"@id\":\"https:\\\/\\\/www.synthesia.com\\\/pl\\\/zakonczenie-targow-utech-2021\\\/#article\",\"isPartOf\":{\"@id\":\"https:\\\/\\\/www.synthesia.com\\\/pl\\\/zakonczenie-targow-utech-2021\\\/\"},\"author\":{\"name\":\"maratum\",\"@id\":\"https:\\\/\\\/www.synthesia.com\\\/pl\\\/#\\\/schema\\\/person\\\/d1efac9168167b1d64ec022161621e21\"},\"headline\":\"Zako\u0144czenie targ\u00f3w UTECH 2021\",\"datePublished\":\"2021-11-25T13:01:42+00:00\",\"dateModified\":\"2026-01-03T16:05:18+00:00\",\"mainEntityOfPage\":{\"@id\":\"https:\\\/\\\/www.synthesia.com\\\/pl\\\/zakonczenie-targow-utech-2021\\\/\"},\"wordCount\":264,\"commentCount\":0,\"publisher\":{\"@id\":\"https:\\\/\\\/www.synthesia.com\\\/pl\\\/#organization\"},\"image\":{\"@id\":\"https:\\\/\\\/www.synthesia.com\\\/pl\\\/zakonczenie-targow-utech-2021\\\/#primaryimage\"},\"thumbnailUrl\":\"https:\\\/\\\/www.synthesia.com\\\/wp-content\\\/uploads\\\/2021\\\/11\\\/finalizada-con-exito-la-feria-utech-2021-01.jpg\",\"articleSection\":[\"Aktualno\u015bci\"],\"inLanguage\":\"pl-PL\",\"potentialAction\":[{\"@type\":\"CommentAction\",\"name\":\"Comment\",\"target\":[\"https:\\\/\\\/www.synthesia.com\\\/pl\\\/zakonczenie-targow-utech-2021\\\/#respond\"]}]},{\"@type\":\"WebPage\",\"@id\":\"https:\\\/\\\/www.synthesia.com\\\/pl\\\/zakonczenie-targow-utech-2021\\\/\",\"url\":\"https:\\\/\\\/www.synthesia.com\\\/pl\\\/zakonczenie-targow-utech-2021\\\/\",\"name\":\"Zako\u0144czenie targ\u00f3w UTECH 2021 - Synthesia\",\"isPartOf\":{\"@id\":\"https:\\\/\\\/www.synthesia.com\\\/pl\\\/#website\"},\"primaryImageOfPage\":{\"@id\":\"https:\\\/\\\/www.synthesia.com\\\/pl\\\/zakonczenie-targow-utech-2021\\\/#primaryimage\"},\"image\":{\"@id\":\"https:\\\/\\\/www.synthesia.com\\\/pl\\\/zakonczenie-targow-utech-2021\\\/#primaryimage\"},\"thumbnailUrl\":\"https:\\\/\\\/www.synthesia.com\\\/wp-content\\\/uploads\\\/2021\\\/11\\\/finalizada-con-exito-la-feria-utech-2021-01.jpg\",\"datePublished\":\"2021-11-25T13:01:42+00:00\",\"dateModified\":\"2026-01-03T16:05:18+00:00\",\"description\":\"Targi UTECH Europe 2021, kt\u00f3re odby\u0142y si\u0119 od 16 do 18 listopada w Maastrich by\u0142y pierwszym du\u017cym wydarzeniem dla Synthesii od wybuchu pandemii.\",\"breadcrumb\":{\"@id\":\"https:\\\/\\\/www.synthesia.com\\\/pl\\\/zakonczenie-targow-utech-2021\\\/#breadcrumb\"},\"inLanguage\":\"pl-PL\",\"potentialAction\":[{\"@type\":\"ReadAction\",\"target\":[\"https:\\\/\\\/www.synthesia.com\\\/pl\\\/zakonczenie-targow-utech-2021\\\/\"]}]},{\"@type\":\"ImageObject\",\"inLanguage\":\"pl-PL\",\"@id\":\"https:\\\/\\\/www.synthesia.com\\\/pl\\\/zakonczenie-targow-utech-2021\\\/#primaryimage\",\"url\":\"https:\\\/\\\/www.synthesia.com\\\/wp-content\\\/uploads\\\/2021\\\/11\\\/finalizada-con-exito-la-feria-utech-2021-01.jpg\",\"contentUrl\":\"https:\\\/\\\/www.synthesia.com\\\/wp-content\\\/uploads\\\/2021\\\/11\\\/finalizada-con-exito-la-feria-utech-2021-01.jpg\",\"width\":1000,\"height\":667},{\"@type\":\"BreadcrumbList\",\"@id\":\"https:\\\/\\\/www.synthesia.com\\\/pl\\\/zakonczenie-targow-utech-2021\\\/#breadcrumb\",\"itemListElement\":[{\"@type\":\"ListItem\",\"position\":1,\"name\":\"Portada\",\"item\":\"https:\\\/\\\/www.synthesia.com\\\/pl\\\/\"},{\"@type\":\"ListItem\",\"position\":2,\"name\":\"Zako\u0144czenie targ\u00f3w UTECH 2021\"}]},{\"@type\":\"WebSite\",\"@id\":\"https:\\\/\\\/www.synthesia.com\\\/pl\\\/#website\",\"url\":\"https:\\\/\\\/www.synthesia.com\\\/pl\\\/\",\"name\":\"Synthesia\",\"description\":\"\",\"publisher\":{\"@id\":\"https:\\\/\\\/www.synthesia.com\\\/pl\\\/#organization\"},\"potentialAction\":[{\"@type\":\"SearchAction\",\"target\":{\"@type\":\"EntryPoint\",\"urlTemplate\":\"https:\\\/\\\/www.synthesia.com\\\/pl\\\/?s={search_term_string}\"},\"query-input\":{\"@type\":\"PropertyValueSpecification\",\"valueRequired\":true,\"valueName\":\"search_term_string\"}}],\"inLanguage\":\"pl-PL\"},{\"@type\":\"Organization\",\"@id\":\"https:\\\/\\\/www.synthesia.com\\\/pl\\\/#organization\",\"name\":\"Synthesia Technology S.L.U\",\"url\":\"https:\\\/\\\/www.synthesia.com\\\/pl\\\/\",\"logo\":{\"@type\":\"ImageObject\",\"inLanguage\":\"pl-PL\",\"@id\":\"https:\\\/\\\/www.synthesia.com\\\/pl\\\/#\\\/schema\\\/logo\\\/image\\\/\",\"url\":\"https:\\\/\\\/www.synthesia.com\\\/wp-content\\\/uploads\\\/2020\\\/09\\\/cropped-synthesia-technology-logo.png\",\"contentUrl\":\"https:\\\/\\\/www.synthesia.com\\\/wp-content\\\/uploads\\\/2020\\\/09\\\/cropped-synthesia-technology-logo.png\",\"width\":198,\"height\":67,\"caption\":\"Synthesia Technology S.L.U\"},\"image\":{\"@id\":\"https:\\\/\\\/www.synthesia.com\\\/pl\\\/#\\\/schema\\\/logo\\\/image\\\/\"}},{\"@type\":\"Person\",\"@id\":\"https:\\\/\\\/www.synthesia.com\\\/pl\\\/#\\\/schema\\\/person\\\/d1efac9168167b1d64ec022161621e21\",\"name\":\"maratum\"}]}<\/script>\n<!-- \/ Yoast SEO plugin. -->","yoast_head_json":{"title":"Zako\u0144czenie targ\u00f3w UTECH 2021 - Synthesia","description":"Targi UTECH Europe 2021, kt\u00f3re odby\u0142y si\u0119 od 16 do 18 listopada w Maastrich by\u0142y pierwszym du\u017cym wydarzeniem dla Synthesii od wybuchu pandemii.","robots":{"index":"noindex","follow":"follow"},"og_locale":"pl_PL","og_type":"article","og_title":"Zako\u0144czenie targ\u00f3w UTECH 2021 - Synthesia","og_description":"Targi UTECH Europe 2021, kt\u00f3re odby\u0142y si\u0119 od 16 do 18 listopada w Maastrich by\u0142y pierwszym du\u017cym wydarzeniem dla Synthesii od wybuchu pandemii.","og_url":"https:\/\/www.synthesia.com\/pl\/zakonczenie-targow-utech-2021\/","og_site_name":"Synthesia","article_published_time":"2021-11-25T13:01:42+00:00","article_modified_time":"2026-01-03T16:05:18+00:00","og_image":[{"width":1000,"height":667,"url":"https:\/\/www.synthesia.com\/wp-content\/uploads\/2021\/11\/finalizada-con-exito-la-feria-utech-2021-01.jpg","type":"image\/jpeg"}],"author":"maratum","twitter_card":"summary_large_image","twitter_misc":{"Napisane przez":"maratum","Szacowany czas czytania":"1 minuta"},"schema":{"@context":"https:\/\/schema.org","@graph":[{"@type":"Article","@id":"https:\/\/www.synthesia.com\/pl\/zakonczenie-targow-utech-2021\/#article","isPartOf":{"@id":"https:\/\/www.synthesia.com\/pl\/zakonczenie-targow-utech-2021\/"},"author":{"name":"maratum","@id":"https:\/\/www.synthesia.com\/pl\/#\/schema\/person\/d1efac9168167b1d64ec022161621e21"},"headline":"Zako\u0144czenie targ\u00f3w UTECH 2021","datePublished":"2021-11-25T13:01:42+00:00","dateModified":"2026-01-03T16:05:18+00:00","mainEntityOfPage":{"@id":"https:\/\/www.synthesia.com\/pl\/zakonczenie-targow-utech-2021\/"},"wordCount":264,"commentCount":0,"publisher":{"@id":"https:\/\/www.synthesia.com\/pl\/#organization"},"image":{"@id":"https:\/\/www.synthesia.com\/pl\/zakonczenie-targow-utech-2021\/#primaryimage"},"thumbnailUrl":"https:\/\/www.synthesia.com\/wp-content\/uploads\/2021\/11\/finalizada-con-exito-la-feria-utech-2021-01.jpg","articleSection":["Aktualno\u015bci"],"inLanguage":"pl-PL","potentialAction":[{"@type":"CommentAction","name":"Comment","target":["https:\/\/www.synthesia.com\/pl\/zakonczenie-targow-utech-2021\/#respond"]}]},{"@type":"WebPage","@id":"https:\/\/www.synthesia.com\/pl\/zakonczenie-targow-utech-2021\/","url":"https:\/\/www.synthesia.com\/pl\/zakonczenie-targow-utech-2021\/","name":"Zako\u0144czenie targ\u00f3w UTECH 2021 - Synthesia","isPartOf":{"@id":"https:\/\/www.synthesia.com\/pl\/#website"},"primaryImageOfPage":{"@id":"https:\/\/www.synthesia.com\/pl\/zakonczenie-targow-utech-2021\/#primaryimage"},"image":{"@id":"https:\/\/www.synthesia.com\/pl\/zakonczenie-targow-utech-2021\/#primaryimage"},"thumbnailUrl":"https:\/\/www.synthesia.com\/wp-content\/uploads\/2021\/11\/finalizada-con-exito-la-feria-utech-2021-01.jpg","datePublished":"2021-11-25T13:01:42+00:00","dateModified":"2026-01-03T16:05:18+00:00","description":"Targi UTECH Europe 2021, kt\u00f3re odby\u0142y si\u0119 od 16 do 18 listopada w Maastrich by\u0142y pierwszym du\u017cym wydarzeniem dla Synthesii od wybuchu pandemii.","breadcrumb":{"@id":"https:\/\/www.synthesia.com\/pl\/zakonczenie-targow-utech-2021\/#breadcrumb"},"inLanguage":"pl-PL","potentialAction":[{"@type":"ReadAction","target":["https:\/\/www.synthesia.com\/pl\/zakonczenie-targow-utech-2021\/"]}]},{"@type":"ImageObject","inLanguage":"pl-PL","@id":"https:\/\/www.synthesia.com\/pl\/zakonczenie-targow-utech-2021\/#primaryimage","url":"https:\/\/www.synthesia.com\/wp-content\/uploads\/2021\/11\/finalizada-con-exito-la-feria-utech-2021-01.jpg","contentUrl":"https:\/\/www.synthesia.com\/wp-content\/uploads\/2021\/11\/finalizada-con-exito-la-feria-utech-2021-01.jpg","width":1000,"height":667},{"@type":"BreadcrumbList","@id":"https:\/\/www.synthesia.com\/pl\/zakonczenie-targow-utech-2021\/#breadcrumb","itemListElement":[{"@type":"ListItem","position":1,"name":"Portada","item":"https:\/\/www.synthesia.com\/pl\/"},{"@type":"ListItem","position":2,"name":"Zako\u0144czenie targ\u00f3w UTECH 2021"}]},{"@type":"WebSite","@id":"https:\/\/www.synthesia.com\/pl\/#website","url":"https:\/\/www.synthesia.com\/pl\/","name":"Synthesia","description":"","publisher":{"@id":"https:\/\/www.synthesia.com\/pl\/#organization"},"potentialAction":[{"@type":"SearchAction","target":{"@type":"EntryPoint","urlTemplate":"https:\/\/www.synthesia.com\/pl\/?s={search_term_string}"},"query-input":{"@type":"PropertyValueSpecification","valueRequired":true,"valueName":"search_term_string"}}],"inLanguage":"pl-PL"},{"@type":"Organization","@id":"https:\/\/www.synthesia.com\/pl\/#organization","name":"Synthesia Technology S.L.U","url":"https:\/\/www.synthesia.com\/pl\/","logo":{"@type":"ImageObject","inLanguage":"pl-PL","@id":"https:\/\/www.synthesia.com\/pl\/#\/schema\/logo\/image\/","url":"https:\/\/www.synthesia.com\/wp-content\/uploads\/2020\/09\/cropped-synthesia-technology-logo.png","contentUrl":"https:\/\/www.synthesia.com\/wp-content\/uploads\/2020\/09\/cropped-synthesia-technology-logo.png","width":198,"height":67,"caption":"Synthesia Technology S.L.U"},"image":{"@id":"https:\/\/www.synthesia.com\/pl\/#\/schema\/logo\/image\/"}},{"@type":"Person","@id":"https:\/\/www.synthesia.com\/pl\/#\/schema\/person\/d1efac9168167b1d64ec022161621e21","name":"maratum"}]}},"_links":{"self":[{"href":"https:\/\/www.synthesia.com\/pl\/wp-json\/wp\/v2\/posts\/15354","targetHints":{"allow":["GET"]}}],"collection":[{"href":"https:\/\/www.synthesia.com\/pl\/wp-json\/wp\/v2\/posts"}],"about":[{"href":"https:\/\/www.synthesia.com\/pl\/wp-json\/wp\/v2\/types\/post"}],"author":[{"embeddable":true,"href":"https:\/\/www.synthesia.com\/pl\/wp-json\/wp\/v2\/users\/5"}],"replies":[{"embeddable":true,"href":"https:\/\/www.synthesia.com\/pl\/wp-json\/wp\/v2\/comments?post=15354"}],"version-history":[{"count":2,"href":"https:\/\/www.synthesia.com\/pl\/wp-json\/wp\/v2\/posts\/15354\/revisions"}],"predecessor-version":[{"id":15356,"href":"https:\/\/www.synthesia.com\/pl\/wp-json\/wp\/v2\/posts\/15354\/revisions\/15356"}],"wp:featuredmedia":[{"embeddable":true,"href":"https:\/\/www.synthesia.com\/pl\/wp-json\/wp\/v2\/media\/14906"}],"wp:attachment":[{"href":"https:\/\/www.synthesia.com\/pl\/wp-json\/wp\/v2\/media?parent=15354"}],"wp:term":[{"taxonomy":"category","embeddable":true,"href":"https:\/\/www.synthesia.com\/pl\/wp-json\/wp\/v2\/categories?post=15354"},{"taxonomy":"post_tag","embeddable":true,"href":"https:\/\/www.synthesia.com\/pl\/wp-json\/wp\/v2\/tags?post=15354"}],"curies":[{"name":"wp","href":"https:\/\/api.w.org\/{rel}","templated":true}]}}