{"id":14951,"date":"2020-12-22T16:40:15","date_gmt":"2020-12-22T16:40:15","guid":{"rendered":"https:\/\/www.synthesia.com\/synthesia-panama-celebrates-10-years\/"},"modified":"2026-01-03T17:05:19","modified_gmt":"2026-01-03T16:05:19","slug":"synthesia-panama-swietuje-10-lat","status":"publish","type":"post","link":"https:\/\/www.synthesia.com\/pl\/synthesia-panama-swietuje-10-lat\/","title":{"rendered":"Synthesia Panama \u015bwi\u0119tuje 10 lat"},"content":{"rendered":"<p>Grudzie\u0144 2020 to bardzo szczeg\u00f3lna data dla Synthesia Technology Group, a zw\u0142aszcza dla zespo\u0142u z Panamy, poniewa\u017c w 2010 roku, zaledwie 10 lat temu, rozpocz\u0105\u0142 si\u0119 projekt Synthesia Technology America w Panamie.<\/p>\n<p>W 2010 roku nasz CEO, David Palleja, wraz z 2 kolejnymi pracownikami, rozpocz\u0105\u0142 pierwsz\u0105 dzia\u0142alno\u015b\u0107 firmy w ma\u0142ej piwnicy, kt\u00f3ra s\u0142u\u017cy\u0142a r\u00f3wnie\u017c jako biuro. Pocz\u0105tkowo wyzwanie nie by\u0142o \u0142atwe, ale dla Grupo Synthesia by\u0142a to strategiczna lokalizacja do rozwijania dzia\u0142alno\u015bci w Ameryce \u0141aci\u0144skiej i na Karaibach.<\/p>\n<p>Pi\u0119\u0107 lat po jej za\u0142o\u017ceniu to, co zacz\u0119\u0142o si\u0119 jako pomys\u0142, przekszta\u0142ci\u0142o si\u0119 w biznes o warto\u015bci milion\u00f3w dolar\u00f3w; posiadanie Panamy jako centrum i centrum operacyjnego oraz otwarcie innych filii w Kolumbii, Peru, Chile i Meksyku.<\/p>\n<p><img fetchpriority=\"high\" decoding=\"async\" class=\"alignnone size-full wp-image-3471\" src=\"https:\/\/www.synthesia.com\/wp-content\/uploads\/2021\/03\/PANAMA_Reactor_imagen1.jpg\" alt=\"\" width=\"640\" height=\"480\" srcset=\"https:\/\/www.synthesia.com\/wp-content\/uploads\/2021\/03\/PANAMA_Reactor_imagen1.jpg 640w, https:\/\/www.synthesia.com\/wp-content\/uploads\/2021\/03\/PANAMA_Reactor_imagen1-300x225.jpg 300w\" sizes=\"(max-width: 640px) 100vw, 640px\" \/><\/p>\n<p>W 2014 roku rozpocz\u0119\u0142a si\u0119 budowa w\u0142a\u015bciwego zak\u0142adu w strefie Colon Free, a firma zacz\u0119\u0142a rosn\u0105\u0107 wyk\u0142adniczo, osi\u0105gaj\u0105c zatrudnienie 30 pracownik\u00f3w i fabryk\u0119, kt\u00f3ra obecnie mo\u017ce wyprodukowa\u0107 ponad 10 000 ton.<\/p>\n<p>W ci\u0105gu tych 10 lat by\u0142y chwile dobre i trudniejsze, ale przede wszystkim jeste\u015bmy dumni z tego, co osi\u0105gn\u0119li\u015bmy przez te lata dzi\u0119ki wysi\u0142kom ludzi, kt\u00f3rzy s\u0105 cz\u0119\u015bci\u0105 Synthesia Panama, za ich po\u015bwi\u0119cenie i Praca zespo\u0142owa.<\/p>\n<p><img decoding=\"async\" class=\"alignnone size-full wp-image-3473\" src=\"https:\/\/www.synthesia.com\/wp-content\/uploads\/2021\/03\/PANAMA_Reactor_imagen2.jpg\" alt=\"\" width=\"640\" height=\"480\" srcset=\"https:\/\/www.synthesia.com\/wp-content\/uploads\/2021\/03\/PANAMA_Reactor_imagen2.jpg 640w, https:\/\/www.synthesia.com\/wp-content\/uploads\/2021\/03\/PANAMA_Reactor_imagen2-300x225.jpg 300w\" sizes=\"(max-width: 640px) 100vw, 640px\" \/><\/p>\n<p>W nadchodz\u0105cych latach mamy nadziej\u0119 na dalszy rozw\u00f3j w Synthesia Technology America dzi\u0119ki instalacji w zak\u0142adzie w Panamie nowego reaktora o pojemno\u015bci 10 m3 do produkcji poliestr\u00f3w, kt\u00f3ry zapewni firmie ogromny wzrost dzi\u0119ki optymalizacji i zaletom logistycznym.<\/p>\n<p>Gratulacje dla ca\u0142ego zespo\u0142u Synthesia Panama za umo\u017cliwienie tego wspania\u0142ego projektu!\u201d<\/p>\n","protected":false},"excerpt":{"rendered":"<p>W grudniu 2020 r. mija 10. rocznica rozpocz\u0119cia dzia\u0142alno\u015bci naszej fabryki w Panamie, Synthesia Technology America.<\/p>\n","protected":false},"author":1,"featured_media":14368,"comment_status":"open","ping_status":"open","sticky":false,"template":"","format":"standard","meta":{"content-type":"","footnotes":""},"categories":[140],"tags":[],"class_list":["post-14951","post","type-post","status-publish","format-standard","has-post-thumbnail","hentry","category-aktualnosci"],"yoast_head":"<!-- This site is optimized with the Yoast SEO plugin v28.3 - https:\/\/yoast.com\/product\/yoast-seo-wordpress\/ -->\n<title>Synthesia Panama \u015bwi\u0119tuje 10 lat - Synthesia<\/title>\n<meta name=\"description\" content=\"W grudniu 2020 r. mija 10. rocznica rozpocz\u0119cia dzia\u0142alno\u015bci naszej fabryki w Panamie, Synthesia Technology America.\" \/>\n<meta name=\"robots\" content=\"index, follow, max-snippet:-1, max-image-preview:large, max-video-preview:-1\" \/>\n<link rel=\"canonical\" href=\"https:\/\/www.synthesia.com\/pl\/synthesia-panama-swietuje-10-lat\/\" \/>\n<meta property=\"og:locale\" content=\"pl_PL\" \/>\n<meta property=\"og:type\" content=\"article\" \/>\n<meta property=\"og:title\" content=\"Synthesia Panama \u015bwi\u0119tuje 10 lat - Synthesia\" \/>\n<meta property=\"og:description\" content=\"W grudniu 2020 r. mija 10. rocznica rozpocz\u0119cia dzia\u0142alno\u015bci naszej fabryki w Panamie, Synthesia Technology America.\" \/>\n<meta property=\"og:url\" content=\"https:\/\/www.synthesia.com\/pl\/synthesia-panama-swietuje-10-lat\/\" \/>\n<meta property=\"og:site_name\" content=\"Synthesia\" \/>\n<meta property=\"article:published_time\" content=\"2020-12-22T16:40:15+00:00\" \/>\n<meta property=\"article:modified_time\" content=\"2026-01-03T16:05:19+00:00\" \/>\n<meta property=\"og:image\" content=\"https:\/\/www.synthesia.com\/wp-content\/uploads\/2020\/12\/synthesia-panama.jpg\" \/>\n\t<meta property=\"og:image:width\" content=\"1200\" \/>\n\t<meta property=\"og:image:height\" content=\"800\" \/>\n\t<meta property=\"og:image:type\" content=\"image\/jpeg\" \/>\n<meta name=\"author\" content=\"synthemaratum\" \/>\n<meta name=\"twitter:card\" content=\"summary_large_image\" \/>\n<meta name=\"twitter:label1\" content=\"Napisane przez\" \/>\n\t<meta name=\"twitter:data1\" content=\"synthemaratum\" \/>\n\t<meta name=\"twitter:label2\" content=\"Szacowany czas czytania\" \/>\n\t<meta name=\"twitter:data2\" content=\"2 minuty\" \/>\n<script type=\"application\/ld+json\" class=\"yoast-schema-graph\">{\"@context\":\"https:\\\/\\\/schema.org\",\"@graph\":[{\"@type\":\"Article\",\"@id\":\"https:\\\/\\\/www.synthesia.com\\\/pl\\\/synthesia-panama-swietuje-10-lat\\\/#article\",\"isPartOf\":{\"@id\":\"https:\\\/\\\/www.synthesia.com\\\/pl\\\/synthesia-panama-swietuje-10-lat\\\/\"},\"author\":{\"name\":\"synthemaratum\",\"@id\":\"https:\\\/\\\/www.synthesia.com\\\/pl\\\/#\\\/schema\\\/person\\\/66021a5a78e3b537466112d2fd58058f\"},\"headline\":\"Synthesia Panama \u015bwi\u0119tuje 10 lat\",\"datePublished\":\"2020-12-22T16:40:15+00:00\",\"dateModified\":\"2026-01-03T16:05:19+00:00\",\"mainEntityOfPage\":{\"@id\":\"https:\\\/\\\/www.synthesia.com\\\/pl\\\/synthesia-panama-swietuje-10-lat\\\/\"},\"wordCount\":283,\"commentCount\":0,\"publisher\":{\"@id\":\"https:\\\/\\\/www.synthesia.com\\\/pl\\\/#organization\"},\"image\":{\"@id\":\"https:\\\/\\\/www.synthesia.com\\\/pl\\\/synthesia-panama-swietuje-10-lat\\\/#primaryimage\"},\"thumbnailUrl\":\"https:\\\/\\\/www.synthesia.com\\\/wp-content\\\/uploads\\\/2020\\\/12\\\/synthesia-panama.jpg\",\"articleSection\":[\"Aktualno\u015bci\"],\"inLanguage\":\"pl-PL\",\"potentialAction\":[{\"@type\":\"CommentAction\",\"name\":\"Comment\",\"target\":[\"https:\\\/\\\/www.synthesia.com\\\/pl\\\/synthesia-panama-swietuje-10-lat\\\/#respond\"]}]},{\"@type\":\"WebPage\",\"@id\":\"https:\\\/\\\/www.synthesia.com\\\/pl\\\/synthesia-panama-swietuje-10-lat\\\/\",\"url\":\"https:\\\/\\\/www.synthesia.com\\\/pl\\\/synthesia-panama-swietuje-10-lat\\\/\",\"name\":\"Synthesia Panama \u015bwi\u0119tuje 10 lat - Synthesia\",\"isPartOf\":{\"@id\":\"https:\\\/\\\/www.synthesia.com\\\/pl\\\/#website\"},\"primaryImageOfPage\":{\"@id\":\"https:\\\/\\\/www.synthesia.com\\\/pl\\\/synthesia-panama-swietuje-10-lat\\\/#primaryimage\"},\"image\":{\"@id\":\"https:\\\/\\\/www.synthesia.com\\\/pl\\\/synthesia-panama-swietuje-10-lat\\\/#primaryimage\"},\"thumbnailUrl\":\"https:\\\/\\\/www.synthesia.com\\\/wp-content\\\/uploads\\\/2020\\\/12\\\/synthesia-panama.jpg\",\"datePublished\":\"2020-12-22T16:40:15+00:00\",\"dateModified\":\"2026-01-03T16:05:19+00:00\",\"description\":\"W grudniu 2020 r. mija 10. rocznica rozpocz\u0119cia dzia\u0142alno\u015bci naszej fabryki w Panamie, Synthesia Technology America.\",\"breadcrumb\":{\"@id\":\"https:\\\/\\\/www.synthesia.com\\\/pl\\\/synthesia-panama-swietuje-10-lat\\\/#breadcrumb\"},\"inLanguage\":\"pl-PL\",\"potentialAction\":[{\"@type\":\"ReadAction\",\"target\":[\"https:\\\/\\\/www.synthesia.com\\\/pl\\\/synthesia-panama-swietuje-10-lat\\\/\"]}]},{\"@type\":\"ImageObject\",\"inLanguage\":\"pl-PL\",\"@id\":\"https:\\\/\\\/www.synthesia.com\\\/pl\\\/synthesia-panama-swietuje-10-lat\\\/#primaryimage\",\"url\":\"https:\\\/\\\/www.synthesia.com\\\/wp-content\\\/uploads\\\/2020\\\/12\\\/synthesia-panama.jpg\",\"contentUrl\":\"https:\\\/\\\/www.synthesia.com\\\/wp-content\\\/uploads\\\/2020\\\/12\\\/synthesia-panama.jpg\",\"width\":1200,\"height\":800},{\"@type\":\"BreadcrumbList\",\"@id\":\"https:\\\/\\\/www.synthesia.com\\\/pl\\\/synthesia-panama-swietuje-10-lat\\\/#breadcrumb\",\"itemListElement\":[{\"@type\":\"ListItem\",\"position\":1,\"name\":\"Portada\",\"item\":\"https:\\\/\\\/www.synthesia.com\\\/pl\\\/\"},{\"@type\":\"ListItem\",\"position\":2,\"name\":\"Synthesia Panama \u015bwi\u0119tuje 10 lat\"}]},{\"@type\":\"WebSite\",\"@id\":\"https:\\\/\\\/www.synthesia.com\\\/pl\\\/#website\",\"url\":\"https:\\\/\\\/www.synthesia.com\\\/pl\\\/\",\"name\":\"Synthesia\",\"description\":\"\",\"publisher\":{\"@id\":\"https:\\\/\\\/www.synthesia.com\\\/pl\\\/#organization\"},\"potentialAction\":[{\"@type\":\"SearchAction\",\"target\":{\"@type\":\"EntryPoint\",\"urlTemplate\":\"https:\\\/\\\/www.synthesia.com\\\/pl\\\/?s={search_term_string}\"},\"query-input\":{\"@type\":\"PropertyValueSpecification\",\"valueRequired\":true,\"valueName\":\"search_term_string\"}}],\"inLanguage\":\"pl-PL\"},{\"@type\":\"Organization\",\"@id\":\"https:\\\/\\\/www.synthesia.com\\\/pl\\\/#organization\",\"name\":\"Synthesia Technology S.L.U\",\"url\":\"https:\\\/\\\/www.synthesia.com\\\/pl\\\/\",\"logo\":{\"@type\":\"ImageObject\",\"inLanguage\":\"pl-PL\",\"@id\":\"https:\\\/\\\/www.synthesia.com\\\/pl\\\/#\\\/schema\\\/logo\\\/image\\\/\",\"url\":\"https:\\\/\\\/www.synthesia.com\\\/wp-content\\\/uploads\\\/2020\\\/09\\\/cropped-synthesia-technology-logo.png\",\"contentUrl\":\"https:\\\/\\\/www.synthesia.com\\\/wp-content\\\/uploads\\\/2020\\\/09\\\/cropped-synthesia-technology-logo.png\",\"width\":198,\"height\":67,\"caption\":\"Synthesia Technology S.L.U\"},\"image\":{\"@id\":\"https:\\\/\\\/www.synthesia.com\\\/pl\\\/#\\\/schema\\\/logo\\\/image\\\/\"}},{\"@type\":\"Person\",\"@id\":\"https:\\\/\\\/www.synthesia.com\\\/pl\\\/#\\\/schema\\\/person\\\/66021a5a78e3b537466112d2fd58058f\",\"name\":\"synthemaratum\",\"sameAs\":[\"https:\\\/\\\/www.synthesiadev.com\"]}]}<\/script>\n<!-- \/ Yoast SEO plugin. -->","yoast_head_json":{"title":"Synthesia Panama \u015bwi\u0119tuje 10 lat - Synthesia","description":"W grudniu 2020 r. mija 10. rocznica rozpocz\u0119cia dzia\u0142alno\u015bci naszej fabryki w Panamie, Synthesia Technology America.","robots":{"index":"index","follow":"follow","max-snippet":"max-snippet:-1","max-image-preview":"max-image-preview:large","max-video-preview":"max-video-preview:-1"},"canonical":"https:\/\/www.synthesia.com\/pl\/synthesia-panama-swietuje-10-lat\/","og_locale":"pl_PL","og_type":"article","og_title":"Synthesia Panama \u015bwi\u0119tuje 10 lat - Synthesia","og_description":"W grudniu 2020 r. mija 10. rocznica rozpocz\u0119cia dzia\u0142alno\u015bci naszej fabryki w Panamie, Synthesia Technology America.","og_url":"https:\/\/www.synthesia.com\/pl\/synthesia-panama-swietuje-10-lat\/","og_site_name":"Synthesia","article_published_time":"2020-12-22T16:40:15+00:00","article_modified_time":"2026-01-03T16:05:19+00:00","og_image":[{"width":1200,"height":800,"url":"https:\/\/www.synthesia.com\/wp-content\/uploads\/2020\/12\/synthesia-panama.jpg","type":"image\/jpeg"}],"author":"synthemaratum","twitter_card":"summary_large_image","twitter_misc":{"Napisane przez":"synthemaratum","Szacowany czas czytania":"2 minuty"},"schema":{"@context":"https:\/\/schema.org","@graph":[{"@type":"Article","@id":"https:\/\/www.synthesia.com\/pl\/synthesia-panama-swietuje-10-lat\/#article","isPartOf":{"@id":"https:\/\/www.synthesia.com\/pl\/synthesia-panama-swietuje-10-lat\/"},"author":{"name":"synthemaratum","@id":"https:\/\/www.synthesia.com\/pl\/#\/schema\/person\/66021a5a78e3b537466112d2fd58058f"},"headline":"Synthesia Panama \u015bwi\u0119tuje 10 lat","datePublished":"2020-12-22T16:40:15+00:00","dateModified":"2026-01-03T16:05:19+00:00","mainEntityOfPage":{"@id":"https:\/\/www.synthesia.com\/pl\/synthesia-panama-swietuje-10-lat\/"},"wordCount":283,"commentCount":0,"publisher":{"@id":"https:\/\/www.synthesia.com\/pl\/#organization"},"image":{"@id":"https:\/\/www.synthesia.com\/pl\/synthesia-panama-swietuje-10-lat\/#primaryimage"},"thumbnailUrl":"https:\/\/www.synthesia.com\/wp-content\/uploads\/2020\/12\/synthesia-panama.jpg","articleSection":["Aktualno\u015bci"],"inLanguage":"pl-PL","potentialAction":[{"@type":"CommentAction","name":"Comment","target":["https:\/\/www.synthesia.com\/pl\/synthesia-panama-swietuje-10-lat\/#respond"]}]},{"@type":"WebPage","@id":"https:\/\/www.synthesia.com\/pl\/synthesia-panama-swietuje-10-lat\/","url":"https:\/\/www.synthesia.com\/pl\/synthesia-panama-swietuje-10-lat\/","name":"Synthesia Panama \u015bwi\u0119tuje 10 lat - Synthesia","isPartOf":{"@id":"https:\/\/www.synthesia.com\/pl\/#website"},"primaryImageOfPage":{"@id":"https:\/\/www.synthesia.com\/pl\/synthesia-panama-swietuje-10-lat\/#primaryimage"},"image":{"@id":"https:\/\/www.synthesia.com\/pl\/synthesia-panama-swietuje-10-lat\/#primaryimage"},"thumbnailUrl":"https:\/\/www.synthesia.com\/wp-content\/uploads\/2020\/12\/synthesia-panama.jpg","datePublished":"2020-12-22T16:40:15+00:00","dateModified":"2026-01-03T16:05:19+00:00","description":"W grudniu 2020 r. mija 10. rocznica rozpocz\u0119cia dzia\u0142alno\u015bci naszej fabryki w Panamie, Synthesia Technology America.","breadcrumb":{"@id":"https:\/\/www.synthesia.com\/pl\/synthesia-panama-swietuje-10-lat\/#breadcrumb"},"inLanguage":"pl-PL","potentialAction":[{"@type":"ReadAction","target":["https:\/\/www.synthesia.com\/pl\/synthesia-panama-swietuje-10-lat\/"]}]},{"@type":"ImageObject","inLanguage":"pl-PL","@id":"https:\/\/www.synthesia.com\/pl\/synthesia-panama-swietuje-10-lat\/#primaryimage","url":"https:\/\/www.synthesia.com\/wp-content\/uploads\/2020\/12\/synthesia-panama.jpg","contentUrl":"https:\/\/www.synthesia.com\/wp-content\/uploads\/2020\/12\/synthesia-panama.jpg","width":1200,"height":800},{"@type":"BreadcrumbList","@id":"https:\/\/www.synthesia.com\/pl\/synthesia-panama-swietuje-10-lat\/#breadcrumb","itemListElement":[{"@type":"ListItem","position":1,"name":"Portada","item":"https:\/\/www.synthesia.com\/pl\/"},{"@type":"ListItem","position":2,"name":"Synthesia Panama \u015bwi\u0119tuje 10 lat"}]},{"@type":"WebSite","@id":"https:\/\/www.synthesia.com\/pl\/#website","url":"https:\/\/www.synthesia.com\/pl\/","name":"Synthesia","description":"","publisher":{"@id":"https:\/\/www.synthesia.com\/pl\/#organization"},"potentialAction":[{"@type":"SearchAction","target":{"@type":"EntryPoint","urlTemplate":"https:\/\/www.synthesia.com\/pl\/?s={search_term_string}"},"query-input":{"@type":"PropertyValueSpecification","valueRequired":true,"valueName":"search_term_string"}}],"inLanguage":"pl-PL"},{"@type":"Organization","@id":"https:\/\/www.synthesia.com\/pl\/#organization","name":"Synthesia Technology S.L.U","url":"https:\/\/www.synthesia.com\/pl\/","logo":{"@type":"ImageObject","inLanguage":"pl-PL","@id":"https:\/\/www.synthesia.com\/pl\/#\/schema\/logo\/image\/","url":"https:\/\/www.synthesia.com\/wp-content\/uploads\/2020\/09\/cropped-synthesia-technology-logo.png","contentUrl":"https:\/\/www.synthesia.com\/wp-content\/uploads\/2020\/09\/cropped-synthesia-technology-logo.png","width":198,"height":67,"caption":"Synthesia Technology S.L.U"},"image":{"@id":"https:\/\/www.synthesia.com\/pl\/#\/schema\/logo\/image\/"}},{"@type":"Person","@id":"https:\/\/www.synthesia.com\/pl\/#\/schema\/person\/66021a5a78e3b537466112d2fd58058f","name":"synthemaratum","sameAs":["https:\/\/www.synthesiadev.com"]}]}},"_links":{"self":[{"href":"https:\/\/www.synthesia.com\/pl\/wp-json\/wp\/v2\/posts\/14951","targetHints":{"allow":["GET"]}}],"collection":[{"href":"https:\/\/www.synthesia.com\/pl\/wp-json\/wp\/v2\/posts"}],"about":[{"href":"https:\/\/www.synthesia.com\/pl\/wp-json\/wp\/v2\/types\/post"}],"author":[{"embeddable":true,"href":"https:\/\/www.synthesia.com\/pl\/wp-json\/wp\/v2\/users\/1"}],"replies":[{"embeddable":true,"href":"https:\/\/www.synthesia.com\/pl\/wp-json\/wp\/v2\/comments?post=14951"}],"version-history":[{"count":2,"href":"https:\/\/www.synthesia.com\/pl\/wp-json\/wp\/v2\/posts\/14951\/revisions"}],"predecessor-version":[{"id":14952,"href":"https:\/\/www.synthesia.com\/pl\/wp-json\/wp\/v2\/posts\/14951\/revisions\/14952"}],"wp:featuredmedia":[{"embeddable":true,"href":"https:\/\/www.synthesia.com\/pl\/wp-json\/wp\/v2\/media\/14368"}],"wp:attachment":[{"href":"https:\/\/www.synthesia.com\/pl\/wp-json\/wp\/v2\/media?parent=14951"}],"wp:term":[{"taxonomy":"category","embeddable":true,"href":"https:\/\/www.synthesia.com\/pl\/wp-json\/wp\/v2\/categories?post=14951"},{"taxonomy":"post_tag","embeddable":true,"href":"https:\/\/www.synthesia.com\/pl\/wp-json\/wp\/v2\/tags?post=14951"}],"curies":[{"name":"wp","href":"https:\/\/api.w.org\/{rel}","templated":true}]}}