{"id":14648,"date":"2021-08-06T06:57:38","date_gmt":"2021-08-06T06:57:38","guid":{"rendered":"https:\/\/www.synthesia.com\/synthesia-utech-europe-fair-2021\/"},"modified":"2026-01-03T17:05:18","modified_gmt":"2026-01-03T16:05:18","slug":"syntezja-na-targach-utech-europe-2021","status":"publish","type":"post","link":"https:\/\/www.synthesia.com\/pl\/syntezja-na-targach-utech-europe-2021\/","title":{"rendered":"Syntezja na Targach UTECH Europe 2021"},"content":{"rendered":"\t\t<div data-elementor-type=\"wp-post\" data-elementor-id=\"14648\" class=\"elementor elementor-14648 elementor-10726\" data-elementor-post-type=\"post\">\n\t\t\t\t\t\t<section class=\"elementor-section elementor-top-section elementor-element elementor-element-671df0ac elementor-section-boxed elementor-section-height-default elementor-section-height-default\" data-id=\"671df0ac\" data-element_type=\"section\" data-e-type=\"section\">\n\t\t\t\t\t\t<div class=\"elementor-container elementor-column-gap-default\">\n\t\t\t\t\t<div class=\"elementor-column elementor-col-100 elementor-top-column elementor-element elementor-element-75b1b92\" data-id=\"75b1b92\" data-element_type=\"column\" data-e-type=\"column\">\n\t\t\t<div class=\"elementor-widget-wrap elementor-element-populated\">\n\t\t\t\t\t\t<div class=\"elementor-element elementor-element-372ba7be elementor-widget elementor-widget-text-editor\" data-id=\"372ba7be\" data-element_type=\"widget\" data-e-type=\"widget\" data-widget_type=\"text-editor.default\">\n\t\t\t\t<div class=\"elementor-widget-container\">\n\t\t\t\t\t\t\t\t\t<p><strong>Synthesia Technology<\/strong> we\u017amie udzia\u0142 w kolejnej edycji Targ\u00f3w <strong>UTECH Europe 2021<\/strong>, kt\u00f3re odb\u0119d\u0105 si\u0119 w dniach 16-18 listopada 2021 w MECC w Maastricht w Holandii.\u00a0<\/p><p>UTECH Europe to wiod\u0105ca mi\u0119dzynarodowa wystawa i konferencja dla \u015bwiatowego przemys\u0142u poliuretanowego. Doskona\u0142a platforma do poznania nowych produkt\u00f3w, technologii i innowacji w bran\u017cy poliuretanowej oraz szerokiej gamy zastosowa\u0144, od wn\u0119trz samochodowych, urz\u0105dze\u0144 medycznych, tekstyli\u00f3w, mebli i obuwia po izolacj\u0119, kleje i pow\u0142oki.<\/p><p>UTECH Europe przyci\u0105ga du\u017c\u0105 liczb\u0119 profesjonalist\u00f3w z bran\u017cy z ponad 90 kraj\u00f3w na ca\u0142ym \u015bwiecie i jest niezb\u0119dn\u0105 okazj\u0105 do generowania nowych mo\u017cliwo\u015bci biznesowych i nawi\u0105zywania kontakt\u00f3w z nowymi i istniej\u0105cymi partnerami w sektorze.<\/p><p><strong>Synthesia Technology<\/strong>, firma specjalizuj\u0105ca si\u0119 w produkcji i komercjalizacji produkt\u00f3w chemicznych, polioli poliestrowych i system\u00f3w poliuretanowych do izolacji termicznej i akustycznej oraz r\u00f3\u017cnorodnych zastosowa\u0144 przemys\u0142owych, czeka na Pa\u0144stwa na <strong>stoisku C40<\/strong>.<\/p><p>Je\u015bli potrzebujesz bardziej szczeg\u00f3\u0142owych informacji o naszym portfolio produkt\u00f3w, zapraszamy do odwiedzenia naszej strony interneto<\/p><p>wej: <a href=\"http:\/\/www.synthesia.com\">www.synthesia.com<\/a><\/p><p>Czekamy na Ciebie na naszym stoisku C40!<\/p><p><img fetchpriority=\"high\" decoding=\"async\" class=\"alignnone wp-image-10724 size-full\" src=\"https:\/\/www.synthesia.com\/wp-content\/uploads\/2021\/08\/synthesia-feria-utech-europe-2021.jpg\" alt=\"\" width=\"600\" height=\"300\" srcset=\"https:\/\/www.synthesia.com\/wp-content\/uploads\/2021\/08\/synthesia-feria-utech-europe-2021.jpg 600w, https:\/\/www.synthesia.com\/wp-content\/uploads\/2021\/08\/synthesia-feria-utech-europe-2021-300x150.jpg 300w\" sizes=\"(max-width: 600px) 100vw, 600px\" \/><\/p>\t\t\t\t\t\t\t\t<\/div>\n\t\t\t\t<\/div>\n\t\t\t\t\t<\/div>\n\t\t<\/div>\n\t\t\t\t\t<\/div>\n\t\t<\/section>\n\t\t\t\t<\/div>\n\t\t","protected":false},"excerpt":{"rendered":"<p>Synthesia we\u017amie udzia\u0142 w kolejnej edycji wystawy THE UTECH Europe 2021 (16-18 listopada) w MECC w Maastricht w Holandii.<\/p>\n","protected":false},"author":5,"featured_media":14649,"comment_status":"open","ping_status":"open","sticky":false,"template":"","format":"standard","meta":{"content-type":"","footnotes":""},"categories":[140],"tags":[],"class_list":["post-14648","post","type-post","status-publish","format-standard","has-post-thumbnail","hentry","category-aktualnosci"],"yoast_head":"<!-- This site is optimized with the Yoast SEO plugin v28.3 - https:\/\/yoast.com\/product\/yoast-seo-wordpress\/ -->\n<title>Syntezja na Targach UTECH Europe 2021 - Synthesia<\/title>\n<meta name=\"description\" content=\"Synthesia we\u017amie udzia\u0142 w kolejnej edycji wystawy THE UTECH Europe 2021 (16-18 listopada) w MECC w Maastricht w Holandii.\" \/>\n<meta name=\"robots\" content=\"index, follow, max-snippet:-1, max-image-preview:large, max-video-preview:-1\" \/>\n<link rel=\"canonical\" href=\"https:\/\/www.synthesia.com\/pl\/syntezja-na-targach-utech-europe-2021\/\" \/>\n<meta property=\"og:locale\" content=\"pl_PL\" \/>\n<meta property=\"og:type\" content=\"article\" \/>\n<meta property=\"og:title\" content=\"Syntezja na Targach UTECH Europe 2021 - Synthesia\" \/>\n<meta property=\"og:description\" content=\"Synthesia we\u017amie udzia\u0142 w kolejnej edycji wystawy THE UTECH Europe 2021 (16-18 listopada) w MECC w Maastricht w Holandii.\" \/>\n<meta property=\"og:url\" content=\"https:\/\/www.synthesia.com\/pl\/syntezja-na-targach-utech-europe-2021\/\" \/>\n<meta property=\"og:site_name\" content=\"Synthesia\" \/>\n<meta property=\"article:published_time\" content=\"2021-08-06T06:57:38+00:00\" \/>\n<meta property=\"article:modified_time\" content=\"2026-01-03T16:05:18+00:00\" \/>\n<meta property=\"og:image\" content=\"https:\/\/www.synthesia.com\/wp-content\/uploads\/2021\/08\/synthesia-utech-europe-november-2021-transparente.png\" \/>\n\t<meta property=\"og:image:width\" content=\"1609\" \/>\n\t<meta property=\"og:image:height\" content=\"1073\" \/>\n\t<meta property=\"og:image:type\" content=\"image\/png\" \/>\n<meta name=\"author\" content=\"maratum\" \/>\n<meta name=\"twitter:card\" content=\"summary_large_image\" \/>\n<meta name=\"twitter:label1\" content=\"Napisane przez\" \/>\n\t<meta name=\"twitter:data1\" content=\"maratum\" \/>\n\t<meta name=\"twitter:label2\" content=\"Szacowany czas czytania\" \/>\n\t<meta name=\"twitter:data2\" content=\"2 minuty\" \/>\n<script type=\"application\/ld+json\" class=\"yoast-schema-graph\">{\"@context\":\"https:\\\/\\\/schema.org\",\"@graph\":[{\"@type\":\"Article\",\"@id\":\"https:\\\/\\\/www.synthesia.com\\\/pl\\\/syntezja-na-targach-utech-europe-2021\\\/#article\",\"isPartOf\":{\"@id\":\"https:\\\/\\\/www.synthesia.com\\\/pl\\\/syntezja-na-targach-utech-europe-2021\\\/\"},\"author\":{\"name\":\"maratum\",\"@id\":\"https:\\\/\\\/www.synthesia.com\\\/pl\\\/#\\\/schema\\\/person\\\/d1efac9168167b1d64ec022161621e21\"},\"headline\":\"Syntezja na Targach UTECH Europe 2021\",\"datePublished\":\"2021-08-06T06:57:38+00:00\",\"dateModified\":\"2026-01-03T16:05:18+00:00\",\"mainEntityOfPage\":{\"@id\":\"https:\\\/\\\/www.synthesia.com\\\/pl\\\/syntezja-na-targach-utech-europe-2021\\\/\"},\"wordCount\":194,\"commentCount\":0,\"publisher\":{\"@id\":\"https:\\\/\\\/www.synthesia.com\\\/pl\\\/#organization\"},\"image\":{\"@id\":\"https:\\\/\\\/www.synthesia.com\\\/pl\\\/syntezja-na-targach-utech-europe-2021\\\/#primaryimage\"},\"thumbnailUrl\":\"https:\\\/\\\/www.synthesia.com\\\/wp-content\\\/uploads\\\/2021\\\/08\\\/synthesia-utech-europe-november-2021-transparente.png\",\"articleSection\":[\"Aktualno\u015bci\"],\"inLanguage\":\"pl-PL\",\"potentialAction\":[{\"@type\":\"CommentAction\",\"name\":\"Comment\",\"target\":[\"https:\\\/\\\/www.synthesia.com\\\/pl\\\/syntezja-na-targach-utech-europe-2021\\\/#respond\"]}]},{\"@type\":\"WebPage\",\"@id\":\"https:\\\/\\\/www.synthesia.com\\\/pl\\\/syntezja-na-targach-utech-europe-2021\\\/\",\"url\":\"https:\\\/\\\/www.synthesia.com\\\/pl\\\/syntezja-na-targach-utech-europe-2021\\\/\",\"name\":\"Syntezja na Targach UTECH Europe 2021 - Synthesia\",\"isPartOf\":{\"@id\":\"https:\\\/\\\/www.synthesia.com\\\/pl\\\/#website\"},\"primaryImageOfPage\":{\"@id\":\"https:\\\/\\\/www.synthesia.com\\\/pl\\\/syntezja-na-targach-utech-europe-2021\\\/#primaryimage\"},\"image\":{\"@id\":\"https:\\\/\\\/www.synthesia.com\\\/pl\\\/syntezja-na-targach-utech-europe-2021\\\/#primaryimage\"},\"thumbnailUrl\":\"https:\\\/\\\/www.synthesia.com\\\/wp-content\\\/uploads\\\/2021\\\/08\\\/synthesia-utech-europe-november-2021-transparente.png\",\"datePublished\":\"2021-08-06T06:57:38+00:00\",\"dateModified\":\"2026-01-03T16:05:18+00:00\",\"description\":\"Synthesia we\u017amie udzia\u0142 w kolejnej edycji wystawy THE UTECH Europe 2021 (16-18 listopada) w MECC w Maastricht w Holandii.\",\"breadcrumb\":{\"@id\":\"https:\\\/\\\/www.synthesia.com\\\/pl\\\/syntezja-na-targach-utech-europe-2021\\\/#breadcrumb\"},\"inLanguage\":\"pl-PL\",\"potentialAction\":[{\"@type\":\"ReadAction\",\"target\":[\"https:\\\/\\\/www.synthesia.com\\\/pl\\\/syntezja-na-targach-utech-europe-2021\\\/\"]}]},{\"@type\":\"ImageObject\",\"inLanguage\":\"pl-PL\",\"@id\":\"https:\\\/\\\/www.synthesia.com\\\/pl\\\/syntezja-na-targach-utech-europe-2021\\\/#primaryimage\",\"url\":\"https:\\\/\\\/www.synthesia.com\\\/wp-content\\\/uploads\\\/2021\\\/08\\\/synthesia-utech-europe-november-2021-transparente.png\",\"contentUrl\":\"https:\\\/\\\/www.synthesia.com\\\/wp-content\\\/uploads\\\/2021\\\/08\\\/synthesia-utech-europe-november-2021-transparente.png\",\"width\":1609,\"height\":1073},{\"@type\":\"BreadcrumbList\",\"@id\":\"https:\\\/\\\/www.synthesia.com\\\/pl\\\/syntezja-na-targach-utech-europe-2021\\\/#breadcrumb\",\"itemListElement\":[{\"@type\":\"ListItem\",\"position\":1,\"name\":\"Portada\",\"item\":\"https:\\\/\\\/www.synthesia.com\\\/pl\\\/\"},{\"@type\":\"ListItem\",\"position\":2,\"name\":\"Syntezja na Targach UTECH Europe 2021\"}]},{\"@type\":\"WebSite\",\"@id\":\"https:\\\/\\\/www.synthesia.com\\\/pl\\\/#website\",\"url\":\"https:\\\/\\\/www.synthesia.com\\\/pl\\\/\",\"name\":\"Synthesia\",\"description\":\"\",\"publisher\":{\"@id\":\"https:\\\/\\\/www.synthesia.com\\\/pl\\\/#organization\"},\"potentialAction\":[{\"@type\":\"SearchAction\",\"target\":{\"@type\":\"EntryPoint\",\"urlTemplate\":\"https:\\\/\\\/www.synthesia.com\\\/pl\\\/?s={search_term_string}\"},\"query-input\":{\"@type\":\"PropertyValueSpecification\",\"valueRequired\":true,\"valueName\":\"search_term_string\"}}],\"inLanguage\":\"pl-PL\"},{\"@type\":\"Organization\",\"@id\":\"https:\\\/\\\/www.synthesia.com\\\/pl\\\/#organization\",\"name\":\"Synthesia Technology S.L.U\",\"url\":\"https:\\\/\\\/www.synthesia.com\\\/pl\\\/\",\"logo\":{\"@type\":\"ImageObject\",\"inLanguage\":\"pl-PL\",\"@id\":\"https:\\\/\\\/www.synthesia.com\\\/pl\\\/#\\\/schema\\\/logo\\\/image\\\/\",\"url\":\"https:\\\/\\\/www.synthesia.com\\\/wp-content\\\/uploads\\\/2020\\\/09\\\/cropped-synthesia-technology-logo.png\",\"contentUrl\":\"https:\\\/\\\/www.synthesia.com\\\/wp-content\\\/uploads\\\/2020\\\/09\\\/cropped-synthesia-technology-logo.png\",\"width\":198,\"height\":67,\"caption\":\"Synthesia Technology S.L.U\"},\"image\":{\"@id\":\"https:\\\/\\\/www.synthesia.com\\\/pl\\\/#\\\/schema\\\/logo\\\/image\\\/\"}},{\"@type\":\"Person\",\"@id\":\"https:\\\/\\\/www.synthesia.com\\\/pl\\\/#\\\/schema\\\/person\\\/d1efac9168167b1d64ec022161621e21\",\"name\":\"maratum\"}]}<\/script>\n<!-- \/ Yoast SEO plugin. -->","yoast_head_json":{"title":"Syntezja na Targach UTECH Europe 2021 - Synthesia","description":"Synthesia we\u017amie udzia\u0142 w kolejnej edycji wystawy THE UTECH Europe 2021 (16-18 listopada) w MECC w Maastricht w Holandii.","robots":{"index":"index","follow":"follow","max-snippet":"max-snippet:-1","max-image-preview":"max-image-preview:large","max-video-preview":"max-video-preview:-1"},"canonical":"https:\/\/www.synthesia.com\/pl\/syntezja-na-targach-utech-europe-2021\/","og_locale":"pl_PL","og_type":"article","og_title":"Syntezja na Targach UTECH Europe 2021 - Synthesia","og_description":"Synthesia we\u017amie udzia\u0142 w kolejnej edycji wystawy THE UTECH Europe 2021 (16-18 listopada) w MECC w Maastricht w Holandii.","og_url":"https:\/\/www.synthesia.com\/pl\/syntezja-na-targach-utech-europe-2021\/","og_site_name":"Synthesia","article_published_time":"2021-08-06T06:57:38+00:00","article_modified_time":"2026-01-03T16:05:18+00:00","og_image":[{"width":1609,"height":1073,"url":"https:\/\/www.synthesia.com\/wp-content\/uploads\/2021\/08\/synthesia-utech-europe-november-2021-transparente.png","type":"image\/png"}],"author":"maratum","twitter_card":"summary_large_image","twitter_misc":{"Napisane przez":"maratum","Szacowany czas czytania":"2 minuty"},"schema":{"@context":"https:\/\/schema.org","@graph":[{"@type":"Article","@id":"https:\/\/www.synthesia.com\/pl\/syntezja-na-targach-utech-europe-2021\/#article","isPartOf":{"@id":"https:\/\/www.synthesia.com\/pl\/syntezja-na-targach-utech-europe-2021\/"},"author":{"name":"maratum","@id":"https:\/\/www.synthesia.com\/pl\/#\/schema\/person\/d1efac9168167b1d64ec022161621e21"},"headline":"Syntezja na Targach UTECH Europe 2021","datePublished":"2021-08-06T06:57:38+00:00","dateModified":"2026-01-03T16:05:18+00:00","mainEntityOfPage":{"@id":"https:\/\/www.synthesia.com\/pl\/syntezja-na-targach-utech-europe-2021\/"},"wordCount":194,"commentCount":0,"publisher":{"@id":"https:\/\/www.synthesia.com\/pl\/#organization"},"image":{"@id":"https:\/\/www.synthesia.com\/pl\/syntezja-na-targach-utech-europe-2021\/#primaryimage"},"thumbnailUrl":"https:\/\/www.synthesia.com\/wp-content\/uploads\/2021\/08\/synthesia-utech-europe-november-2021-transparente.png","articleSection":["Aktualno\u015bci"],"inLanguage":"pl-PL","potentialAction":[{"@type":"CommentAction","name":"Comment","target":["https:\/\/www.synthesia.com\/pl\/syntezja-na-targach-utech-europe-2021\/#respond"]}]},{"@type":"WebPage","@id":"https:\/\/www.synthesia.com\/pl\/syntezja-na-targach-utech-europe-2021\/","url":"https:\/\/www.synthesia.com\/pl\/syntezja-na-targach-utech-europe-2021\/","name":"Syntezja na Targach UTECH Europe 2021 - Synthesia","isPartOf":{"@id":"https:\/\/www.synthesia.com\/pl\/#website"},"primaryImageOfPage":{"@id":"https:\/\/www.synthesia.com\/pl\/syntezja-na-targach-utech-europe-2021\/#primaryimage"},"image":{"@id":"https:\/\/www.synthesia.com\/pl\/syntezja-na-targach-utech-europe-2021\/#primaryimage"},"thumbnailUrl":"https:\/\/www.synthesia.com\/wp-content\/uploads\/2021\/08\/synthesia-utech-europe-november-2021-transparente.png","datePublished":"2021-08-06T06:57:38+00:00","dateModified":"2026-01-03T16:05:18+00:00","description":"Synthesia we\u017amie udzia\u0142 w kolejnej edycji wystawy THE UTECH Europe 2021 (16-18 listopada) w MECC w Maastricht w Holandii.","breadcrumb":{"@id":"https:\/\/www.synthesia.com\/pl\/syntezja-na-targach-utech-europe-2021\/#breadcrumb"},"inLanguage":"pl-PL","potentialAction":[{"@type":"ReadAction","target":["https:\/\/www.synthesia.com\/pl\/syntezja-na-targach-utech-europe-2021\/"]}]},{"@type":"ImageObject","inLanguage":"pl-PL","@id":"https:\/\/www.synthesia.com\/pl\/syntezja-na-targach-utech-europe-2021\/#primaryimage","url":"https:\/\/www.synthesia.com\/wp-content\/uploads\/2021\/08\/synthesia-utech-europe-november-2021-transparente.png","contentUrl":"https:\/\/www.synthesia.com\/wp-content\/uploads\/2021\/08\/synthesia-utech-europe-november-2021-transparente.png","width":1609,"height":1073},{"@type":"BreadcrumbList","@id":"https:\/\/www.synthesia.com\/pl\/syntezja-na-targach-utech-europe-2021\/#breadcrumb","itemListElement":[{"@type":"ListItem","position":1,"name":"Portada","item":"https:\/\/www.synthesia.com\/pl\/"},{"@type":"ListItem","position":2,"name":"Syntezja na Targach UTECH Europe 2021"}]},{"@type":"WebSite","@id":"https:\/\/www.synthesia.com\/pl\/#website","url":"https:\/\/www.synthesia.com\/pl\/","name":"Synthesia","description":"","publisher":{"@id":"https:\/\/www.synthesia.com\/pl\/#organization"},"potentialAction":[{"@type":"SearchAction","target":{"@type":"EntryPoint","urlTemplate":"https:\/\/www.synthesia.com\/pl\/?s={search_term_string}"},"query-input":{"@type":"PropertyValueSpecification","valueRequired":true,"valueName":"search_term_string"}}],"inLanguage":"pl-PL"},{"@type":"Organization","@id":"https:\/\/www.synthesia.com\/pl\/#organization","name":"Synthesia Technology S.L.U","url":"https:\/\/www.synthesia.com\/pl\/","logo":{"@type":"ImageObject","inLanguage":"pl-PL","@id":"https:\/\/www.synthesia.com\/pl\/#\/schema\/logo\/image\/","url":"https:\/\/www.synthesia.com\/wp-content\/uploads\/2020\/09\/cropped-synthesia-technology-logo.png","contentUrl":"https:\/\/www.synthesia.com\/wp-content\/uploads\/2020\/09\/cropped-synthesia-technology-logo.png","width":198,"height":67,"caption":"Synthesia Technology S.L.U"},"image":{"@id":"https:\/\/www.synthesia.com\/pl\/#\/schema\/logo\/image\/"}},{"@type":"Person","@id":"https:\/\/www.synthesia.com\/pl\/#\/schema\/person\/d1efac9168167b1d64ec022161621e21","name":"maratum"}]}},"_links":{"self":[{"href":"https:\/\/www.synthesia.com\/pl\/wp-json\/wp\/v2\/posts\/14648","targetHints":{"allow":["GET"]}}],"collection":[{"href":"https:\/\/www.synthesia.com\/pl\/wp-json\/wp\/v2\/posts"}],"about":[{"href":"https:\/\/www.synthesia.com\/pl\/wp-json\/wp\/v2\/types\/post"}],"author":[{"embeddable":true,"href":"https:\/\/www.synthesia.com\/pl\/wp-json\/wp\/v2\/users\/5"}],"replies":[{"embeddable":true,"href":"https:\/\/www.synthesia.com\/pl\/wp-json\/wp\/v2\/comments?post=14648"}],"version-history":[{"count":16,"href":"https:\/\/www.synthesia.com\/pl\/wp-json\/wp\/v2\/posts\/14648\/revisions"}],"predecessor-version":[{"id":18525,"href":"https:\/\/www.synthesia.com\/pl\/wp-json\/wp\/v2\/posts\/14648\/revisions\/18525"}],"wp:featuredmedia":[{"embeddable":true,"href":"https:\/\/www.synthesia.com\/pl\/wp-json\/wp\/v2\/media\/14649"}],"wp:attachment":[{"href":"https:\/\/www.synthesia.com\/pl\/wp-json\/wp\/v2\/media?parent=14648"}],"wp:term":[{"taxonomy":"category","embeddable":true,"href":"https:\/\/www.synthesia.com\/pl\/wp-json\/wp\/v2\/categories?post=14648"},{"taxonomy":"post_tag","embeddable":true,"href":"https:\/\/www.synthesia.com\/pl\/wp-json\/wp\/v2\/tags?post=14648"}],"curies":[{"name":"wp","href":"https:\/\/api.w.org\/{rel}","templated":true}]}}