{"id":27922,"date":"2025-06-20T09:00:55","date_gmt":"2025-06-20T07:00:55","guid":{"rendered":"https:\/\/www.synthesia.com\/?p=27922"},"modified":"2025-06-20T11:35:45","modified_gmt":"2025-06-20T09:35:45","slug":"synthesia-colombia-et-kingspan-colombia-organisent-une-action-decovolontariat-dans-le-cadre-dune-collecte-de-dechets","status":"publish","type":"post","link":"https:\/\/www.synthesia.com\/fr\/synthesia-colombia-et-kingspan-colombia-organisent-une-action-decovolontariat-dans-le-cadre-dune-collecte-de-dechets\/","title":{"rendered":"Synthesia Colombia et Kingspan Colombia organisent une action d\u2019\u00e9covolontariat dans le cadre d\u2019une collecte de d\u00e9chets"},"content":{"rendered":"<p><span style=\"font-weight: 400;\">Le 9 juin dernier, Synthesia Colombia et <a href=\"https:\/\/www.kingspan.com\/co\/es\/\" target=\"_blank\" rel=\"noopener\">Kingspan Colombia<\/a> se sont associ\u00e9s pour organiser une action d\u2019\u00e9covolontariat dans le cadre d\u2019une collecte de d\u00e9chets : Journ\u00e9e \u00ab Street Cleaning \u00bb, Bogota, 2025 Dans le centre de Bogota, les employ\u00e9s des deux entreprises ont particip\u00e9 au nettoyage des rues et ont \u00e9t\u00e9 sensibilis\u00e9s et form\u00e9s au tri des d\u00e9chets, mais aussi \u00e0 l\u2019importance du recyclage dans le contexte social colombien.<\/span><\/p>\n<p><span style=\"font-weight: 400;\">Cette initiative, organis\u00e9e main dans la main avec Kingspan Colombia et Promoambiental (gestionnaire des d\u00e9chets de la zone), s\u2019inscrit dans la campagne de sensibilisation men\u00e9e depuis plusieurs ann\u00e9es par Synthesia et vient renforcer l\u2019engagement de l\u2019entreprise contre le r\u00e9chauffement climatique et la pollution de l\u2019environnement.<\/span><\/p>\n<p>&nbsp;<\/p>\n<p><img fetchpriority=\"high\" decoding=\"async\" class=\"aligncenter wp-image-27907 size-full\" src=\"https:\/\/www.synthesia.com\/wp-content\/uploads\/2025\/06\/Synthesia-Colombia-organizo-junto-con-Kingspan-Colombia-una-accion-de-voluntariado-ambiental-de-recogida-de-residuos-3-1-scaled.jpg\" alt=\"Synthesia Colombia et Kingspan Colombia organisent une action d\u2019\u00e9covolontariat dans le cadre d\u2019une collecte de d\u00e9chets\" width=\"2560\" height=\"1706\" srcset=\"https:\/\/www.synthesia.com\/wp-content\/uploads\/2025\/06\/Synthesia-Colombia-organizo-junto-con-Kingspan-Colombia-una-accion-de-voluntariado-ambiental-de-recogida-de-residuos-3-1-scaled.jpg 2560w, https:\/\/www.synthesia.com\/wp-content\/uploads\/2025\/06\/Synthesia-Colombia-organizo-junto-con-Kingspan-Colombia-una-accion-de-voluntariado-ambiental-de-recogida-de-residuos-3-1-300x200.jpg 300w, https:\/\/www.synthesia.com\/wp-content\/uploads\/2025\/06\/Synthesia-Colombia-organizo-junto-con-Kingspan-Colombia-una-accion-de-voluntariado-ambiental-de-recogida-de-residuos-3-1-1024x683.jpg 1024w, https:\/\/www.synthesia.com\/wp-content\/uploads\/2025\/06\/Synthesia-Colombia-organizo-junto-con-Kingspan-Colombia-una-accion-de-voluntariado-ambiental-de-recogida-de-residuos-3-1-768x512.jpg 768w, https:\/\/www.synthesia.com\/wp-content\/uploads\/2025\/06\/Synthesia-Colombia-organizo-junto-con-Kingspan-Colombia-una-accion-de-voluntariado-ambiental-de-recogida-de-residuos-3-1-1536x1024.jpg 1536w, https:\/\/www.synthesia.com\/wp-content\/uploads\/2025\/06\/Synthesia-Colombia-organizo-junto-con-Kingspan-Colombia-una-accion-de-voluntariado-ambiental-de-recogida-de-residuos-3-1-2048x1365.jpg 2048w\" sizes=\"(max-width: 2560px) 100vw, 2560px\" \/><\/p>\n<p>&nbsp;<\/p>\n<p><span style=\"font-weight: 400;\">Chez Synthesia, nous sommes convaincus que ce type d\u2019initiatives encouragent l\u2019\u00e9conomie circulaire et permettent de promouvoir une meilleure durabilit\u00e9 et de renforcer la conscience environnementale. Merci \u00e0 toustes les participants !<\/span><\/p>\n<p>&nbsp;<\/p>\n<p><img decoding=\"async\" class=\"aligncenter wp-image-27899 size-full\" src=\"https:\/\/www.synthesia.com\/wp-content\/uploads\/2025\/06\/Synthesia-Colombia-organizo-junto-con-Kingspan-Colombia-una-accion-de-voluntariado-ambiental-de-recogida-de-residuos-2-1-scaled.jpg\" alt=\"Synthesia Colombia et Kingspan Colombia organisent une action d\u2019\u00e9covolontariat dans le cadre d\u2019une collecte de d\u00e9chets\" width=\"2560\" height=\"1707\" srcset=\"https:\/\/www.synthesia.com\/wp-content\/uploads\/2025\/06\/Synthesia-Colombia-organizo-junto-con-Kingspan-Colombia-una-accion-de-voluntariado-ambiental-de-recogida-de-residuos-2-1-scaled.jpg 2560w, https:\/\/www.synthesia.com\/wp-content\/uploads\/2025\/06\/Synthesia-Colombia-organizo-junto-con-Kingspan-Colombia-una-accion-de-voluntariado-ambiental-de-recogida-de-residuos-2-1-300x200.jpg 300w, https:\/\/www.synthesia.com\/wp-content\/uploads\/2025\/06\/Synthesia-Colombia-organizo-junto-con-Kingspan-Colombia-una-accion-de-voluntariado-ambiental-de-recogida-de-residuos-2-1-1024x683.jpg 1024w, https:\/\/www.synthesia.com\/wp-content\/uploads\/2025\/06\/Synthesia-Colombia-organizo-junto-con-Kingspan-Colombia-una-accion-de-voluntariado-ambiental-de-recogida-de-residuos-2-1-768x512.jpg 768w, https:\/\/www.synthesia.com\/wp-content\/uploads\/2025\/06\/Synthesia-Colombia-organizo-junto-con-Kingspan-Colombia-una-accion-de-voluntariado-ambiental-de-recogida-de-residuos-2-1-1536x1024.jpg 1536w, https:\/\/www.synthesia.com\/wp-content\/uploads\/2025\/06\/Synthesia-Colombia-organizo-junto-con-Kingspan-Colombia-una-accion-de-voluntariado-ambiental-de-recogida-de-residuos-2-1-2048x1365.jpg 2048w\" sizes=\"(max-width: 2560px) 100vw, 2560px\" \/><\/p>\n<p>&nbsp;<\/p>\n<p><img decoding=\"async\" class=\"aligncenter wp-image-27911 size-full\" src=\"https:\/\/www.synthesia.com\/wp-content\/uploads\/2025\/06\/Synthesia-Colombia-organizo-junto-con-Kingspan-Colombia-una-accion-de-voluntariado-ambiental-de-recogida-de-residuos-4-1-scaled.jpg\" alt=\"Synthesia Colombia et Kingspan Colombia organisent une action d\u2019\u00e9covolontariat dans le cadre d\u2019une collecte de d\u00e9chets\" width=\"2560\" height=\"1707\" srcset=\"https:\/\/www.synthesia.com\/wp-content\/uploads\/2025\/06\/Synthesia-Colombia-organizo-junto-con-Kingspan-Colombia-una-accion-de-voluntariado-ambiental-de-recogida-de-residuos-4-1-scaled.jpg 2560w, https:\/\/www.synthesia.com\/wp-content\/uploads\/2025\/06\/Synthesia-Colombia-organizo-junto-con-Kingspan-Colombia-una-accion-de-voluntariado-ambiental-de-recogida-de-residuos-4-1-300x200.jpg 300w, https:\/\/www.synthesia.com\/wp-content\/uploads\/2025\/06\/Synthesia-Colombia-organizo-junto-con-Kingspan-Colombia-una-accion-de-voluntariado-ambiental-de-recogida-de-residuos-4-1-1024x683.jpg 1024w, https:\/\/www.synthesia.com\/wp-content\/uploads\/2025\/06\/Synthesia-Colombia-organizo-junto-con-Kingspan-Colombia-una-accion-de-voluntariado-ambiental-de-recogida-de-residuos-4-1-768x512.jpg 768w, https:\/\/www.synthesia.com\/wp-content\/uploads\/2025\/06\/Synthesia-Colombia-organizo-junto-con-Kingspan-Colombia-una-accion-de-voluntariado-ambiental-de-recogida-de-residuos-4-1-1536x1024.jpg 1536w, https:\/\/www.synthesia.com\/wp-content\/uploads\/2025\/06\/Synthesia-Colombia-organizo-junto-con-Kingspan-Colombia-una-accion-de-voluntariado-ambiental-de-recogida-de-residuos-4-1-2048x1365.jpg 2048w\" sizes=\"(max-width: 2560px) 100vw, 2560px\" \/><\/p>\n","protected":false},"excerpt":{"rendered":"<p>Le 9 juin dernier, Synthesia Colombia et Kingspan Colombia se sont associ\u00e9s pour organiser une action d\u2019\u00e9covolontariat dans le cadre d\u2019une collecte de d\u00e9chets.<\/p>\n","protected":false},"author":5,"featured_media":27905,"comment_status":"closed","ping_status":"closed","sticky":false,"template":"","format":"standard","meta":{"content-type":"","footnotes":""},"categories":[36],"tags":[],"class_list":["post-27922","post","type-post","status-publish","format-standard","has-post-thumbnail","hentry","category-actualites"],"yoast_head":"<!-- This site is optimized with the Yoast SEO plugin v28.3 - https:\/\/yoast.com\/product\/yoast-seo-wordpress\/ -->\n<title>Synthesia Colombia et Kingspan Colombia organisent une action d\u2019\u00e9covolontariat dans le cadre d\u2019une collecte de d\u00e9chets - Synthesia<\/title>\n<meta name=\"description\" content=\"Le 9 juin dernier, Synthesia Colombia et Kingspan Colombia se sont associ\u00e9s pour organiser une action d\u2019\u00e9covolontariat dans le cadre d\u2019une collecte de d\u00e9chets.\" \/>\n<meta name=\"robots\" content=\"index, follow, max-snippet:-1, max-image-preview:large, max-video-preview:-1\" \/>\n<link rel=\"canonical\" href=\"https:\/\/www.synthesia.com\/fr\/synthesia-colombia-et-kingspan-colombia-organisent-une-action-decovolontariat-dans-le-cadre-dune-collecte-de-dechets\/\" \/>\n<meta property=\"og:locale\" content=\"fr_FR\" \/>\n<meta property=\"og:type\" content=\"article\" \/>\n<meta property=\"og:title\" content=\"Synthesia Colombia et Kingspan Colombia organisent une action d\u2019\u00e9covolontariat dans le cadre d\u2019une collecte de d\u00e9chets - Synthesia\" \/>\n<meta property=\"og:description\" content=\"Le 9 juin dernier, Synthesia Colombia et Kingspan Colombia se sont associ\u00e9s pour organiser une action d\u2019\u00e9covolontariat dans le cadre d\u2019une collecte de d\u00e9chets.\" \/>\n<meta property=\"og:url\" content=\"https:\/\/www.synthesia.com\/fr\/synthesia-colombia-et-kingspan-colombia-organisent-une-action-decovolontariat-dans-le-cadre-dune-collecte-de-dechets\/\" \/>\n<meta property=\"og:site_name\" content=\"Synthesia\" \/>\n<meta property=\"article:published_time\" content=\"2025-06-20T07:00:55+00:00\" \/>\n<meta property=\"article:modified_time\" content=\"2025-06-20T09:35:45+00:00\" \/>\n<meta property=\"og:image\" content=\"https:\/\/www.synthesia.com\/wp-content\/uploads\/2025\/06\/Synthesia-Colombia-organizo-junto-con-Kingspan-Colombia-una-accion-de-voluntariado-ambiental-de-recogida-de-residuos-1-1-scaled.jpg\" \/>\n\t<meta property=\"og:image:width\" content=\"2560\" \/>\n\t<meta property=\"og:image:height\" content=\"1707\" \/>\n\t<meta property=\"og:image:type\" content=\"image\/jpeg\" \/>\n<meta name=\"author\" content=\"maratum\" \/>\n<meta name=\"twitter:card\" content=\"summary_large_image\" \/>\n<meta name=\"twitter:label1\" content=\"\u00c9crit par\" \/>\n\t<meta name=\"twitter:data1\" content=\"maratum\" \/>\n\t<meta name=\"twitter:label2\" content=\"Dur\u00e9e de lecture estim\u00e9e\" \/>\n\t<meta name=\"twitter:data2\" content=\"2 minutes\" \/>\n<script type=\"application\/ld+json\" class=\"yoast-schema-graph\">{\"@context\":\"https:\\\/\\\/schema.org\",\"@graph\":[{\"@type\":\"Article\",\"@id\":\"https:\\\/\\\/www.synthesia.com\\\/fr\\\/synthesia-colombia-et-kingspan-colombia-organisent-une-action-decovolontariat-dans-le-cadre-dune-collecte-de-dechets\\\/#article\",\"isPartOf\":{\"@id\":\"https:\\\/\\\/www.synthesia.com\\\/fr\\\/synthesia-colombia-et-kingspan-colombia-organisent-une-action-decovolontariat-dans-le-cadre-dune-collecte-de-dechets\\\/\"},\"author\":{\"name\":\"maratum\",\"@id\":\"https:\\\/\\\/www.synthesia.com\\\/fr\\\/#\\\/schema\\\/person\\\/d1efac9168167b1d64ec022161621e21\"},\"headline\":\"Synthesia Colombia et Kingspan Colombia organisent une action d\u2019\u00e9covolontariat dans le cadre d\u2019une collecte de d\u00e9chets\",\"datePublished\":\"2025-06-20T07:00:55+00:00\",\"dateModified\":\"2025-06-20T09:35:45+00:00\",\"mainEntityOfPage\":{\"@id\":\"https:\\\/\\\/www.synthesia.com\\\/fr\\\/synthesia-colombia-et-kingspan-colombia-organisent-une-action-decovolontariat-dans-le-cadre-dune-collecte-de-dechets\\\/\"},\"wordCount\":181,\"publisher\":{\"@id\":\"https:\\\/\\\/www.synthesia.com\\\/fr\\\/#organization\"},\"image\":{\"@id\":\"https:\\\/\\\/www.synthesia.com\\\/fr\\\/synthesia-colombia-et-kingspan-colombia-organisent-une-action-decovolontariat-dans-le-cadre-dune-collecte-de-dechets\\\/#primaryimage\"},\"thumbnailUrl\":\"https:\\\/\\\/www.synthesia.com\\\/wp-content\\\/uploads\\\/2025\\\/06\\\/Synthesia-Colombia-organizo-junto-con-Kingspan-Colombia-una-accion-de-voluntariado-ambiental-de-recogida-de-residuos-1-1-scaled.jpg\",\"articleSection\":[\"Actualit\u00e9s\"],\"inLanguage\":\"fr-FR\"},{\"@type\":\"WebPage\",\"@id\":\"https:\\\/\\\/www.synthesia.com\\\/fr\\\/synthesia-colombia-et-kingspan-colombia-organisent-une-action-decovolontariat-dans-le-cadre-dune-collecte-de-dechets\\\/\",\"url\":\"https:\\\/\\\/www.synthesia.com\\\/fr\\\/synthesia-colombia-et-kingspan-colombia-organisent-une-action-decovolontariat-dans-le-cadre-dune-collecte-de-dechets\\\/\",\"name\":\"Synthesia Colombia et Kingspan Colombia organisent une action d\u2019\u00e9covolontariat dans le cadre d\u2019une collecte de d\u00e9chets - Synthesia\",\"isPartOf\":{\"@id\":\"https:\\\/\\\/www.synthesia.com\\\/fr\\\/#website\"},\"primaryImageOfPage\":{\"@id\":\"https:\\\/\\\/www.synthesia.com\\\/fr\\\/synthesia-colombia-et-kingspan-colombia-organisent-une-action-decovolontariat-dans-le-cadre-dune-collecte-de-dechets\\\/#primaryimage\"},\"image\":{\"@id\":\"https:\\\/\\\/www.synthesia.com\\\/fr\\\/synthesia-colombia-et-kingspan-colombia-organisent-une-action-decovolontariat-dans-le-cadre-dune-collecte-de-dechets\\\/#primaryimage\"},\"thumbnailUrl\":\"https:\\\/\\\/www.synthesia.com\\\/wp-content\\\/uploads\\\/2025\\\/06\\\/Synthesia-Colombia-organizo-junto-con-Kingspan-Colombia-una-accion-de-voluntariado-ambiental-de-recogida-de-residuos-1-1-scaled.jpg\",\"datePublished\":\"2025-06-20T07:00:55+00:00\",\"dateModified\":\"2025-06-20T09:35:45+00:00\",\"description\":\"Le 9 juin dernier, Synthesia Colombia et Kingspan Colombia se sont associ\u00e9s pour organiser une action d\u2019\u00e9covolontariat dans le cadre d\u2019une collecte de d\u00e9chets.\",\"breadcrumb\":{\"@id\":\"https:\\\/\\\/www.synthesia.com\\\/fr\\\/synthesia-colombia-et-kingspan-colombia-organisent-une-action-decovolontariat-dans-le-cadre-dune-collecte-de-dechets\\\/#breadcrumb\"},\"inLanguage\":\"fr-FR\",\"potentialAction\":[{\"@type\":\"ReadAction\",\"target\":[\"https:\\\/\\\/www.synthesia.com\\\/fr\\\/synthesia-colombia-et-kingspan-colombia-organisent-une-action-decovolontariat-dans-le-cadre-dune-collecte-de-dechets\\\/\"]}]},{\"@type\":\"ImageObject\",\"inLanguage\":\"fr-FR\",\"@id\":\"https:\\\/\\\/www.synthesia.com\\\/fr\\\/synthesia-colombia-et-kingspan-colombia-organisent-une-action-decovolontariat-dans-le-cadre-dune-collecte-de-dechets\\\/#primaryimage\",\"url\":\"https:\\\/\\\/www.synthesia.com\\\/wp-content\\\/uploads\\\/2025\\\/06\\\/Synthesia-Colombia-organizo-junto-con-Kingspan-Colombia-una-accion-de-voluntariado-ambiental-de-recogida-de-residuos-1-1-scaled.jpg\",\"contentUrl\":\"https:\\\/\\\/www.synthesia.com\\\/wp-content\\\/uploads\\\/2025\\\/06\\\/Synthesia-Colombia-organizo-junto-con-Kingspan-Colombia-una-accion-de-voluntariado-ambiental-de-recogida-de-residuos-1-1-scaled.jpg\",\"width\":2560,\"height\":1707,\"caption\":\"Synthesia Colombia y Kingspan Colombia organizan una acci\u00f3n de voluntariado ambiental de recogida de residuos\"},{\"@type\":\"BreadcrumbList\",\"@id\":\"https:\\\/\\\/www.synthesia.com\\\/fr\\\/synthesia-colombia-et-kingspan-colombia-organisent-une-action-decovolontariat-dans-le-cadre-dune-collecte-de-dechets\\\/#breadcrumb\",\"itemListElement\":[{\"@type\":\"ListItem\",\"position\":1,\"name\":\"Portada\",\"item\":\"https:\\\/\\\/www.synthesia.com\\\/fr\\\/\"},{\"@type\":\"ListItem\",\"position\":2,\"name\":\"Synthesia Colombia et Kingspan Colombia organisent une action d\u2019\u00e9covolontariat dans le cadre d\u2019une collecte de d\u00e9chets\"}]},{\"@type\":\"WebSite\",\"@id\":\"https:\\\/\\\/www.synthesia.com\\\/fr\\\/#website\",\"url\":\"https:\\\/\\\/www.synthesia.com\\\/fr\\\/\",\"name\":\"Synthesia\",\"description\":\"\",\"publisher\":{\"@id\":\"https:\\\/\\\/www.synthesia.com\\\/fr\\\/#organization\"},\"potentialAction\":[{\"@type\":\"SearchAction\",\"target\":{\"@type\":\"EntryPoint\",\"urlTemplate\":\"https:\\\/\\\/www.synthesia.com\\\/fr\\\/?s={search_term_string}\"},\"query-input\":{\"@type\":\"PropertyValueSpecification\",\"valueRequired\":true,\"valueName\":\"search_term_string\"}}],\"inLanguage\":\"fr-FR\"},{\"@type\":\"Organization\",\"@id\":\"https:\\\/\\\/www.synthesia.com\\\/fr\\\/#organization\",\"name\":\"Synthesia Technology S.L.U\",\"url\":\"https:\\\/\\\/www.synthesia.com\\\/fr\\\/\",\"logo\":{\"@type\":\"ImageObject\",\"inLanguage\":\"fr-FR\",\"@id\":\"https:\\\/\\\/www.synthesia.com\\\/fr\\\/#\\\/schema\\\/logo\\\/image\\\/\",\"url\":\"https:\\\/\\\/www.synthesia.com\\\/wp-content\\\/uploads\\\/2020\\\/09\\\/cropped-synthesia-technology-logo.png\",\"contentUrl\":\"https:\\\/\\\/www.synthesia.com\\\/wp-content\\\/uploads\\\/2020\\\/09\\\/cropped-synthesia-technology-logo.png\",\"width\":198,\"height\":67,\"caption\":\"Synthesia Technology S.L.U\"},\"image\":{\"@id\":\"https:\\\/\\\/www.synthesia.com\\\/fr\\\/#\\\/schema\\\/logo\\\/image\\\/\"}},{\"@type\":\"Person\",\"@id\":\"https:\\\/\\\/www.synthesia.com\\\/fr\\\/#\\\/schema\\\/person\\\/d1efac9168167b1d64ec022161621e21\",\"name\":\"maratum\"}]}<\/script>\n<!-- \/ Yoast SEO plugin. -->","yoast_head_json":{"title":"Synthesia Colombia et Kingspan Colombia organisent une action d\u2019\u00e9covolontariat dans le cadre d\u2019une collecte de d\u00e9chets - Synthesia","description":"Le 9 juin dernier, Synthesia Colombia et Kingspan Colombia se sont associ\u00e9s pour organiser une action d\u2019\u00e9covolontariat dans le cadre d\u2019une collecte de d\u00e9chets.","robots":{"index":"index","follow":"follow","max-snippet":"max-snippet:-1","max-image-preview":"max-image-preview:large","max-video-preview":"max-video-preview:-1"},"canonical":"https:\/\/www.synthesia.com\/fr\/synthesia-colombia-et-kingspan-colombia-organisent-une-action-decovolontariat-dans-le-cadre-dune-collecte-de-dechets\/","og_locale":"fr_FR","og_type":"article","og_title":"Synthesia Colombia et Kingspan Colombia organisent une action d\u2019\u00e9covolontariat dans le cadre d\u2019une collecte de d\u00e9chets - Synthesia","og_description":"Le 9 juin dernier, Synthesia Colombia et Kingspan Colombia se sont associ\u00e9s pour organiser une action d\u2019\u00e9covolontariat dans le cadre d\u2019une collecte de d\u00e9chets.","og_url":"https:\/\/www.synthesia.com\/fr\/synthesia-colombia-et-kingspan-colombia-organisent-une-action-decovolontariat-dans-le-cadre-dune-collecte-de-dechets\/","og_site_name":"Synthesia","article_published_time":"2025-06-20T07:00:55+00:00","article_modified_time":"2025-06-20T09:35:45+00:00","og_image":[{"width":2560,"height":1707,"url":"https:\/\/www.synthesia.com\/wp-content\/uploads\/2025\/06\/Synthesia-Colombia-organizo-junto-con-Kingspan-Colombia-una-accion-de-voluntariado-ambiental-de-recogida-de-residuos-1-1-scaled.jpg","type":"image\/jpeg"}],"author":"maratum","twitter_card":"summary_large_image","twitter_misc":{"\u00c9crit par":"maratum","Dur\u00e9e de lecture estim\u00e9e":"2 minutes"},"schema":{"@context":"https:\/\/schema.org","@graph":[{"@type":"Article","@id":"https:\/\/www.synthesia.com\/fr\/synthesia-colombia-et-kingspan-colombia-organisent-une-action-decovolontariat-dans-le-cadre-dune-collecte-de-dechets\/#article","isPartOf":{"@id":"https:\/\/www.synthesia.com\/fr\/synthesia-colombia-et-kingspan-colombia-organisent-une-action-decovolontariat-dans-le-cadre-dune-collecte-de-dechets\/"},"author":{"name":"maratum","@id":"https:\/\/www.synthesia.com\/fr\/#\/schema\/person\/d1efac9168167b1d64ec022161621e21"},"headline":"Synthesia Colombia et Kingspan Colombia organisent une action d\u2019\u00e9covolontariat dans le cadre d\u2019une collecte de d\u00e9chets","datePublished":"2025-06-20T07:00:55+00:00","dateModified":"2025-06-20T09:35:45+00:00","mainEntityOfPage":{"@id":"https:\/\/www.synthesia.com\/fr\/synthesia-colombia-et-kingspan-colombia-organisent-une-action-decovolontariat-dans-le-cadre-dune-collecte-de-dechets\/"},"wordCount":181,"publisher":{"@id":"https:\/\/www.synthesia.com\/fr\/#organization"},"image":{"@id":"https:\/\/www.synthesia.com\/fr\/synthesia-colombia-et-kingspan-colombia-organisent-une-action-decovolontariat-dans-le-cadre-dune-collecte-de-dechets\/#primaryimage"},"thumbnailUrl":"https:\/\/www.synthesia.com\/wp-content\/uploads\/2025\/06\/Synthesia-Colombia-organizo-junto-con-Kingspan-Colombia-una-accion-de-voluntariado-ambiental-de-recogida-de-residuos-1-1-scaled.jpg","articleSection":["Actualit\u00e9s"],"inLanguage":"fr-FR"},{"@type":"WebPage","@id":"https:\/\/www.synthesia.com\/fr\/synthesia-colombia-et-kingspan-colombia-organisent-une-action-decovolontariat-dans-le-cadre-dune-collecte-de-dechets\/","url":"https:\/\/www.synthesia.com\/fr\/synthesia-colombia-et-kingspan-colombia-organisent-une-action-decovolontariat-dans-le-cadre-dune-collecte-de-dechets\/","name":"Synthesia Colombia et Kingspan Colombia organisent une action d\u2019\u00e9covolontariat dans le cadre d\u2019une collecte de d\u00e9chets - Synthesia","isPartOf":{"@id":"https:\/\/www.synthesia.com\/fr\/#website"},"primaryImageOfPage":{"@id":"https:\/\/www.synthesia.com\/fr\/synthesia-colombia-et-kingspan-colombia-organisent-une-action-decovolontariat-dans-le-cadre-dune-collecte-de-dechets\/#primaryimage"},"image":{"@id":"https:\/\/www.synthesia.com\/fr\/synthesia-colombia-et-kingspan-colombia-organisent-une-action-decovolontariat-dans-le-cadre-dune-collecte-de-dechets\/#primaryimage"},"thumbnailUrl":"https:\/\/www.synthesia.com\/wp-content\/uploads\/2025\/06\/Synthesia-Colombia-organizo-junto-con-Kingspan-Colombia-una-accion-de-voluntariado-ambiental-de-recogida-de-residuos-1-1-scaled.jpg","datePublished":"2025-06-20T07:00:55+00:00","dateModified":"2025-06-20T09:35:45+00:00","description":"Le 9 juin dernier, Synthesia Colombia et Kingspan Colombia se sont associ\u00e9s pour organiser une action d\u2019\u00e9covolontariat dans le cadre d\u2019une collecte de d\u00e9chets.","breadcrumb":{"@id":"https:\/\/www.synthesia.com\/fr\/synthesia-colombia-et-kingspan-colombia-organisent-une-action-decovolontariat-dans-le-cadre-dune-collecte-de-dechets\/#breadcrumb"},"inLanguage":"fr-FR","potentialAction":[{"@type":"ReadAction","target":["https:\/\/www.synthesia.com\/fr\/synthesia-colombia-et-kingspan-colombia-organisent-une-action-decovolontariat-dans-le-cadre-dune-collecte-de-dechets\/"]}]},{"@type":"ImageObject","inLanguage":"fr-FR","@id":"https:\/\/www.synthesia.com\/fr\/synthesia-colombia-et-kingspan-colombia-organisent-une-action-decovolontariat-dans-le-cadre-dune-collecte-de-dechets\/#primaryimage","url":"https:\/\/www.synthesia.com\/wp-content\/uploads\/2025\/06\/Synthesia-Colombia-organizo-junto-con-Kingspan-Colombia-una-accion-de-voluntariado-ambiental-de-recogida-de-residuos-1-1-scaled.jpg","contentUrl":"https:\/\/www.synthesia.com\/wp-content\/uploads\/2025\/06\/Synthesia-Colombia-organizo-junto-con-Kingspan-Colombia-una-accion-de-voluntariado-ambiental-de-recogida-de-residuos-1-1-scaled.jpg","width":2560,"height":1707,"caption":"Synthesia Colombia y Kingspan Colombia organizan una acci\u00f3n de voluntariado ambiental de recogida de residuos"},{"@type":"BreadcrumbList","@id":"https:\/\/www.synthesia.com\/fr\/synthesia-colombia-et-kingspan-colombia-organisent-une-action-decovolontariat-dans-le-cadre-dune-collecte-de-dechets\/#breadcrumb","itemListElement":[{"@type":"ListItem","position":1,"name":"Portada","item":"https:\/\/www.synthesia.com\/fr\/"},{"@type":"ListItem","position":2,"name":"Synthesia Colombia et Kingspan Colombia organisent une action d\u2019\u00e9covolontariat dans le cadre d\u2019une collecte de d\u00e9chets"}]},{"@type":"WebSite","@id":"https:\/\/www.synthesia.com\/fr\/#website","url":"https:\/\/www.synthesia.com\/fr\/","name":"Synthesia","description":"","publisher":{"@id":"https:\/\/www.synthesia.com\/fr\/#organization"},"potentialAction":[{"@type":"SearchAction","target":{"@type":"EntryPoint","urlTemplate":"https:\/\/www.synthesia.com\/fr\/?s={search_term_string}"},"query-input":{"@type":"PropertyValueSpecification","valueRequired":true,"valueName":"search_term_string"}}],"inLanguage":"fr-FR"},{"@type":"Organization","@id":"https:\/\/www.synthesia.com\/fr\/#organization","name":"Synthesia Technology S.L.U","url":"https:\/\/www.synthesia.com\/fr\/","logo":{"@type":"ImageObject","inLanguage":"fr-FR","@id":"https:\/\/www.synthesia.com\/fr\/#\/schema\/logo\/image\/","url":"https:\/\/www.synthesia.com\/wp-content\/uploads\/2020\/09\/cropped-synthesia-technology-logo.png","contentUrl":"https:\/\/www.synthesia.com\/wp-content\/uploads\/2020\/09\/cropped-synthesia-technology-logo.png","width":198,"height":67,"caption":"Synthesia Technology S.L.U"},"image":{"@id":"https:\/\/www.synthesia.com\/fr\/#\/schema\/logo\/image\/"}},{"@type":"Person","@id":"https:\/\/www.synthesia.com\/fr\/#\/schema\/person\/d1efac9168167b1d64ec022161621e21","name":"maratum"}]}},"_links":{"self":[{"href":"https:\/\/www.synthesia.com\/fr\/wp-json\/wp\/v2\/posts\/27922","targetHints":{"allow":["GET"]}}],"collection":[{"href":"https:\/\/www.synthesia.com\/fr\/wp-json\/wp\/v2\/posts"}],"about":[{"href":"https:\/\/www.synthesia.com\/fr\/wp-json\/wp\/v2\/types\/post"}],"author":[{"embeddable":true,"href":"https:\/\/www.synthesia.com\/fr\/wp-json\/wp\/v2\/users\/5"}],"replies":[{"embeddable":true,"href":"https:\/\/www.synthesia.com\/fr\/wp-json\/wp\/v2\/comments?post=27922"}],"version-history":[{"count":1,"href":"https:\/\/www.synthesia.com\/fr\/wp-json\/wp\/v2\/posts\/27922\/revisions"}],"predecessor-version":[{"id":27923,"href":"https:\/\/www.synthesia.com\/fr\/wp-json\/wp\/v2\/posts\/27922\/revisions\/27923"}],"wp:featuredmedia":[{"embeddable":true,"href":"https:\/\/www.synthesia.com\/fr\/wp-json\/wp\/v2\/media\/27905"}],"wp:attachment":[{"href":"https:\/\/www.synthesia.com\/fr\/wp-json\/wp\/v2\/media?parent=27922"}],"wp:term":[{"taxonomy":"category","embeddable":true,"href":"https:\/\/www.synthesia.com\/fr\/wp-json\/wp\/v2\/categories?post=27922"},{"taxonomy":"post_tag","embeddable":true,"href":"https:\/\/www.synthesia.com\/fr\/wp-json\/wp\/v2\/tags?post=27922"}],"curies":[{"name":"wp","href":"https:\/\/api.w.org\/{rel}","templated":true}]}}