{"id":27326,"date":"2024-12-16T10:00:30","date_gmt":"2024-12-16T09:00:30","guid":{"rendered":"https:\/\/www.synthesia.com\/?p=27326"},"modified":"2024-12-20T11:36:49","modified_gmt":"2024-12-20T10:36:49","slug":"synthesia-fete-ses-60-ans-lors-dun-evenement-exceptionnel","status":"publish","type":"post","link":"https:\/\/www.synthesia.com\/fr\/synthesia-fete-ses-60-ans-lors-dun-evenement-exceptionnel\/","title":{"rendered":"Synthesia f\u00eate ses 60 ans lors d\u2019un \u00e9v\u00e9nement exceptionnel"},"content":{"rendered":"<p><span style=\"font-weight: 400;\">Le 5\u00a0d\u00e9cembre dernier, Synthesia a c\u00e9l\u00e9br\u00e9 son 60e\u00a0anniversaire au cours d\u2019un \u00e9v\u00e9nement exceptionnel qui a r\u00e9uni l\u2019ensemble de ses employ\u00e9s, tous services et filiales confondus, pour comm\u00e9morer ensemble plus d&rsquo;un demi-si\u00e8cle d\u2019histoire, d\u2019engagement et de succ\u00e8s. Ce fut pour eux l\u2019occasion de se retrouver dans la bonne humeur et de mettre \u00e0 l\u2019honneur les valeurs qui ont port\u00e9 l\u2019entreprise depuis sa cr\u00e9ation.<\/span><\/p>\n<p><span style=\"font-weight: 400;\">Cette c\u00e9l\u00e9bration a compt\u00e9 plusieurs moments charg\u00e9s d\u2019\u00e9motion, comme les f\u00e9licitations adress\u00e9es aux employ\u00e9s ayant consacr\u00e9 25\u00a0ann\u00e9es de leur vie professionnelle \u00e0 Synthesia, une preuve exemplaire de fid\u00e9lit\u00e9 et de loyaut\u00e9. Celles et ceux qui ont accompagn\u00e9 Synthesia au cours de ces 60\u00a0ans se sont vus rendre hommage dans une vid\u00e9o compilant leurs t\u00e9moignages et mettant l\u2019accent sur leur pr\u00e9cieuse contribution \u00e0 la croissance de l\u2019entreprise.<\/span><\/p>\n<p><span style=\"font-weight: 400;\">David Palleja, PDG de Synthesia, a par la suite d\u00e9livr\u00e9 un discours porteur d\u2019inspiration qui a fait la part belle au travail d\u2019\u00e9quipe, \u00e0 la responsabilit\u00e9 et aux valeurs qui ont toujours guid\u00e9 l\u2019entreprise. Au cours de son intervention, David Palleja a rappel\u00e9 les grands succ\u00e8s de Synthesia pour souligner le d\u00e9vouement et le travail des \u00e9quipes qui ont permis de relever de nombreux d\u00e9fis et d\u2019atteindre des objectifs ambitieux.<\/span><\/p>\n<p><span style=\"font-weight: 400;\">\u00c0 la fois chaleureux et encourageant, ce discours a invit\u00e9 toutes et tous les participants \u00e0 se tourner vers l\u2019avenir avec optimisme et d\u00e9termination et \u00e0 se d\u00e9passer pour mener \u00e0 bien les projets qui permettront de faire cro\u00eetre encore Synthesia dans les ann\u00e9es \u00e0 venir.<\/span><\/p>\n<p><span style=\"font-weight: 400;\">Le 60e\u00a0anniversaire de l\u2019entreprise fut non seulement l\u2019occasion de c\u00e9l\u00e9brer ensemble, mais aussi de s\u2019interroger sur le chemin parcouru et d\u2019affirmer de nouveau notre engagement pour l\u2019excellence et l\u2019innovation. Sans conteste, cet \u00e9v\u00e9nement restera grav\u00e9 dans la m\u00e9moire de toutes et tous les participants comme un symbole de l\u2019esprit qui anime notre entreprise bien-aim\u00e9e.<\/span><\/p>\n<p style=\"font-weight: 400;\">\n<p><img fetchpriority=\"high\" decoding=\"async\" class=\"alignnone wp-image-27294 size-large\" title=\"60 aniversario\" src=\"https:\/\/www.synthesia.com\/wp-content\/uploads\/2024\/12\/synthesia-technology-60-aniversario-03-1024x683.jpg\" alt=\"60 aniversario\" width=\"800\" height=\"534\" srcset=\"https:\/\/www.synthesia.com\/wp-content\/uploads\/2024\/12\/synthesia-technology-60-aniversario-03-1024x683.jpg 1024w, https:\/\/www.synthesia.com\/wp-content\/uploads\/2024\/12\/synthesia-technology-60-aniversario-03-300x200.jpg 300w, https:\/\/www.synthesia.com\/wp-content\/uploads\/2024\/12\/synthesia-technology-60-aniversario-03-768x512.jpg 768w, https:\/\/www.synthesia.com\/wp-content\/uploads\/2024\/12\/synthesia-technology-60-aniversario-03-1536x1024.jpg 1536w, https:\/\/www.synthesia.com\/wp-content\/uploads\/2024\/12\/synthesia-technology-60-aniversario-03-2048x1365.jpg 2048w\" sizes=\"(max-width: 800px) 100vw, 800px\" \/><\/p>\n<p><img decoding=\"async\" class=\"alignnone wp-image-27298 size-large\" title=\"David Palleja, CEO de Synthesia\" src=\"https:\/\/www.synthesia.com\/wp-content\/uploads\/2024\/12\/synthesia-technology-60-aniversario-02-683x1024.jpg\" alt=\"David Palleja, CEO de Synthesia\" width=\"683\" height=\"1024\" srcset=\"https:\/\/www.synthesia.com\/wp-content\/uploads\/2024\/12\/synthesia-technology-60-aniversario-02-683x1024.jpg 683w, https:\/\/www.synthesia.com\/wp-content\/uploads\/2024\/12\/synthesia-technology-60-aniversario-02-200x300.jpg 200w, https:\/\/www.synthesia.com\/wp-content\/uploads\/2024\/12\/synthesia-technology-60-aniversario-02-768x1152.jpg 768w, https:\/\/www.synthesia.com\/wp-content\/uploads\/2024\/12\/synthesia-technology-60-aniversario-02-1024x1536.jpg 1024w, https:\/\/www.synthesia.com\/wp-content\/uploads\/2024\/12\/synthesia-technology-60-aniversario-02-1365x2048.jpg 1365w, https:\/\/www.synthesia.com\/wp-content\/uploads\/2024\/12\/synthesia-technology-60-aniversario-02.jpg 1500w\" sizes=\"(max-width: 683px) 100vw, 683px\" \/><\/p>\n","protected":false},"excerpt":{"rendered":"<p>Le 5 d\u00e9cembre dernier, Synthesia Technology a r\u00e9uni l\u2019ensemble ses employ\u00e9s, tous services et filiales confondus, pour c\u00e9l\u00e9brer son 60e anniversaire.<\/p>\n","protected":false},"author":5,"featured_media":27304,"comment_status":"closed","ping_status":"closed","sticky":false,"template":"","format":"standard","meta":{"content-type":"","footnotes":""},"categories":[36,31],"tags":[],"class_list":["post-27326","post","type-post","status-publish","format-standard","has-post-thumbnail","hentry","category-actualites","category-non-classifiee"],"yoast_head":"<!-- This site is optimized with the Yoast SEO plugin v28.3 - https:\/\/yoast.com\/product\/yoast-seo-wordpress\/ -->\n<title>Synthesia f\u00eate ses 60 ans lors d\u2019un \u00e9v\u00e9nement exceptionnel - Synthesia<\/title>\n<meta name=\"description\" content=\"Le 5 d\u00e9cembre dernier, Synthesia Technology a r\u00e9uni l\u2019ensemble ses employ\u00e9s, tous services et filiales confondus, pour c\u00e9l\u00e9brer son 60e anniversaire.\" \/>\n<meta name=\"robots\" content=\"index, follow, max-snippet:-1, max-image-preview:large, max-video-preview:-1\" \/>\n<link rel=\"canonical\" href=\"https:\/\/www.synthesia.com\/fr\/synthesia-fete-ses-60-ans-lors-dun-evenement-exceptionnel\/\" \/>\n<meta property=\"og:locale\" content=\"fr_FR\" \/>\n<meta property=\"og:type\" content=\"article\" \/>\n<meta property=\"og:title\" content=\"Synthesia f\u00eate ses 60 ans lors d\u2019un \u00e9v\u00e9nement exceptionnel - Synthesia\" \/>\n<meta property=\"og:description\" content=\"Le 5 d\u00e9cembre dernier, Synthesia Technology a r\u00e9uni l\u2019ensemble ses employ\u00e9s, tous services et filiales confondus, pour c\u00e9l\u00e9brer son 60e anniversaire.\" \/>\n<meta property=\"og:url\" content=\"https:\/\/www.synthesia.com\/fr\/synthesia-fete-ses-60-ans-lors-dun-evenement-exceptionnel\/\" \/>\n<meta property=\"og:site_name\" content=\"Synthesia\" \/>\n<meta property=\"article:published_time\" content=\"2024-12-16T09:00:30+00:00\" \/>\n<meta property=\"article:modified_time\" content=\"2024-12-20T10:36:49+00:00\" \/>\n<meta property=\"og:image\" content=\"https:\/\/www.synthesia.com\/wp-content\/uploads\/2024\/12\/synthesia-technology-60-aniversario-01.jpg\" \/>\n\t<meta property=\"og:image:width\" content=\"2257\" \/>\n\t<meta property=\"og:image:height\" content=\"1500\" \/>\n\t<meta property=\"og:image:type\" content=\"image\/jpeg\" \/>\n<meta name=\"author\" content=\"maratum\" \/>\n<meta name=\"twitter:card\" content=\"summary_large_image\" \/>\n<meta name=\"twitter:label1\" content=\"\u00c9crit par\" \/>\n\t<meta name=\"twitter:data1\" content=\"maratum\" \/>\n\t<meta name=\"twitter:label2\" content=\"Dur\u00e9e de lecture estim\u00e9e\" \/>\n\t<meta name=\"twitter:data2\" content=\"2 minutes\" \/>\n<script type=\"application\/ld+json\" class=\"yoast-schema-graph\">{\"@context\":\"https:\\\/\\\/schema.org\",\"@graph\":[{\"@type\":\"Article\",\"@id\":\"https:\\\/\\\/www.synthesia.com\\\/fr\\\/synthesia-fete-ses-60-ans-lors-dun-evenement-exceptionnel\\\/#article\",\"isPartOf\":{\"@id\":\"https:\\\/\\\/www.synthesia.com\\\/fr\\\/synthesia-fete-ses-60-ans-lors-dun-evenement-exceptionnel\\\/\"},\"author\":{\"name\":\"maratum\",\"@id\":\"https:\\\/\\\/www.synthesia.com\\\/fr\\\/#\\\/schema\\\/person\\\/d1efac9168167b1d64ec022161621e21\"},\"headline\":\"Synthesia f\u00eate ses 60 ans lors d\u2019un \u00e9v\u00e9nement exceptionnel\",\"datePublished\":\"2024-12-16T09:00:30+00:00\",\"dateModified\":\"2024-12-20T10:36:49+00:00\",\"mainEntityOfPage\":{\"@id\":\"https:\\\/\\\/www.synthesia.com\\\/fr\\\/synthesia-fete-ses-60-ans-lors-dun-evenement-exceptionnel\\\/\"},\"wordCount\":359,\"publisher\":{\"@id\":\"https:\\\/\\\/www.synthesia.com\\\/fr\\\/#organization\"},\"image\":{\"@id\":\"https:\\\/\\\/www.synthesia.com\\\/fr\\\/synthesia-fete-ses-60-ans-lors-dun-evenement-exceptionnel\\\/#primaryimage\"},\"thumbnailUrl\":\"https:\\\/\\\/www.synthesia.com\\\/wp-content\\\/uploads\\\/2024\\\/12\\\/synthesia-technology-60-aniversario-01.jpg\",\"articleSection\":[\"Actualit\u00e9s\",\"Non classifi\u00e9(e)\"],\"inLanguage\":\"fr-FR\"},{\"@type\":\"WebPage\",\"@id\":\"https:\\\/\\\/www.synthesia.com\\\/fr\\\/synthesia-fete-ses-60-ans-lors-dun-evenement-exceptionnel\\\/\",\"url\":\"https:\\\/\\\/www.synthesia.com\\\/fr\\\/synthesia-fete-ses-60-ans-lors-dun-evenement-exceptionnel\\\/\",\"name\":\"Synthesia f\u00eate ses 60 ans lors d\u2019un \u00e9v\u00e9nement exceptionnel - Synthesia\",\"isPartOf\":{\"@id\":\"https:\\\/\\\/www.synthesia.com\\\/fr\\\/#website\"},\"primaryImageOfPage\":{\"@id\":\"https:\\\/\\\/www.synthesia.com\\\/fr\\\/synthesia-fete-ses-60-ans-lors-dun-evenement-exceptionnel\\\/#primaryimage\"},\"image\":{\"@id\":\"https:\\\/\\\/www.synthesia.com\\\/fr\\\/synthesia-fete-ses-60-ans-lors-dun-evenement-exceptionnel\\\/#primaryimage\"},\"thumbnailUrl\":\"https:\\\/\\\/www.synthesia.com\\\/wp-content\\\/uploads\\\/2024\\\/12\\\/synthesia-technology-60-aniversario-01.jpg\",\"datePublished\":\"2024-12-16T09:00:30+00:00\",\"dateModified\":\"2024-12-20T10:36:49+00:00\",\"description\":\"Le 5 d\u00e9cembre dernier, Synthesia Technology a r\u00e9uni l\u2019ensemble ses employ\u00e9s, tous services et filiales confondus, pour c\u00e9l\u00e9brer son 60e anniversaire.\",\"breadcrumb\":{\"@id\":\"https:\\\/\\\/www.synthesia.com\\\/fr\\\/synthesia-fete-ses-60-ans-lors-dun-evenement-exceptionnel\\\/#breadcrumb\"},\"inLanguage\":\"fr-FR\",\"potentialAction\":[{\"@type\":\"ReadAction\",\"target\":[\"https:\\\/\\\/www.synthesia.com\\\/fr\\\/synthesia-fete-ses-60-ans-lors-dun-evenement-exceptionnel\\\/\"]}]},{\"@type\":\"ImageObject\",\"inLanguage\":\"fr-FR\",\"@id\":\"https:\\\/\\\/www.synthesia.com\\\/fr\\\/synthesia-fete-ses-60-ans-lors-dun-evenement-exceptionnel\\\/#primaryimage\",\"url\":\"https:\\\/\\\/www.synthesia.com\\\/wp-content\\\/uploads\\\/2024\\\/12\\\/synthesia-technology-60-aniversario-01.jpg\",\"contentUrl\":\"https:\\\/\\\/www.synthesia.com\\\/wp-content\\\/uploads\\\/2024\\\/12\\\/synthesia-technology-60-aniversario-01.jpg\",\"width\":2257,\"height\":1500,\"caption\":\"60 aniversario Synthesia Technology\"},{\"@type\":\"BreadcrumbList\",\"@id\":\"https:\\\/\\\/www.synthesia.com\\\/fr\\\/synthesia-fete-ses-60-ans-lors-dun-evenement-exceptionnel\\\/#breadcrumb\",\"itemListElement\":[{\"@type\":\"ListItem\",\"position\":1,\"name\":\"Portada\",\"item\":\"https:\\\/\\\/www.synthesia.com\\\/fr\\\/\"},{\"@type\":\"ListItem\",\"position\":2,\"name\":\"Synthesia f\u00eate ses 60 ans lors d\u2019un \u00e9v\u00e9nement exceptionnel\"}]},{\"@type\":\"WebSite\",\"@id\":\"https:\\\/\\\/www.synthesia.com\\\/fr\\\/#website\",\"url\":\"https:\\\/\\\/www.synthesia.com\\\/fr\\\/\",\"name\":\"Synthesia\",\"description\":\"\",\"publisher\":{\"@id\":\"https:\\\/\\\/www.synthesia.com\\\/fr\\\/#organization\"},\"potentialAction\":[{\"@type\":\"SearchAction\",\"target\":{\"@type\":\"EntryPoint\",\"urlTemplate\":\"https:\\\/\\\/www.synthesia.com\\\/fr\\\/?s={search_term_string}\"},\"query-input\":{\"@type\":\"PropertyValueSpecification\",\"valueRequired\":true,\"valueName\":\"search_term_string\"}}],\"inLanguage\":\"fr-FR\"},{\"@type\":\"Organization\",\"@id\":\"https:\\\/\\\/www.synthesia.com\\\/fr\\\/#organization\",\"name\":\"Synthesia Technology S.L.U\",\"url\":\"https:\\\/\\\/www.synthesia.com\\\/fr\\\/\",\"logo\":{\"@type\":\"ImageObject\",\"inLanguage\":\"fr-FR\",\"@id\":\"https:\\\/\\\/www.synthesia.com\\\/fr\\\/#\\\/schema\\\/logo\\\/image\\\/\",\"url\":\"https:\\\/\\\/www.synthesia.com\\\/wp-content\\\/uploads\\\/2020\\\/09\\\/cropped-synthesia-technology-logo.png\",\"contentUrl\":\"https:\\\/\\\/www.synthesia.com\\\/wp-content\\\/uploads\\\/2020\\\/09\\\/cropped-synthesia-technology-logo.png\",\"width\":198,\"height\":67,\"caption\":\"Synthesia Technology S.L.U\"},\"image\":{\"@id\":\"https:\\\/\\\/www.synthesia.com\\\/fr\\\/#\\\/schema\\\/logo\\\/image\\\/\"}},{\"@type\":\"Person\",\"@id\":\"https:\\\/\\\/www.synthesia.com\\\/fr\\\/#\\\/schema\\\/person\\\/d1efac9168167b1d64ec022161621e21\",\"name\":\"maratum\"}]}<\/script>\n<!-- \/ Yoast SEO plugin. -->","yoast_head_json":{"title":"Synthesia f\u00eate ses 60 ans lors d\u2019un \u00e9v\u00e9nement exceptionnel - Synthesia","description":"Le 5 d\u00e9cembre dernier, Synthesia Technology a r\u00e9uni l\u2019ensemble ses employ\u00e9s, tous services et filiales confondus, pour c\u00e9l\u00e9brer son 60e anniversaire.","robots":{"index":"index","follow":"follow","max-snippet":"max-snippet:-1","max-image-preview":"max-image-preview:large","max-video-preview":"max-video-preview:-1"},"canonical":"https:\/\/www.synthesia.com\/fr\/synthesia-fete-ses-60-ans-lors-dun-evenement-exceptionnel\/","og_locale":"fr_FR","og_type":"article","og_title":"Synthesia f\u00eate ses 60 ans lors d\u2019un \u00e9v\u00e9nement exceptionnel - Synthesia","og_description":"Le 5 d\u00e9cembre dernier, Synthesia Technology a r\u00e9uni l\u2019ensemble ses employ\u00e9s, tous services et filiales confondus, pour c\u00e9l\u00e9brer son 60e anniversaire.","og_url":"https:\/\/www.synthesia.com\/fr\/synthesia-fete-ses-60-ans-lors-dun-evenement-exceptionnel\/","og_site_name":"Synthesia","article_published_time":"2024-12-16T09:00:30+00:00","article_modified_time":"2024-12-20T10:36:49+00:00","og_image":[{"width":2257,"height":1500,"url":"https:\/\/www.synthesia.com\/wp-content\/uploads\/2024\/12\/synthesia-technology-60-aniversario-01.jpg","type":"image\/jpeg"}],"author":"maratum","twitter_card":"summary_large_image","twitter_misc":{"\u00c9crit par":"maratum","Dur\u00e9e de lecture estim\u00e9e":"2 minutes"},"schema":{"@context":"https:\/\/schema.org","@graph":[{"@type":"Article","@id":"https:\/\/www.synthesia.com\/fr\/synthesia-fete-ses-60-ans-lors-dun-evenement-exceptionnel\/#article","isPartOf":{"@id":"https:\/\/www.synthesia.com\/fr\/synthesia-fete-ses-60-ans-lors-dun-evenement-exceptionnel\/"},"author":{"name":"maratum","@id":"https:\/\/www.synthesia.com\/fr\/#\/schema\/person\/d1efac9168167b1d64ec022161621e21"},"headline":"Synthesia f\u00eate ses 60 ans lors d\u2019un \u00e9v\u00e9nement exceptionnel","datePublished":"2024-12-16T09:00:30+00:00","dateModified":"2024-12-20T10:36:49+00:00","mainEntityOfPage":{"@id":"https:\/\/www.synthesia.com\/fr\/synthesia-fete-ses-60-ans-lors-dun-evenement-exceptionnel\/"},"wordCount":359,"publisher":{"@id":"https:\/\/www.synthesia.com\/fr\/#organization"},"image":{"@id":"https:\/\/www.synthesia.com\/fr\/synthesia-fete-ses-60-ans-lors-dun-evenement-exceptionnel\/#primaryimage"},"thumbnailUrl":"https:\/\/www.synthesia.com\/wp-content\/uploads\/2024\/12\/synthesia-technology-60-aniversario-01.jpg","articleSection":["Actualit\u00e9s","Non classifi\u00e9(e)"],"inLanguage":"fr-FR"},{"@type":"WebPage","@id":"https:\/\/www.synthesia.com\/fr\/synthesia-fete-ses-60-ans-lors-dun-evenement-exceptionnel\/","url":"https:\/\/www.synthesia.com\/fr\/synthesia-fete-ses-60-ans-lors-dun-evenement-exceptionnel\/","name":"Synthesia f\u00eate ses 60 ans lors d\u2019un \u00e9v\u00e9nement exceptionnel - Synthesia","isPartOf":{"@id":"https:\/\/www.synthesia.com\/fr\/#website"},"primaryImageOfPage":{"@id":"https:\/\/www.synthesia.com\/fr\/synthesia-fete-ses-60-ans-lors-dun-evenement-exceptionnel\/#primaryimage"},"image":{"@id":"https:\/\/www.synthesia.com\/fr\/synthesia-fete-ses-60-ans-lors-dun-evenement-exceptionnel\/#primaryimage"},"thumbnailUrl":"https:\/\/www.synthesia.com\/wp-content\/uploads\/2024\/12\/synthesia-technology-60-aniversario-01.jpg","datePublished":"2024-12-16T09:00:30+00:00","dateModified":"2024-12-20T10:36:49+00:00","description":"Le 5 d\u00e9cembre dernier, Synthesia Technology a r\u00e9uni l\u2019ensemble ses employ\u00e9s, tous services et filiales confondus, pour c\u00e9l\u00e9brer son 60e anniversaire.","breadcrumb":{"@id":"https:\/\/www.synthesia.com\/fr\/synthesia-fete-ses-60-ans-lors-dun-evenement-exceptionnel\/#breadcrumb"},"inLanguage":"fr-FR","potentialAction":[{"@type":"ReadAction","target":["https:\/\/www.synthesia.com\/fr\/synthesia-fete-ses-60-ans-lors-dun-evenement-exceptionnel\/"]}]},{"@type":"ImageObject","inLanguage":"fr-FR","@id":"https:\/\/www.synthesia.com\/fr\/synthesia-fete-ses-60-ans-lors-dun-evenement-exceptionnel\/#primaryimage","url":"https:\/\/www.synthesia.com\/wp-content\/uploads\/2024\/12\/synthesia-technology-60-aniversario-01.jpg","contentUrl":"https:\/\/www.synthesia.com\/wp-content\/uploads\/2024\/12\/synthesia-technology-60-aniversario-01.jpg","width":2257,"height":1500,"caption":"60 aniversario Synthesia Technology"},{"@type":"BreadcrumbList","@id":"https:\/\/www.synthesia.com\/fr\/synthesia-fete-ses-60-ans-lors-dun-evenement-exceptionnel\/#breadcrumb","itemListElement":[{"@type":"ListItem","position":1,"name":"Portada","item":"https:\/\/www.synthesia.com\/fr\/"},{"@type":"ListItem","position":2,"name":"Synthesia f\u00eate ses 60 ans lors d\u2019un \u00e9v\u00e9nement exceptionnel"}]},{"@type":"WebSite","@id":"https:\/\/www.synthesia.com\/fr\/#website","url":"https:\/\/www.synthesia.com\/fr\/","name":"Synthesia","description":"","publisher":{"@id":"https:\/\/www.synthesia.com\/fr\/#organization"},"potentialAction":[{"@type":"SearchAction","target":{"@type":"EntryPoint","urlTemplate":"https:\/\/www.synthesia.com\/fr\/?s={search_term_string}"},"query-input":{"@type":"PropertyValueSpecification","valueRequired":true,"valueName":"search_term_string"}}],"inLanguage":"fr-FR"},{"@type":"Organization","@id":"https:\/\/www.synthesia.com\/fr\/#organization","name":"Synthesia Technology S.L.U","url":"https:\/\/www.synthesia.com\/fr\/","logo":{"@type":"ImageObject","inLanguage":"fr-FR","@id":"https:\/\/www.synthesia.com\/fr\/#\/schema\/logo\/image\/","url":"https:\/\/www.synthesia.com\/wp-content\/uploads\/2020\/09\/cropped-synthesia-technology-logo.png","contentUrl":"https:\/\/www.synthesia.com\/wp-content\/uploads\/2020\/09\/cropped-synthesia-technology-logo.png","width":198,"height":67,"caption":"Synthesia Technology S.L.U"},"image":{"@id":"https:\/\/www.synthesia.com\/fr\/#\/schema\/logo\/image\/"}},{"@type":"Person","@id":"https:\/\/www.synthesia.com\/fr\/#\/schema\/person\/d1efac9168167b1d64ec022161621e21","name":"maratum"}]}},"_links":{"self":[{"href":"https:\/\/www.synthesia.com\/fr\/wp-json\/wp\/v2\/posts\/27326","targetHints":{"allow":["GET"]}}],"collection":[{"href":"https:\/\/www.synthesia.com\/fr\/wp-json\/wp\/v2\/posts"}],"about":[{"href":"https:\/\/www.synthesia.com\/fr\/wp-json\/wp\/v2\/types\/post"}],"author":[{"embeddable":true,"href":"https:\/\/www.synthesia.com\/fr\/wp-json\/wp\/v2\/users\/5"}],"replies":[{"embeddable":true,"href":"https:\/\/www.synthesia.com\/fr\/wp-json\/wp\/v2\/comments?post=27326"}],"version-history":[{"count":3,"href":"https:\/\/www.synthesia.com\/fr\/wp-json\/wp\/v2\/posts\/27326\/revisions"}],"predecessor-version":[{"id":27329,"href":"https:\/\/www.synthesia.com\/fr\/wp-json\/wp\/v2\/posts\/27326\/revisions\/27329"}],"wp:featuredmedia":[{"embeddable":true,"href":"https:\/\/www.synthesia.com\/fr\/wp-json\/wp\/v2\/media\/27304"}],"wp:attachment":[{"href":"https:\/\/www.synthesia.com\/fr\/wp-json\/wp\/v2\/media?parent=27326"}],"wp:term":[{"taxonomy":"category","embeddable":true,"href":"https:\/\/www.synthesia.com\/fr\/wp-json\/wp\/v2\/categories?post=27326"},{"taxonomy":"post_tag","embeddable":true,"href":"https:\/\/www.synthesia.com\/fr\/wp-json\/wp\/v2\/tags?post=27326"}],"curies":[{"name":"wp","href":"https:\/\/api.w.org\/{rel}","templated":true}]}}