{"id":25692,"date":"2024-02-22T09:30:25","date_gmt":"2024-02-22T08:30:25","guid":{"rendered":"https:\/\/www.synthesia.com\/?p=25692"},"modified":"2024-02-22T10:15:44","modified_gmt":"2024-02-22T09:15:44","slug":"synthesia-technology-america-a-tenu-sa-reunion-annuelle","status":"publish","type":"post","link":"https:\/\/www.synthesia.com\/fr\/synthesia-technology-america-a-tenu-sa-reunion-annuelle\/","title":{"rendered":"Synthesia Technology Am\u00e9rique c\u00e9l\u00e8bre sa Kick-off LATAM 2024"},"content":{"rendered":"<p><span style=\"font-weight: 400;\">Les 5, 6 et 7 f\u00e9vrier derniers, Synthesia Technology Am\u00e9rique a c\u00e9l\u00e9br\u00e9 la r\u00e9union annuelle de <\/span><b>lancement de l&rsquo;op\u00e9ration LATAM 2024<\/b><span style=\"font-weight: 400;\"> au Panama.<\/span><\/p>\n<p><span style=\"font-weight: 400;\">\u00c0 cette occasion se sont r\u00e9unis les collaborateurs des d\u00e9partements suivants de toute la r\u00e9gion Am\u00e9rique : op\u00e9rations, finance, commercial, service client et logistique.<\/span><\/p>\n<p>&nbsp;<\/p>\n<p><img fetchpriority=\"high\" decoding=\"async\" class=\"wp-image-25679 size-full aligncenter\" src=\"https:\/\/www.synthesia.com\/wp-content\/uploads\/2024\/02\/synthesia-technology-america-celebra-su-reunion-anual-02-scaled.jpg\" alt=\"Synthesia Technology Am\u00e9rique c\u00e9l\u00e8bre sa r\u00e9union annuelle\" width=\"2560\" height=\"1707\" srcset=\"https:\/\/www.synthesia.com\/wp-content\/uploads\/2024\/02\/synthesia-technology-america-celebra-su-reunion-anual-02-scaled.jpg 2560w, https:\/\/www.synthesia.com\/wp-content\/uploads\/2024\/02\/synthesia-technology-america-celebra-su-reunion-anual-02-300x200.jpg 300w, https:\/\/www.synthesia.com\/wp-content\/uploads\/2024\/02\/synthesia-technology-america-celebra-su-reunion-anual-02-1024x683.jpg 1024w, https:\/\/www.synthesia.com\/wp-content\/uploads\/2024\/02\/synthesia-technology-america-celebra-su-reunion-anual-02-768x512.jpg 768w, https:\/\/www.synthesia.com\/wp-content\/uploads\/2024\/02\/synthesia-technology-america-celebra-su-reunion-anual-02-1536x1024.jpg 1536w, https:\/\/www.synthesia.com\/wp-content\/uploads\/2024\/02\/synthesia-technology-america-celebra-su-reunion-anual-02-2048x1365.jpg 2048w\" sizes=\"(max-width: 2560px) 100vw, 2560px\" \/><\/p>\n<p>&nbsp;<\/p>\n<p><span style=\"font-weight: 400;\">La r\u00e9union s&rsquo;est faite en pr\u00e9sence de David Pallej\u00e0 (PDG de Synthesia) et de Maria Jimena Tovar (Business Director LATAM), avec l&rsquo;aide de Llu\u00eds Ferr\u00e9 (Global Finance Director), Lorena Fern\u00e1ndez (Divisional Financial Controller), Lidia Castro (HR Manager Global) et Adri\u00e1n Pignata (Operations Manager).<\/span><\/p>\n<p><span style=\"font-weight: 400;\">Ces trois journ\u00e9es ont fait la part belle au travail d&rsquo;\u00e9quipe, avec une analyse des r\u00e9sultats de l&rsquo;ann\u00e9e 2023, les projections de croissance pour 2024 dans chacun des pays et domaines d&rsquo;activit\u00e9. Un \u00e9v\u00e9nement qui a permis de renforcer les liens entre les diff\u00e9rents services et pays.<\/span><\/p>\n<p>&nbsp;<\/p>\n<p><img decoding=\"async\" class=\"aligncenter wp-image-25683 size-full\" src=\"https:\/\/www.synthesia.com\/wp-content\/uploads\/2024\/02\/synthesia-technology-america-celebra-su-reunion-anual-03-scaled.jpg\" alt=\"Synthesia Technology Am\u00e9rique c\u00e9l\u00e8bre sa r\u00e9union annuelle\" width=\"2560\" height=\"1892\" srcset=\"https:\/\/www.synthesia.com\/wp-content\/uploads\/2024\/02\/synthesia-technology-america-celebra-su-reunion-anual-03-scaled.jpg 2560w, https:\/\/www.synthesia.com\/wp-content\/uploads\/2024\/02\/synthesia-technology-america-celebra-su-reunion-anual-03-300x222.jpg 300w, https:\/\/www.synthesia.com\/wp-content\/uploads\/2024\/02\/synthesia-technology-america-celebra-su-reunion-anual-03-1024x757.jpg 1024w, https:\/\/www.synthesia.com\/wp-content\/uploads\/2024\/02\/synthesia-technology-america-celebra-su-reunion-anual-03-768x567.jpg 768w, https:\/\/www.synthesia.com\/wp-content\/uploads\/2024\/02\/synthesia-technology-america-celebra-su-reunion-anual-03-1536x1135.jpg 1536w, https:\/\/www.synthesia.com\/wp-content\/uploads\/2024\/02\/synthesia-technology-america-celebra-su-reunion-anual-03-2048x1513.jpg 2048w\" sizes=\"(max-width: 2560px) 100vw, 2560px\" \/><\/p>\n<p>&nbsp;<\/p>\n<p><span style=\"font-weight: 400;\">Les pr\u00e9visions 2024 laissent entrevoir d&rsquo;importants d\u00e9fis, mais aussi des perspectives de croissance qu&rsquo;ensemble, en tant qu&rsquo;\u00e9quipe, nous pourrons sans aucun doute relever.<\/span><\/p>\n<p><span style=\"font-weight: 400;\">Merci \u00e0 toute l&rsquo;\u00e9quipe pour sa participation et son implication.<\/span><\/p>\n","protected":false},"excerpt":{"rendered":"<p>Synthesia Technology Am\u00e9rique c\u00e9l\u00e8bre sa r\u00e9union annuelle de lancement de l&rsquo;op\u00e9ration LATAM 2024 au Panama.<\/p>\n","protected":false},"author":5,"featured_media":25687,"comment_status":"open","ping_status":"open","sticky":false,"template":"","format":"standard","meta":{"content-type":"","footnotes":""},"categories":[36],"tags":[],"class_list":["post-25692","post","type-post","status-publish","format-standard","has-post-thumbnail","hentry","category-actualites"],"yoast_head":"<!-- This site is optimized with the Yoast SEO plugin v28.3 - https:\/\/yoast.com\/product\/yoast-seo-wordpress\/ -->\n<title>Synthesia Technology Am\u00e9rique c\u00e9l\u00e8bre sa Kick-off LATAM 2024 - Synthesia<\/title>\n<meta name=\"description\" content=\"Les 5, 6 et 7 f\u00e9vrier derniers, Synthesia Technology Am\u00e9rique a c\u00e9l\u00e9br\u00e9 la r\u00e9union annuelle de lancement de l&#039;op\u00e9ration LATAM 2024 au Panama.\" \/>\n<meta name=\"robots\" content=\"index, follow, max-snippet:-1, max-image-preview:large, max-video-preview:-1\" \/>\n<link rel=\"canonical\" href=\"https:\/\/www.synthesia.com\/fr\/synthesia-technology-america-a-tenu-sa-reunion-annuelle\/\" \/>\n<meta property=\"og:locale\" content=\"fr_FR\" \/>\n<meta property=\"og:type\" content=\"article\" \/>\n<meta property=\"og:title\" content=\"Synthesia Technology Am\u00e9rique c\u00e9l\u00e8bre sa Kick-off LATAM 2024 - Synthesia\" \/>\n<meta property=\"og:description\" content=\"Les 5, 6 et 7 f\u00e9vrier derniers, Synthesia Technology Am\u00e9rique a c\u00e9l\u00e9br\u00e9 la r\u00e9union annuelle de lancement de l&#039;op\u00e9ration LATAM 2024 au Panama.\" \/>\n<meta property=\"og:url\" content=\"https:\/\/www.synthesia.com\/fr\/synthesia-technology-america-a-tenu-sa-reunion-annuelle\/\" \/>\n<meta property=\"og:site_name\" content=\"Synthesia\" \/>\n<meta property=\"article:published_time\" content=\"2024-02-22T08:30:25+00:00\" \/>\n<meta property=\"article:modified_time\" content=\"2024-02-22T09:15:44+00:00\" \/>\n<meta property=\"og:image\" content=\"https:\/\/www.synthesia.com\/wp-content\/uploads\/2024\/02\/synthesia-technology-america-celebra-su-reunion-anual-01-scaled.jpg\" \/>\n\t<meta property=\"og:image:width\" content=\"2560\" \/>\n\t<meta property=\"og:image:height\" content=\"1707\" \/>\n\t<meta property=\"og:image:type\" content=\"image\/jpeg\" \/>\n<meta name=\"author\" content=\"maratum\" \/>\n<meta name=\"twitter:card\" content=\"summary_large_image\" \/>\n<meta name=\"twitter:label1\" content=\"\u00c9crit par\" \/>\n\t<meta name=\"twitter:data1\" content=\"maratum\" \/>\n\t<meta name=\"twitter:label2\" content=\"Dur\u00e9e de lecture estim\u00e9e\" \/>\n\t<meta name=\"twitter:data2\" content=\"2 minutes\" \/>\n<script type=\"application\/ld+json\" class=\"yoast-schema-graph\">{\"@context\":\"https:\\\/\\\/schema.org\",\"@graph\":[{\"@type\":\"Article\",\"@id\":\"https:\\\/\\\/www.synthesia.com\\\/fr\\\/synthesia-technology-america-a-tenu-sa-reunion-annuelle\\\/#article\",\"isPartOf\":{\"@id\":\"https:\\\/\\\/www.synthesia.com\\\/fr\\\/synthesia-technology-america-a-tenu-sa-reunion-annuelle\\\/\"},\"author\":{\"name\":\"maratum\",\"@id\":\"https:\\\/\\\/www.synthesia.com\\\/fr\\\/#\\\/schema\\\/person\\\/d1efac9168167b1d64ec022161621e21\"},\"headline\":\"Synthesia Technology Am\u00e9rique c\u00e9l\u00e8bre sa Kick-off LATAM 2024\",\"datePublished\":\"2024-02-22T08:30:25+00:00\",\"dateModified\":\"2024-02-22T09:15:44+00:00\",\"mainEntityOfPage\":{\"@id\":\"https:\\\/\\\/www.synthesia.com\\\/fr\\\/synthesia-technology-america-a-tenu-sa-reunion-annuelle\\\/\"},\"wordCount\":207,\"commentCount\":0,\"publisher\":{\"@id\":\"https:\\\/\\\/www.synthesia.com\\\/fr\\\/#organization\"},\"image\":{\"@id\":\"https:\\\/\\\/www.synthesia.com\\\/fr\\\/synthesia-technology-america-a-tenu-sa-reunion-annuelle\\\/#primaryimage\"},\"thumbnailUrl\":\"https:\\\/\\\/www.synthesia.com\\\/wp-content\\\/uploads\\\/2024\\\/02\\\/synthesia-technology-america-celebra-su-reunion-anual-01-scaled.jpg\",\"articleSection\":[\"Actualit\u00e9s\"],\"inLanguage\":\"fr-FR\",\"potentialAction\":[{\"@type\":\"CommentAction\",\"name\":\"Comment\",\"target\":[\"https:\\\/\\\/www.synthesia.com\\\/fr\\\/synthesia-technology-america-a-tenu-sa-reunion-annuelle\\\/#respond\"]}]},{\"@type\":\"WebPage\",\"@id\":\"https:\\\/\\\/www.synthesia.com\\\/fr\\\/synthesia-technology-america-a-tenu-sa-reunion-annuelle\\\/\",\"url\":\"https:\\\/\\\/www.synthesia.com\\\/fr\\\/synthesia-technology-america-a-tenu-sa-reunion-annuelle\\\/\",\"name\":\"Synthesia Technology Am\u00e9rique c\u00e9l\u00e8bre sa Kick-off LATAM 2024 - Synthesia\",\"isPartOf\":{\"@id\":\"https:\\\/\\\/www.synthesia.com\\\/fr\\\/#website\"},\"primaryImageOfPage\":{\"@id\":\"https:\\\/\\\/www.synthesia.com\\\/fr\\\/synthesia-technology-america-a-tenu-sa-reunion-annuelle\\\/#primaryimage\"},\"image\":{\"@id\":\"https:\\\/\\\/www.synthesia.com\\\/fr\\\/synthesia-technology-america-a-tenu-sa-reunion-annuelle\\\/#primaryimage\"},\"thumbnailUrl\":\"https:\\\/\\\/www.synthesia.com\\\/wp-content\\\/uploads\\\/2024\\\/02\\\/synthesia-technology-america-celebra-su-reunion-anual-01-scaled.jpg\",\"datePublished\":\"2024-02-22T08:30:25+00:00\",\"dateModified\":\"2024-02-22T09:15:44+00:00\",\"description\":\"Les 5, 6 et 7 f\u00e9vrier derniers, Synthesia Technology Am\u00e9rique a c\u00e9l\u00e9br\u00e9 la r\u00e9union annuelle de lancement de l'op\u00e9ration LATAM 2024 au Panama.\",\"breadcrumb\":{\"@id\":\"https:\\\/\\\/www.synthesia.com\\\/fr\\\/synthesia-technology-america-a-tenu-sa-reunion-annuelle\\\/#breadcrumb\"},\"inLanguage\":\"fr-FR\",\"potentialAction\":[{\"@type\":\"ReadAction\",\"target\":[\"https:\\\/\\\/www.synthesia.com\\\/fr\\\/synthesia-technology-america-a-tenu-sa-reunion-annuelle\\\/\"]}]},{\"@type\":\"ImageObject\",\"inLanguage\":\"fr-FR\",\"@id\":\"https:\\\/\\\/www.synthesia.com\\\/fr\\\/synthesia-technology-america-a-tenu-sa-reunion-annuelle\\\/#primaryimage\",\"url\":\"https:\\\/\\\/www.synthesia.com\\\/wp-content\\\/uploads\\\/2024\\\/02\\\/synthesia-technology-america-celebra-su-reunion-anual-01-scaled.jpg\",\"contentUrl\":\"https:\\\/\\\/www.synthesia.com\\\/wp-content\\\/uploads\\\/2024\\\/02\\\/synthesia-technology-america-celebra-su-reunion-anual-01-scaled.jpg\",\"width\":2560,\"height\":1707},{\"@type\":\"BreadcrumbList\",\"@id\":\"https:\\\/\\\/www.synthesia.com\\\/fr\\\/synthesia-technology-america-a-tenu-sa-reunion-annuelle\\\/#breadcrumb\",\"itemListElement\":[{\"@type\":\"ListItem\",\"position\":1,\"name\":\"Portada\",\"item\":\"https:\\\/\\\/www.synthesia.com\\\/fr\\\/\"},{\"@type\":\"ListItem\",\"position\":2,\"name\":\"Synthesia Technology Am\u00e9rique c\u00e9l\u00e8bre sa Kick-off LATAM 2024\"}]},{\"@type\":\"WebSite\",\"@id\":\"https:\\\/\\\/www.synthesia.com\\\/fr\\\/#website\",\"url\":\"https:\\\/\\\/www.synthesia.com\\\/fr\\\/\",\"name\":\"Synthesia\",\"description\":\"\",\"publisher\":{\"@id\":\"https:\\\/\\\/www.synthesia.com\\\/fr\\\/#organization\"},\"potentialAction\":[{\"@type\":\"SearchAction\",\"target\":{\"@type\":\"EntryPoint\",\"urlTemplate\":\"https:\\\/\\\/www.synthesia.com\\\/fr\\\/?s={search_term_string}\"},\"query-input\":{\"@type\":\"PropertyValueSpecification\",\"valueRequired\":true,\"valueName\":\"search_term_string\"}}],\"inLanguage\":\"fr-FR\"},{\"@type\":\"Organization\",\"@id\":\"https:\\\/\\\/www.synthesia.com\\\/fr\\\/#organization\",\"name\":\"Synthesia Technology S.L.U\",\"url\":\"https:\\\/\\\/www.synthesia.com\\\/fr\\\/\",\"logo\":{\"@type\":\"ImageObject\",\"inLanguage\":\"fr-FR\",\"@id\":\"https:\\\/\\\/www.synthesia.com\\\/fr\\\/#\\\/schema\\\/logo\\\/image\\\/\",\"url\":\"https:\\\/\\\/www.synthesia.com\\\/wp-content\\\/uploads\\\/2020\\\/09\\\/cropped-synthesia-technology-logo.png\",\"contentUrl\":\"https:\\\/\\\/www.synthesia.com\\\/wp-content\\\/uploads\\\/2020\\\/09\\\/cropped-synthesia-technology-logo.png\",\"width\":198,\"height\":67,\"caption\":\"Synthesia Technology S.L.U\"},\"image\":{\"@id\":\"https:\\\/\\\/www.synthesia.com\\\/fr\\\/#\\\/schema\\\/logo\\\/image\\\/\"}},{\"@type\":\"Person\",\"@id\":\"https:\\\/\\\/www.synthesia.com\\\/fr\\\/#\\\/schema\\\/person\\\/d1efac9168167b1d64ec022161621e21\",\"name\":\"maratum\"}]}<\/script>\n<!-- \/ Yoast SEO plugin. -->","yoast_head_json":{"title":"Synthesia Technology Am\u00e9rique c\u00e9l\u00e8bre sa Kick-off LATAM 2024 - Synthesia","description":"Les 5, 6 et 7 f\u00e9vrier derniers, Synthesia Technology Am\u00e9rique a c\u00e9l\u00e9br\u00e9 la r\u00e9union annuelle de lancement de l'op\u00e9ration LATAM 2024 au Panama.","robots":{"index":"index","follow":"follow","max-snippet":"max-snippet:-1","max-image-preview":"max-image-preview:large","max-video-preview":"max-video-preview:-1"},"canonical":"https:\/\/www.synthesia.com\/fr\/synthesia-technology-america-a-tenu-sa-reunion-annuelle\/","og_locale":"fr_FR","og_type":"article","og_title":"Synthesia Technology Am\u00e9rique c\u00e9l\u00e8bre sa Kick-off LATAM 2024 - Synthesia","og_description":"Les 5, 6 et 7 f\u00e9vrier derniers, Synthesia Technology Am\u00e9rique a c\u00e9l\u00e9br\u00e9 la r\u00e9union annuelle de lancement de l'op\u00e9ration LATAM 2024 au Panama.","og_url":"https:\/\/www.synthesia.com\/fr\/synthesia-technology-america-a-tenu-sa-reunion-annuelle\/","og_site_name":"Synthesia","article_published_time":"2024-02-22T08:30:25+00:00","article_modified_time":"2024-02-22T09:15:44+00:00","og_image":[{"width":2560,"height":1707,"url":"https:\/\/www.synthesia.com\/wp-content\/uploads\/2024\/02\/synthesia-technology-america-celebra-su-reunion-anual-01-scaled.jpg","type":"image\/jpeg"}],"author":"maratum","twitter_card":"summary_large_image","twitter_misc":{"\u00c9crit par":"maratum","Dur\u00e9e de lecture estim\u00e9e":"2 minutes"},"schema":{"@context":"https:\/\/schema.org","@graph":[{"@type":"Article","@id":"https:\/\/www.synthesia.com\/fr\/synthesia-technology-america-a-tenu-sa-reunion-annuelle\/#article","isPartOf":{"@id":"https:\/\/www.synthesia.com\/fr\/synthesia-technology-america-a-tenu-sa-reunion-annuelle\/"},"author":{"name":"maratum","@id":"https:\/\/www.synthesia.com\/fr\/#\/schema\/person\/d1efac9168167b1d64ec022161621e21"},"headline":"Synthesia Technology Am\u00e9rique c\u00e9l\u00e8bre sa Kick-off LATAM 2024","datePublished":"2024-02-22T08:30:25+00:00","dateModified":"2024-02-22T09:15:44+00:00","mainEntityOfPage":{"@id":"https:\/\/www.synthesia.com\/fr\/synthesia-technology-america-a-tenu-sa-reunion-annuelle\/"},"wordCount":207,"commentCount":0,"publisher":{"@id":"https:\/\/www.synthesia.com\/fr\/#organization"},"image":{"@id":"https:\/\/www.synthesia.com\/fr\/synthesia-technology-america-a-tenu-sa-reunion-annuelle\/#primaryimage"},"thumbnailUrl":"https:\/\/www.synthesia.com\/wp-content\/uploads\/2024\/02\/synthesia-technology-america-celebra-su-reunion-anual-01-scaled.jpg","articleSection":["Actualit\u00e9s"],"inLanguage":"fr-FR","potentialAction":[{"@type":"CommentAction","name":"Comment","target":["https:\/\/www.synthesia.com\/fr\/synthesia-technology-america-a-tenu-sa-reunion-annuelle\/#respond"]}]},{"@type":"WebPage","@id":"https:\/\/www.synthesia.com\/fr\/synthesia-technology-america-a-tenu-sa-reunion-annuelle\/","url":"https:\/\/www.synthesia.com\/fr\/synthesia-technology-america-a-tenu-sa-reunion-annuelle\/","name":"Synthesia Technology Am\u00e9rique c\u00e9l\u00e8bre sa Kick-off LATAM 2024 - Synthesia","isPartOf":{"@id":"https:\/\/www.synthesia.com\/fr\/#website"},"primaryImageOfPage":{"@id":"https:\/\/www.synthesia.com\/fr\/synthesia-technology-america-a-tenu-sa-reunion-annuelle\/#primaryimage"},"image":{"@id":"https:\/\/www.synthesia.com\/fr\/synthesia-technology-america-a-tenu-sa-reunion-annuelle\/#primaryimage"},"thumbnailUrl":"https:\/\/www.synthesia.com\/wp-content\/uploads\/2024\/02\/synthesia-technology-america-celebra-su-reunion-anual-01-scaled.jpg","datePublished":"2024-02-22T08:30:25+00:00","dateModified":"2024-02-22T09:15:44+00:00","description":"Les 5, 6 et 7 f\u00e9vrier derniers, Synthesia Technology Am\u00e9rique a c\u00e9l\u00e9br\u00e9 la r\u00e9union annuelle de lancement de l'op\u00e9ration LATAM 2024 au Panama.","breadcrumb":{"@id":"https:\/\/www.synthesia.com\/fr\/synthesia-technology-america-a-tenu-sa-reunion-annuelle\/#breadcrumb"},"inLanguage":"fr-FR","potentialAction":[{"@type":"ReadAction","target":["https:\/\/www.synthesia.com\/fr\/synthesia-technology-america-a-tenu-sa-reunion-annuelle\/"]}]},{"@type":"ImageObject","inLanguage":"fr-FR","@id":"https:\/\/www.synthesia.com\/fr\/synthesia-technology-america-a-tenu-sa-reunion-annuelle\/#primaryimage","url":"https:\/\/www.synthesia.com\/wp-content\/uploads\/2024\/02\/synthesia-technology-america-celebra-su-reunion-anual-01-scaled.jpg","contentUrl":"https:\/\/www.synthesia.com\/wp-content\/uploads\/2024\/02\/synthesia-technology-america-celebra-su-reunion-anual-01-scaled.jpg","width":2560,"height":1707},{"@type":"BreadcrumbList","@id":"https:\/\/www.synthesia.com\/fr\/synthesia-technology-america-a-tenu-sa-reunion-annuelle\/#breadcrumb","itemListElement":[{"@type":"ListItem","position":1,"name":"Portada","item":"https:\/\/www.synthesia.com\/fr\/"},{"@type":"ListItem","position":2,"name":"Synthesia Technology Am\u00e9rique c\u00e9l\u00e8bre sa Kick-off LATAM 2024"}]},{"@type":"WebSite","@id":"https:\/\/www.synthesia.com\/fr\/#website","url":"https:\/\/www.synthesia.com\/fr\/","name":"Synthesia","description":"","publisher":{"@id":"https:\/\/www.synthesia.com\/fr\/#organization"},"potentialAction":[{"@type":"SearchAction","target":{"@type":"EntryPoint","urlTemplate":"https:\/\/www.synthesia.com\/fr\/?s={search_term_string}"},"query-input":{"@type":"PropertyValueSpecification","valueRequired":true,"valueName":"search_term_string"}}],"inLanguage":"fr-FR"},{"@type":"Organization","@id":"https:\/\/www.synthesia.com\/fr\/#organization","name":"Synthesia Technology S.L.U","url":"https:\/\/www.synthesia.com\/fr\/","logo":{"@type":"ImageObject","inLanguage":"fr-FR","@id":"https:\/\/www.synthesia.com\/fr\/#\/schema\/logo\/image\/","url":"https:\/\/www.synthesia.com\/wp-content\/uploads\/2020\/09\/cropped-synthesia-technology-logo.png","contentUrl":"https:\/\/www.synthesia.com\/wp-content\/uploads\/2020\/09\/cropped-synthesia-technology-logo.png","width":198,"height":67,"caption":"Synthesia Technology S.L.U"},"image":{"@id":"https:\/\/www.synthesia.com\/fr\/#\/schema\/logo\/image\/"}},{"@type":"Person","@id":"https:\/\/www.synthesia.com\/fr\/#\/schema\/person\/d1efac9168167b1d64ec022161621e21","name":"maratum"}]}},"_links":{"self":[{"href":"https:\/\/www.synthesia.com\/fr\/wp-json\/wp\/v2\/posts\/25692","targetHints":{"allow":["GET"]}}],"collection":[{"href":"https:\/\/www.synthesia.com\/fr\/wp-json\/wp\/v2\/posts"}],"about":[{"href":"https:\/\/www.synthesia.com\/fr\/wp-json\/wp\/v2\/types\/post"}],"author":[{"embeddable":true,"href":"https:\/\/www.synthesia.com\/fr\/wp-json\/wp\/v2\/users\/5"}],"replies":[{"embeddable":true,"href":"https:\/\/www.synthesia.com\/fr\/wp-json\/wp\/v2\/comments?post=25692"}],"version-history":[{"count":2,"href":"https:\/\/www.synthesia.com\/fr\/wp-json\/wp\/v2\/posts\/25692\/revisions"}],"predecessor-version":[{"id":25698,"href":"https:\/\/www.synthesia.com\/fr\/wp-json\/wp\/v2\/posts\/25692\/revisions\/25698"}],"wp:featuredmedia":[{"embeddable":true,"href":"https:\/\/www.synthesia.com\/fr\/wp-json\/wp\/v2\/media\/25687"}],"wp:attachment":[{"href":"https:\/\/www.synthesia.com\/fr\/wp-json\/wp\/v2\/media?parent=25692"}],"wp:term":[{"taxonomy":"category","embeddable":true,"href":"https:\/\/www.synthesia.com\/fr\/wp-json\/wp\/v2\/categories?post=25692"},{"taxonomy":"post_tag","embeddable":true,"href":"https:\/\/www.synthesia.com\/fr\/wp-json\/wp\/v2\/tags?post=25692"}],"curies":[{"name":"wp","href":"https:\/\/api.w.org\/{rel}","templated":true}]}}