{"id":22322,"date":"2023-02-27T08:34:21","date_gmt":"2023-02-27T07:34:21","guid":{"rendered":"https:\/\/www.synthesia.com\/?p=22322"},"modified":"2023-02-27T08:34:21","modified_gmt":"2023-02-27T07:34:21","slug":"reunion-de-lequipe-chargee-des-operations-fevrier-2023","status":"publish","type":"post","link":"https:\/\/www.synthesia.com\/fr\/reunion-de-lequipe-chargee-des-operations-fevrier-2023\/","title":{"rendered":"R\u00e9union de l&rsquo;\u00e9quipe charg\u00e9e des op\u00e9rations | F\u00e9vrier 2023"},"content":{"rendered":"<p>En ce mois de f\u00e9vrier\u00a02023, l&rsquo;\u00e9quipe de responsables du service Op\u00e9rations de Synthesia\u00a0Technology c\u00e9l\u00e8bre la r\u00e9union de lancement du Programme international d&rsquo;op\u00e9rations\u00a02023.Ce programme donne la priorit\u00e9 \u00e0 des probl\u00e9matiques cl\u00e9s telles que la s\u00e9curit\u00e9, la productivit\u00e9, les projets, la conservation et la gestion des talents.Cette r\u00e9union a rassembl\u00e9 le personnel des usines de Castellbisbal et de La Llagosta (Province de Barcelone).<\/p>\n<p>Organis\u00e9e sur une journ\u00e9e, elle a permis de faire le bilan des principales am\u00e9liorations men\u00e9es par l&rsquo;\u00e9quipe au cours de l&rsquo;ann\u00e9e\u00a02022, de mettre en avant la productivit\u00e9 de certains membres de l&rsquo;\u00e9quipe et de d\u00e9finir des objectifs pour relever les d\u00e9fis \u00e0 venir.<\/p>\n<p>Le tout dans une d\u00e9marche d&rsquo;am\u00e9lioration constante et de consolidation de la strat\u00e9gie propre au service Op\u00e9rations, align\u00e9e sur les besoins actuels et \u00e0 venir de l&rsquo;entreprise et les probl\u00e9matiques du secteur.<\/p>\n<p>Merci \u00e0 toutes et \u00e0 tous\u00a0!<\/p>\n","protected":false},"excerpt":{"rendered":"<p>L&rsquo;\u00e9quipe de responsables du service Op\u00e9rations de Synthesia Technology c\u00e9l\u00e8bre la r\u00e9union de lancement du Programme international d&rsquo;op\u00e9rations 2023.<\/p>\n","protected":false},"author":5,"featured_media":22287,"comment_status":"open","ping_status":"open","sticky":false,"template":"","format":"standard","meta":{"content-type":"","footnotes":""},"categories":[36],"tags":[],"class_list":["post-22322","post","type-post","status-publish","format-standard","has-post-thumbnail","hentry","category-actualites"],"yoast_head":"<!-- This site is optimized with the Yoast SEO plugin v28.3 - https:\/\/yoast.com\/product\/yoast-seo-wordpress\/ -->\n<title>R\u00e9union de l&#039;\u00e9quipe charg\u00e9e des op\u00e9rations | F\u00e9vrier 2023 - Synthesia<\/title>\n<meta name=\"description\" content=\"L&#039;\u00e9quipe de responsables du service Op\u00e9rations de Synthesia Technology c\u00e9l\u00e8bre la r\u00e9union de lancement du Programme international d&#039;op\u00e9rations 2023.\" \/>\n<meta name=\"robots\" content=\"index, follow, max-snippet:-1, max-image-preview:large, max-video-preview:-1\" \/>\n<link rel=\"canonical\" href=\"https:\/\/www.synthesia.com\/fr\/reunion-de-lequipe-chargee-des-operations-fevrier-2023\/\" \/>\n<meta property=\"og:locale\" content=\"fr_FR\" \/>\n<meta property=\"og:type\" content=\"article\" \/>\n<meta property=\"og:title\" content=\"R\u00e9union de l&#039;\u00e9quipe charg\u00e9e des op\u00e9rations | F\u00e9vrier 2023 - Synthesia\" \/>\n<meta property=\"og:description\" content=\"L&#039;\u00e9quipe de responsables du service Op\u00e9rations de Synthesia Technology c\u00e9l\u00e8bre la r\u00e9union de lancement du Programme international d&#039;op\u00e9rations 2023.\" \/>\n<meta property=\"og:url\" content=\"https:\/\/www.synthesia.com\/fr\/reunion-de-lequipe-chargee-des-operations-fevrier-2023\/\" \/>\n<meta property=\"og:site_name\" content=\"Synthesia\" \/>\n<meta property=\"article:published_time\" content=\"2023-02-27T07:34:21+00:00\" \/>\n<meta property=\"og:image\" content=\"https:\/\/www.synthesia.com\/wp-content\/uploads\/2023\/02\/20230209_163900-1-1.jpg\" \/>\n\t<meta property=\"og:image:width\" content=\"2560\" \/>\n\t<meta property=\"og:image:height\" content=\"1707\" \/>\n\t<meta property=\"og:image:type\" content=\"image\/jpeg\" \/>\n<meta name=\"author\" content=\"maratum\" \/>\n<meta name=\"twitter:card\" content=\"summary_large_image\" \/>\n<meta name=\"twitter:label1\" content=\"\u00c9crit par\" \/>\n\t<meta name=\"twitter:data1\" content=\"maratum\" \/>\n\t<meta name=\"twitter:label2\" content=\"Dur\u00e9e de lecture estim\u00e9e\" \/>\n\t<meta name=\"twitter:data2\" content=\"1 minute\" \/>\n<script type=\"application\/ld+json\" class=\"yoast-schema-graph\">{\"@context\":\"https:\\\/\\\/schema.org\",\"@graph\":[{\"@type\":\"Article\",\"@id\":\"https:\\\/\\\/www.synthesia.com\\\/fr\\\/reunion-de-lequipe-chargee-des-operations-fevrier-2023\\\/#article\",\"isPartOf\":{\"@id\":\"https:\\\/\\\/www.synthesia.com\\\/fr\\\/reunion-de-lequipe-chargee-des-operations-fevrier-2023\\\/\"},\"author\":{\"name\":\"maratum\",\"@id\":\"https:\\\/\\\/www.synthesia.com\\\/fr\\\/#\\\/schema\\\/person\\\/d1efac9168167b1d64ec022161621e21\"},\"headline\":\"R\u00e9union de l&rsquo;\u00e9quipe charg\u00e9e des op\u00e9rations | F\u00e9vrier 2023\",\"datePublished\":\"2023-02-27T07:34:21+00:00\",\"mainEntityOfPage\":{\"@id\":\"https:\\\/\\\/www.synthesia.com\\\/fr\\\/reunion-de-lequipe-chargee-des-operations-fevrier-2023\\\/\"},\"wordCount\":182,\"commentCount\":0,\"publisher\":{\"@id\":\"https:\\\/\\\/www.synthesia.com\\\/fr\\\/#organization\"},\"image\":{\"@id\":\"https:\\\/\\\/www.synthesia.com\\\/fr\\\/reunion-de-lequipe-chargee-des-operations-fevrier-2023\\\/#primaryimage\"},\"thumbnailUrl\":\"https:\\\/\\\/www.synthesia.com\\\/wp-content\\\/uploads\\\/2023\\\/02\\\/20230209_163900-1-1.jpg\",\"articleSection\":[\"Actualit\u00e9s\"],\"inLanguage\":\"fr-FR\",\"potentialAction\":[{\"@type\":\"CommentAction\",\"name\":\"Comment\",\"target\":[\"https:\\\/\\\/www.synthesia.com\\\/fr\\\/reunion-de-lequipe-chargee-des-operations-fevrier-2023\\\/#respond\"]}]},{\"@type\":\"WebPage\",\"@id\":\"https:\\\/\\\/www.synthesia.com\\\/fr\\\/reunion-de-lequipe-chargee-des-operations-fevrier-2023\\\/\",\"url\":\"https:\\\/\\\/www.synthesia.com\\\/fr\\\/reunion-de-lequipe-chargee-des-operations-fevrier-2023\\\/\",\"name\":\"R\u00e9union de l'\u00e9quipe charg\u00e9e des op\u00e9rations | F\u00e9vrier 2023 - Synthesia\",\"isPartOf\":{\"@id\":\"https:\\\/\\\/www.synthesia.com\\\/fr\\\/#website\"},\"primaryImageOfPage\":{\"@id\":\"https:\\\/\\\/www.synthesia.com\\\/fr\\\/reunion-de-lequipe-chargee-des-operations-fevrier-2023\\\/#primaryimage\"},\"image\":{\"@id\":\"https:\\\/\\\/www.synthesia.com\\\/fr\\\/reunion-de-lequipe-chargee-des-operations-fevrier-2023\\\/#primaryimage\"},\"thumbnailUrl\":\"https:\\\/\\\/www.synthesia.com\\\/wp-content\\\/uploads\\\/2023\\\/02\\\/20230209_163900-1-1.jpg\",\"datePublished\":\"2023-02-27T07:34:21+00:00\",\"description\":\"L'\u00e9quipe de responsables du service Op\u00e9rations de Synthesia Technology c\u00e9l\u00e8bre la r\u00e9union de lancement du Programme international d'op\u00e9rations 2023.\",\"breadcrumb\":{\"@id\":\"https:\\\/\\\/www.synthesia.com\\\/fr\\\/reunion-de-lequipe-chargee-des-operations-fevrier-2023\\\/#breadcrumb\"},\"inLanguage\":\"fr-FR\",\"potentialAction\":[{\"@type\":\"ReadAction\",\"target\":[\"https:\\\/\\\/www.synthesia.com\\\/fr\\\/reunion-de-lequipe-chargee-des-operations-fevrier-2023\\\/\"]}]},{\"@type\":\"ImageObject\",\"inLanguage\":\"fr-FR\",\"@id\":\"https:\\\/\\\/www.synthesia.com\\\/fr\\\/reunion-de-lequipe-chargee-des-operations-fevrier-2023\\\/#primaryimage\",\"url\":\"https:\\\/\\\/www.synthesia.com\\\/wp-content\\\/uploads\\\/2023\\\/02\\\/20230209_163900-1-1.jpg\",\"contentUrl\":\"https:\\\/\\\/www.synthesia.com\\\/wp-content\\\/uploads\\\/2023\\\/02\\\/20230209_163900-1-1.jpg\",\"width\":2560,\"height\":1707,\"caption\":\"Reuni\u00f3n Equipo Operaciones. Febrero 2023\"},{\"@type\":\"BreadcrumbList\",\"@id\":\"https:\\\/\\\/www.synthesia.com\\\/fr\\\/reunion-de-lequipe-chargee-des-operations-fevrier-2023\\\/#breadcrumb\",\"itemListElement\":[{\"@type\":\"ListItem\",\"position\":1,\"name\":\"Portada\",\"item\":\"https:\\\/\\\/www.synthesia.com\\\/fr\\\/\"},{\"@type\":\"ListItem\",\"position\":2,\"name\":\"R\u00e9union de l&#8217;\u00e9quipe charg\u00e9e des op\u00e9rations | F\u00e9vrier 2023\"}]},{\"@type\":\"WebSite\",\"@id\":\"https:\\\/\\\/www.synthesia.com\\\/fr\\\/#website\",\"url\":\"https:\\\/\\\/www.synthesia.com\\\/fr\\\/\",\"name\":\"Synthesia\",\"description\":\"\",\"publisher\":{\"@id\":\"https:\\\/\\\/www.synthesia.com\\\/fr\\\/#organization\"},\"potentialAction\":[{\"@type\":\"SearchAction\",\"target\":{\"@type\":\"EntryPoint\",\"urlTemplate\":\"https:\\\/\\\/www.synthesia.com\\\/fr\\\/?s={search_term_string}\"},\"query-input\":{\"@type\":\"PropertyValueSpecification\",\"valueRequired\":true,\"valueName\":\"search_term_string\"}}],\"inLanguage\":\"fr-FR\"},{\"@type\":\"Organization\",\"@id\":\"https:\\\/\\\/www.synthesia.com\\\/fr\\\/#organization\",\"name\":\"Synthesia Technology S.L.U\",\"url\":\"https:\\\/\\\/www.synthesia.com\\\/fr\\\/\",\"logo\":{\"@type\":\"ImageObject\",\"inLanguage\":\"fr-FR\",\"@id\":\"https:\\\/\\\/www.synthesia.com\\\/fr\\\/#\\\/schema\\\/logo\\\/image\\\/\",\"url\":\"https:\\\/\\\/www.synthesia.com\\\/wp-content\\\/uploads\\\/2020\\\/09\\\/cropped-synthesia-technology-logo.png\",\"contentUrl\":\"https:\\\/\\\/www.synthesia.com\\\/wp-content\\\/uploads\\\/2020\\\/09\\\/cropped-synthesia-technology-logo.png\",\"width\":198,\"height\":67,\"caption\":\"Synthesia Technology S.L.U\"},\"image\":{\"@id\":\"https:\\\/\\\/www.synthesia.com\\\/fr\\\/#\\\/schema\\\/logo\\\/image\\\/\"}},{\"@type\":\"Person\",\"@id\":\"https:\\\/\\\/www.synthesia.com\\\/fr\\\/#\\\/schema\\\/person\\\/d1efac9168167b1d64ec022161621e21\",\"name\":\"maratum\"}]}<\/script>\n<!-- \/ Yoast SEO plugin. -->","yoast_head_json":{"title":"R\u00e9union de l'\u00e9quipe charg\u00e9e des op\u00e9rations | F\u00e9vrier 2023 - Synthesia","description":"L'\u00e9quipe de responsables du service Op\u00e9rations de Synthesia Technology c\u00e9l\u00e8bre la r\u00e9union de lancement du Programme international d'op\u00e9rations 2023.","robots":{"index":"index","follow":"follow","max-snippet":"max-snippet:-1","max-image-preview":"max-image-preview:large","max-video-preview":"max-video-preview:-1"},"canonical":"https:\/\/www.synthesia.com\/fr\/reunion-de-lequipe-chargee-des-operations-fevrier-2023\/","og_locale":"fr_FR","og_type":"article","og_title":"R\u00e9union de l'\u00e9quipe charg\u00e9e des op\u00e9rations | F\u00e9vrier 2023 - Synthesia","og_description":"L'\u00e9quipe de responsables du service Op\u00e9rations de Synthesia Technology c\u00e9l\u00e8bre la r\u00e9union de lancement du Programme international d'op\u00e9rations 2023.","og_url":"https:\/\/www.synthesia.com\/fr\/reunion-de-lequipe-chargee-des-operations-fevrier-2023\/","og_site_name":"Synthesia","article_published_time":"2023-02-27T07:34:21+00:00","og_image":[{"width":2560,"height":1707,"url":"https:\/\/www.synthesia.com\/wp-content\/uploads\/2023\/02\/20230209_163900-1-1.jpg","type":"image\/jpeg"}],"author":"maratum","twitter_card":"summary_large_image","twitter_misc":{"\u00c9crit par":"maratum","Dur\u00e9e de lecture estim\u00e9e":"1 minute"},"schema":{"@context":"https:\/\/schema.org","@graph":[{"@type":"Article","@id":"https:\/\/www.synthesia.com\/fr\/reunion-de-lequipe-chargee-des-operations-fevrier-2023\/#article","isPartOf":{"@id":"https:\/\/www.synthesia.com\/fr\/reunion-de-lequipe-chargee-des-operations-fevrier-2023\/"},"author":{"name":"maratum","@id":"https:\/\/www.synthesia.com\/fr\/#\/schema\/person\/d1efac9168167b1d64ec022161621e21"},"headline":"R\u00e9union de l&rsquo;\u00e9quipe charg\u00e9e des op\u00e9rations | F\u00e9vrier 2023","datePublished":"2023-02-27T07:34:21+00:00","mainEntityOfPage":{"@id":"https:\/\/www.synthesia.com\/fr\/reunion-de-lequipe-chargee-des-operations-fevrier-2023\/"},"wordCount":182,"commentCount":0,"publisher":{"@id":"https:\/\/www.synthesia.com\/fr\/#organization"},"image":{"@id":"https:\/\/www.synthesia.com\/fr\/reunion-de-lequipe-chargee-des-operations-fevrier-2023\/#primaryimage"},"thumbnailUrl":"https:\/\/www.synthesia.com\/wp-content\/uploads\/2023\/02\/20230209_163900-1-1.jpg","articleSection":["Actualit\u00e9s"],"inLanguage":"fr-FR","potentialAction":[{"@type":"CommentAction","name":"Comment","target":["https:\/\/www.synthesia.com\/fr\/reunion-de-lequipe-chargee-des-operations-fevrier-2023\/#respond"]}]},{"@type":"WebPage","@id":"https:\/\/www.synthesia.com\/fr\/reunion-de-lequipe-chargee-des-operations-fevrier-2023\/","url":"https:\/\/www.synthesia.com\/fr\/reunion-de-lequipe-chargee-des-operations-fevrier-2023\/","name":"R\u00e9union de l'\u00e9quipe charg\u00e9e des op\u00e9rations | F\u00e9vrier 2023 - Synthesia","isPartOf":{"@id":"https:\/\/www.synthesia.com\/fr\/#website"},"primaryImageOfPage":{"@id":"https:\/\/www.synthesia.com\/fr\/reunion-de-lequipe-chargee-des-operations-fevrier-2023\/#primaryimage"},"image":{"@id":"https:\/\/www.synthesia.com\/fr\/reunion-de-lequipe-chargee-des-operations-fevrier-2023\/#primaryimage"},"thumbnailUrl":"https:\/\/www.synthesia.com\/wp-content\/uploads\/2023\/02\/20230209_163900-1-1.jpg","datePublished":"2023-02-27T07:34:21+00:00","description":"L'\u00e9quipe de responsables du service Op\u00e9rations de Synthesia Technology c\u00e9l\u00e8bre la r\u00e9union de lancement du Programme international d'op\u00e9rations 2023.","breadcrumb":{"@id":"https:\/\/www.synthesia.com\/fr\/reunion-de-lequipe-chargee-des-operations-fevrier-2023\/#breadcrumb"},"inLanguage":"fr-FR","potentialAction":[{"@type":"ReadAction","target":["https:\/\/www.synthesia.com\/fr\/reunion-de-lequipe-chargee-des-operations-fevrier-2023\/"]}]},{"@type":"ImageObject","inLanguage":"fr-FR","@id":"https:\/\/www.synthesia.com\/fr\/reunion-de-lequipe-chargee-des-operations-fevrier-2023\/#primaryimage","url":"https:\/\/www.synthesia.com\/wp-content\/uploads\/2023\/02\/20230209_163900-1-1.jpg","contentUrl":"https:\/\/www.synthesia.com\/wp-content\/uploads\/2023\/02\/20230209_163900-1-1.jpg","width":2560,"height":1707,"caption":"Reuni\u00f3n Equipo Operaciones. Febrero 2023"},{"@type":"BreadcrumbList","@id":"https:\/\/www.synthesia.com\/fr\/reunion-de-lequipe-chargee-des-operations-fevrier-2023\/#breadcrumb","itemListElement":[{"@type":"ListItem","position":1,"name":"Portada","item":"https:\/\/www.synthesia.com\/fr\/"},{"@type":"ListItem","position":2,"name":"R\u00e9union de l&#8217;\u00e9quipe charg\u00e9e des op\u00e9rations | F\u00e9vrier 2023"}]},{"@type":"WebSite","@id":"https:\/\/www.synthesia.com\/fr\/#website","url":"https:\/\/www.synthesia.com\/fr\/","name":"Synthesia","description":"","publisher":{"@id":"https:\/\/www.synthesia.com\/fr\/#organization"},"potentialAction":[{"@type":"SearchAction","target":{"@type":"EntryPoint","urlTemplate":"https:\/\/www.synthesia.com\/fr\/?s={search_term_string}"},"query-input":{"@type":"PropertyValueSpecification","valueRequired":true,"valueName":"search_term_string"}}],"inLanguage":"fr-FR"},{"@type":"Organization","@id":"https:\/\/www.synthesia.com\/fr\/#organization","name":"Synthesia Technology S.L.U","url":"https:\/\/www.synthesia.com\/fr\/","logo":{"@type":"ImageObject","inLanguage":"fr-FR","@id":"https:\/\/www.synthesia.com\/fr\/#\/schema\/logo\/image\/","url":"https:\/\/www.synthesia.com\/wp-content\/uploads\/2020\/09\/cropped-synthesia-technology-logo.png","contentUrl":"https:\/\/www.synthesia.com\/wp-content\/uploads\/2020\/09\/cropped-synthesia-technology-logo.png","width":198,"height":67,"caption":"Synthesia Technology S.L.U"},"image":{"@id":"https:\/\/www.synthesia.com\/fr\/#\/schema\/logo\/image\/"}},{"@type":"Person","@id":"https:\/\/www.synthesia.com\/fr\/#\/schema\/person\/d1efac9168167b1d64ec022161621e21","name":"maratum"}]}},"_links":{"self":[{"href":"https:\/\/www.synthesia.com\/fr\/wp-json\/wp\/v2\/posts\/22322","targetHints":{"allow":["GET"]}}],"collection":[{"href":"https:\/\/www.synthesia.com\/fr\/wp-json\/wp\/v2\/posts"}],"about":[{"href":"https:\/\/www.synthesia.com\/fr\/wp-json\/wp\/v2\/types\/post"}],"author":[{"embeddable":true,"href":"https:\/\/www.synthesia.com\/fr\/wp-json\/wp\/v2\/users\/5"}],"replies":[{"embeddable":true,"href":"https:\/\/www.synthesia.com\/fr\/wp-json\/wp\/v2\/comments?post=22322"}],"version-history":[{"count":1,"href":"https:\/\/www.synthesia.com\/fr\/wp-json\/wp\/v2\/posts\/22322\/revisions"}],"predecessor-version":[{"id":22323,"href":"https:\/\/www.synthesia.com\/fr\/wp-json\/wp\/v2\/posts\/22322\/revisions\/22323"}],"wp:featuredmedia":[{"embeddable":true,"href":"https:\/\/www.synthesia.com\/fr\/wp-json\/wp\/v2\/media\/22287"}],"wp:attachment":[{"href":"https:\/\/www.synthesia.com\/fr\/wp-json\/wp\/v2\/media?parent=22322"}],"wp:term":[{"taxonomy":"category","embeddable":true,"href":"https:\/\/www.synthesia.com\/fr\/wp-json\/wp\/v2\/categories?post=22322"},{"taxonomy":"post_tag","embeddable":true,"href":"https:\/\/www.synthesia.com\/fr\/wp-json\/wp\/v2\/tags?post=22322"}],"curies":[{"name":"wp","href":"https:\/\/api.w.org\/{rel}","templated":true}]}}