{"id":20081,"date":"2022-11-08T12:30:19","date_gmt":"2022-11-08T11:30:19","guid":{"rendered":"https:\/\/www.synthesia.com\/?p=20081"},"modified":"2022-11-08T12:34:51","modified_gmt":"2022-11-08T11:34:51","slug":"projet-social-renovation-de-la-salle-paroissiale-a-carthagene","status":"publish","type":"post","link":"https:\/\/www.synthesia.com\/fr\/projet-social-renovation-de-la-salle-paroissiale-a-carthagene\/","title":{"rendered":"Projet social: R\u00e9novation de la salle paroissiale \u00e0 Carthag\u00e8ne"},"content":{"rendered":"<p><span style=\"font-weight: 400;\">C\u2019est le 30 septembre 2022 qu\u2019a eu lieu l\u2019inauguration de la salle paroissiale de San Jos\u00e9 de Leonessa, dans le quartier populaire de San Jos\u00e9 de los Campanos au c\u0153ur de Carthag\u00e8ne des Indes <\/span><span style=\"font-weight: 400;\">(Colombie).\u00a0<\/span><\/p>\n<p><span style=\"font-weight: 400;\">Gr\u00e2ce au concours de <\/span><b>Synthesia\u00a0Technology Colombia<\/b><span style=\"font-weight: 400;\"> et de <\/span><b>Kingspan Colombia<\/b><span style=\"font-weight: 400;\">, la salle a \u00e9t\u00e9 r\u00e9nov\u00e9e et l\u2019ancienne toiture en m\u00e9tal remplac\u00e9e par le panneau <\/span><b>KingRoof<\/b><span style=\"font-weight: 400;\"> de Kingspan. Ce panneau est le fruit d&rsquo;une technologie et de mat\u00e9riaux plus durables. Gr\u00e2ce \u00e0 ses qualit\u00e9s d\u2019isolation thermoacoustique, il am\u00e9liore la qualit\u00e9 de vie des usagers du quartier.<\/span><\/p>\n<p><img fetchpriority=\"high\" decoding=\"async\" class=\"aligncenter wp-image-19811 size-full\" src=\"https:\/\/www.synthesia.com\/wp-content\/uploads\/2022\/10\/DSC_0837-copia-min-scaled.jpeg\" alt=\"Projet social: R\u00e9novation de la salle paroissiale San Jos\u00e9 de Leonessa \u00e0 Carthag\u00e8ne des Indes (Colombie)\" width=\"2560\" height=\"1707\" srcset=\"https:\/\/www.synthesia.com\/wp-content\/uploads\/2022\/10\/DSC_0837-copia-min-scaled.jpeg 2560w, https:\/\/www.synthesia.com\/wp-content\/uploads\/2022\/10\/DSC_0837-copia-min-300x200.jpeg 300w, https:\/\/www.synthesia.com\/wp-content\/uploads\/2022\/10\/DSC_0837-copia-min-1024x683.jpeg 1024w, https:\/\/www.synthesia.com\/wp-content\/uploads\/2022\/10\/DSC_0837-copia-min-768x512.jpeg 768w, https:\/\/www.synthesia.com\/wp-content\/uploads\/2022\/10\/DSC_0837-copia-min-1536x1024.jpeg 1536w, https:\/\/www.synthesia.com\/wp-content\/uploads\/2022\/10\/DSC_0837-copia-min-2048x1365.jpeg 2048w\" sizes=\"(max-width: 2560px) 100vw, 2560px\" \/><\/p>\n<p><span style=\"font-weight: 400;\">Ce projet rev\u00eat un aspect social important puisque la paroisse accompagne plus de 139\u00a0familles du quartier. C\u2019est plus particuli\u00e8rement aux enfants que s\u2019adresse cette d\u00e9marche avec des projets caritatifs comme <\/span><b>Construyendo sonrisas <\/b><span style=\"font-weight: 400;\">(La Fabrique de sourires) ou encore des actions b\u00e9n\u00e9voles allant de l\u2019aide aux devoirs destin\u00e9e aux enfants \u00e2g\u00e9s de 6 \u00e0 14\u00a0ans \u00e0 des programmes de soutien \u00e0 l\u2019attention des m\u00e8res allaitantes. Bien plus qu&rsquo;un lieu de culte, la paroisse de San Jos\u00e9 de Leonessa fait partie de l\u2019environnement social du quartier. C\u2019est un endroit o\u00f9 il fait bon se r\u00e9unir, se rassembler, prier et partager de nombreuses activit\u00e9s.<\/span><\/p>\n<p><img decoding=\"async\" class=\"aligncenter wp-image-19807\" src=\"https:\/\/www.synthesia.com\/wp-content\/uploads\/2022\/10\/DSC_0741-min-scaled.jpeg\" alt=\"Projet social: R\u00e9novation de la salle paroissiale San Jos\u00e9 de Leonessa \u00e0 Carthag\u00e8ne des Indes (Colombie)\" width=\"2560\" height=\"1706\" srcset=\"https:\/\/www.synthesia.com\/wp-content\/uploads\/2022\/10\/DSC_0741-min-scaled.jpeg 2560w, https:\/\/www.synthesia.com\/wp-content\/uploads\/2022\/10\/DSC_0741-min-300x200.jpeg 300w, https:\/\/www.synthesia.com\/wp-content\/uploads\/2022\/10\/DSC_0741-min-1024x683.jpeg 1024w, https:\/\/www.synthesia.com\/wp-content\/uploads\/2022\/10\/DSC_0741-min-768x512.jpeg 768w, https:\/\/www.synthesia.com\/wp-content\/uploads\/2022\/10\/DSC_0741-min-1536x1024.jpeg 1536w, https:\/\/www.synthesia.com\/wp-content\/uploads\/2022\/10\/DSC_0741-min-2048x1365.jpeg 2048w\" sizes=\"(max-width: 2560px) 100vw, 2560px\" \/><\/p>\n<p><span style=\"font-weight: 400;\">Au cours d\u2019une c\u00e9r\u00e9monie d\u2019inauguration particuli\u00e8rement \u00e9mouvante, \u00e0 laquelle ont assist\u00e9 Maria Jimena Tovar, Business Director LATAM de Synthesia et John Torres, General Manager de Kingspan Colombia, les enfants du quartier ont remis un dipl\u00f4me aux deux repr\u00e9sentants pour leur exprimer leur gratitude. Quelques danses de c\u00e9l\u00e9bration, suivies par la b\u00e9n\u00e9diction du b\u00e2timent par le cur\u00e9 de la paroisse, sont venues conclure les festivit\u00e9s.<\/span><\/p>\n<p><img decoding=\"async\" class=\"aligncenter wp-image-19815\" src=\"https:\/\/www.synthesia.com\/wp-content\/uploads\/2022\/10\/Placa-agradecimiento-min.jpg\" alt=\"Projet social: R\u00e9novation de la salle paroissiale San Jos\u00e9 de Leonessa \u00e0 Carthag\u00e8ne des Indes (Colombie)\" width=\"2560\" height=\"1972\" srcset=\"https:\/\/www.synthesia.com\/wp-content\/uploads\/2022\/10\/Placa-agradecimiento-min.jpg 858w, https:\/\/www.synthesia.com\/wp-content\/uploads\/2022\/10\/Placa-agradecimiento-min-300x231.jpg 300w, https:\/\/www.synthesia.com\/wp-content\/uploads\/2022\/10\/Placa-agradecimiento-min-768x592.jpg 768w\" sizes=\"(max-width: 2560px) 100vw, 2560px\" \/><\/p>\n<p><span style=\"font-weight: 400;\">Ces initiatives indispensables permettent d\u2019aider les quartiers les plus n\u00e9cessiteux, et en particulier les enfants qui y vivent et qui b\u00e9n\u00e9ficieront ainsi d&rsquo;un avenir meilleur.<\/span><\/p>\n<div style=\"width: 640px;\" class=\"wp-video\"><video class=\"wp-video-shortcode\" id=\"video-20081-1\" width=\"640\" height=\"360\" preload=\"metadata\" controls=\"controls\"><source type=\"video\/mp4\" src=\"https:\/\/www.synthesia.com\/wp-content\/uploads\/videos\/video-kingspan-sanjosedeleonessa.mp4?_=1\" \/><a href=\"https:\/\/www.synthesia.com\/wp-content\/uploads\/videos\/video-kingspan-sanjosedeleonessa.mp4\">https:\/\/www.synthesia.com\/wp-content\/uploads\/videos\/video-kingspan-sanjosedeleonessa.mp4<\/a><\/video><\/div>\n","protected":false},"excerpt":{"rendered":"<p>C\u2019est le 30\u00a0septembre\u00a02022 qu\u2019a eu lieu l\u2019inauguration de la salle paroissiale de San Jos\u00e9 de Leonessa, dans le quartier populaire de San Jos\u00e9 de los Campanos au c\u0153ur de Carthag\u00e8ne des Indes.<\/p>\n","protected":false},"author":5,"featured_media":19805,"comment_status":"open","ping_status":"open","sticky":false,"template":"","format":"standard","meta":{"content-type":"","footnotes":""},"categories":[36],"tags":[],"class_list":["post-20081","post","type-post","status-publish","format-standard","has-post-thumbnail","hentry","category-actualites"],"yoast_head":"<!-- This site is optimized with the Yoast SEO plugin v28.3 - https:\/\/yoast.com\/product\/yoast-seo-wordpress\/ -->\n<title>Projet social: R\u00e9novation de la salle paroissiale \u00e0 Carthag\u00e8ne - Synthesia<\/title>\n<meta name=\"description\" content=\"C\u2019est le 30\u00a0septembre\u00a02022 qu\u2019a eu lieu l\u2019inauguration de la salle paroissiale de San Jos\u00e9 de Leonessa, dans le quartier populaire de San Jos\u00e9 de los Campanos au c\u0153ur de Carthag\u00e8ne des Indes (Colombie).\u00a0\" \/>\n<meta name=\"robots\" content=\"index, follow, max-snippet:-1, max-image-preview:large, max-video-preview:-1\" \/>\n<link rel=\"canonical\" href=\"https:\/\/www.synthesia.com\/fr\/projet-social-renovation-de-la-salle-paroissiale-a-carthagene\/\" \/>\n<meta property=\"og:locale\" content=\"fr_FR\" \/>\n<meta property=\"og:type\" content=\"article\" \/>\n<meta property=\"og:title\" content=\"Projet social: R\u00e9novation de la salle paroissiale \u00e0 Carthag\u00e8ne - Synthesia\" \/>\n<meta property=\"og:description\" content=\"C\u2019est le 30\u00a0septembre\u00a02022 qu\u2019a eu lieu l\u2019inauguration de la salle paroissiale de San Jos\u00e9 de Leonessa, dans le quartier populaire de San Jos\u00e9 de los Campanos au c\u0153ur de Carthag\u00e8ne des Indes (Colombie).\u00a0\" \/>\n<meta property=\"og:url\" content=\"https:\/\/www.synthesia.com\/fr\/projet-social-renovation-de-la-salle-paroissiale-a-carthagene\/\" \/>\n<meta property=\"og:site_name\" content=\"Synthesia\" \/>\n<meta property=\"article:published_time\" content=\"2022-11-08T11:30:19+00:00\" \/>\n<meta property=\"article:modified_time\" content=\"2022-11-08T11:34:51+00:00\" \/>\n<meta property=\"og:image\" content=\"https:\/\/www.synthesia.com\/wp-content\/uploads\/2022\/10\/DSC_0685-min-scaled.jpeg\" \/>\n\t<meta property=\"og:image:width\" content=\"2560\" \/>\n\t<meta property=\"og:image:height\" content=\"1707\" \/>\n\t<meta property=\"og:image:type\" content=\"image\/jpeg\" \/>\n<meta name=\"author\" content=\"maratum\" \/>\n<meta name=\"twitter:card\" content=\"summary_large_image\" \/>\n<meta name=\"twitter:label1\" content=\"\u00c9crit par\" \/>\n\t<meta name=\"twitter:data1\" content=\"maratum\" \/>\n\t<meta name=\"twitter:label2\" content=\"Dur\u00e9e de lecture estim\u00e9e\" \/>\n\t<meta name=\"twitter:data2\" content=\"2 minutes\" \/>\n<script type=\"application\/ld+json\" class=\"yoast-schema-graph\">{\"@context\":\"https:\\\/\\\/schema.org\",\"@graph\":[{\"@type\":\"Article\",\"@id\":\"https:\\\/\\\/www.synthesia.com\\\/fr\\\/projet-social-renovation-de-la-salle-paroissiale-a-carthagene\\\/#article\",\"isPartOf\":{\"@id\":\"https:\\\/\\\/www.synthesia.com\\\/fr\\\/projet-social-renovation-de-la-salle-paroissiale-a-carthagene\\\/\"},\"author\":{\"name\":\"maratum\",\"@id\":\"https:\\\/\\\/www.synthesia.com\\\/fr\\\/#\\\/schema\\\/person\\\/d1efac9168167b1d64ec022161621e21\"},\"headline\":\"Projet social: R\u00e9novation de la salle paroissiale \u00e0 Carthag\u00e8ne\",\"datePublished\":\"2022-11-08T11:30:19+00:00\",\"dateModified\":\"2022-11-08T11:34:51+00:00\",\"mainEntityOfPage\":{\"@id\":\"https:\\\/\\\/www.synthesia.com\\\/fr\\\/projet-social-renovation-de-la-salle-paroissiale-a-carthagene\\\/\"},\"wordCount\":344,\"commentCount\":0,\"publisher\":{\"@id\":\"https:\\\/\\\/www.synthesia.com\\\/fr\\\/#organization\"},\"image\":{\"@id\":\"https:\\\/\\\/www.synthesia.com\\\/fr\\\/projet-social-renovation-de-la-salle-paroissiale-a-carthagene\\\/#primaryimage\"},\"thumbnailUrl\":\"https:\\\/\\\/www.synthesia.com\\\/wp-content\\\/uploads\\\/2022\\\/10\\\/DSC_0685-min-scaled.jpeg\",\"articleSection\":[\"Actualit\u00e9s\"],\"inLanguage\":\"fr-FR\",\"potentialAction\":[{\"@type\":\"CommentAction\",\"name\":\"Comment\",\"target\":[\"https:\\\/\\\/www.synthesia.com\\\/fr\\\/projet-social-renovation-de-la-salle-paroissiale-a-carthagene\\\/#respond\"]}]},{\"@type\":\"WebPage\",\"@id\":\"https:\\\/\\\/www.synthesia.com\\\/fr\\\/projet-social-renovation-de-la-salle-paroissiale-a-carthagene\\\/\",\"url\":\"https:\\\/\\\/www.synthesia.com\\\/fr\\\/projet-social-renovation-de-la-salle-paroissiale-a-carthagene\\\/\",\"name\":\"Projet social: R\u00e9novation de la salle paroissiale \u00e0 Carthag\u00e8ne - Synthesia\",\"isPartOf\":{\"@id\":\"https:\\\/\\\/www.synthesia.com\\\/fr\\\/#website\"},\"primaryImageOfPage\":{\"@id\":\"https:\\\/\\\/www.synthesia.com\\\/fr\\\/projet-social-renovation-de-la-salle-paroissiale-a-carthagene\\\/#primaryimage\"},\"image\":{\"@id\":\"https:\\\/\\\/www.synthesia.com\\\/fr\\\/projet-social-renovation-de-la-salle-paroissiale-a-carthagene\\\/#primaryimage\"},\"thumbnailUrl\":\"https:\\\/\\\/www.synthesia.com\\\/wp-content\\\/uploads\\\/2022\\\/10\\\/DSC_0685-min-scaled.jpeg\",\"datePublished\":\"2022-11-08T11:30:19+00:00\",\"dateModified\":\"2022-11-08T11:34:51+00:00\",\"description\":\"C\u2019est le 30\u00a0septembre\u00a02022 qu\u2019a eu lieu l\u2019inauguration de la salle paroissiale de San Jos\u00e9 de Leonessa, dans le quartier populaire de San Jos\u00e9 de los Campanos au c\u0153ur de Carthag\u00e8ne des Indes (Colombie).\u00a0\",\"breadcrumb\":{\"@id\":\"https:\\\/\\\/www.synthesia.com\\\/fr\\\/projet-social-renovation-de-la-salle-paroissiale-a-carthagene\\\/#breadcrumb\"},\"inLanguage\":\"fr-FR\",\"potentialAction\":[{\"@type\":\"ReadAction\",\"target\":[\"https:\\\/\\\/www.synthesia.com\\\/fr\\\/projet-social-renovation-de-la-salle-paroissiale-a-carthagene\\\/\"]}]},{\"@type\":\"ImageObject\",\"inLanguage\":\"fr-FR\",\"@id\":\"https:\\\/\\\/www.synthesia.com\\\/fr\\\/projet-social-renovation-de-la-salle-paroissiale-a-carthagene\\\/#primaryimage\",\"url\":\"https:\\\/\\\/www.synthesia.com\\\/wp-content\\\/uploads\\\/2022\\\/10\\\/DSC_0685-min-scaled.jpeg\",\"contentUrl\":\"https:\\\/\\\/www.synthesia.com\\\/wp-content\\\/uploads\\\/2022\\\/10\\\/DSC_0685-min-scaled.jpeg\",\"width\":2560,\"height\":1707,\"caption\":\"Proyecto social: Renovaci\u00f3n del Sal\u00f3n Parroquial San Jos\u00e9 de Leonessa en Cartagena (Colombia)\"},{\"@type\":\"BreadcrumbList\",\"@id\":\"https:\\\/\\\/www.synthesia.com\\\/fr\\\/projet-social-renovation-de-la-salle-paroissiale-a-carthagene\\\/#breadcrumb\",\"itemListElement\":[{\"@type\":\"ListItem\",\"position\":1,\"name\":\"Portada\",\"item\":\"https:\\\/\\\/www.synthesia.com\\\/fr\\\/\"},{\"@type\":\"ListItem\",\"position\":2,\"name\":\"Projet social: R\u00e9novation de la salle paroissiale \u00e0 Carthag\u00e8ne\"}]},{\"@type\":\"WebSite\",\"@id\":\"https:\\\/\\\/www.synthesia.com\\\/fr\\\/#website\",\"url\":\"https:\\\/\\\/www.synthesia.com\\\/fr\\\/\",\"name\":\"Synthesia\",\"description\":\"\",\"publisher\":{\"@id\":\"https:\\\/\\\/www.synthesia.com\\\/fr\\\/#organization\"},\"potentialAction\":[{\"@type\":\"SearchAction\",\"target\":{\"@type\":\"EntryPoint\",\"urlTemplate\":\"https:\\\/\\\/www.synthesia.com\\\/fr\\\/?s={search_term_string}\"},\"query-input\":{\"@type\":\"PropertyValueSpecification\",\"valueRequired\":true,\"valueName\":\"search_term_string\"}}],\"inLanguage\":\"fr-FR\"},{\"@type\":\"Organization\",\"@id\":\"https:\\\/\\\/www.synthesia.com\\\/fr\\\/#organization\",\"name\":\"Synthesia Technology S.L.U\",\"url\":\"https:\\\/\\\/www.synthesia.com\\\/fr\\\/\",\"logo\":{\"@type\":\"ImageObject\",\"inLanguage\":\"fr-FR\",\"@id\":\"https:\\\/\\\/www.synthesia.com\\\/fr\\\/#\\\/schema\\\/logo\\\/image\\\/\",\"url\":\"https:\\\/\\\/www.synthesia.com\\\/wp-content\\\/uploads\\\/2020\\\/09\\\/cropped-synthesia-technology-logo.png\",\"contentUrl\":\"https:\\\/\\\/www.synthesia.com\\\/wp-content\\\/uploads\\\/2020\\\/09\\\/cropped-synthesia-technology-logo.png\",\"width\":198,\"height\":67,\"caption\":\"Synthesia Technology S.L.U\"},\"image\":{\"@id\":\"https:\\\/\\\/www.synthesia.com\\\/fr\\\/#\\\/schema\\\/logo\\\/image\\\/\"}},{\"@type\":\"Person\",\"@id\":\"https:\\\/\\\/www.synthesia.com\\\/fr\\\/#\\\/schema\\\/person\\\/d1efac9168167b1d64ec022161621e21\",\"name\":\"maratum\"}]}<\/script>\n<!-- \/ Yoast SEO plugin. -->","yoast_head_json":{"title":"Projet social: R\u00e9novation de la salle paroissiale \u00e0 Carthag\u00e8ne - Synthesia","description":"C\u2019est le 30\u00a0septembre\u00a02022 qu\u2019a eu lieu l\u2019inauguration de la salle paroissiale de San Jos\u00e9 de Leonessa, dans le quartier populaire de San Jos\u00e9 de los Campanos au c\u0153ur de Carthag\u00e8ne des Indes (Colombie).\u00a0","robots":{"index":"index","follow":"follow","max-snippet":"max-snippet:-1","max-image-preview":"max-image-preview:large","max-video-preview":"max-video-preview:-1"},"canonical":"https:\/\/www.synthesia.com\/fr\/projet-social-renovation-de-la-salle-paroissiale-a-carthagene\/","og_locale":"fr_FR","og_type":"article","og_title":"Projet social: R\u00e9novation de la salle paroissiale \u00e0 Carthag\u00e8ne - Synthesia","og_description":"C\u2019est le 30\u00a0septembre\u00a02022 qu\u2019a eu lieu l\u2019inauguration de la salle paroissiale de San Jos\u00e9 de Leonessa, dans le quartier populaire de San Jos\u00e9 de los Campanos au c\u0153ur de Carthag\u00e8ne des Indes (Colombie).\u00a0","og_url":"https:\/\/www.synthesia.com\/fr\/projet-social-renovation-de-la-salle-paroissiale-a-carthagene\/","og_site_name":"Synthesia","article_published_time":"2022-11-08T11:30:19+00:00","article_modified_time":"2022-11-08T11:34:51+00:00","og_image":[{"width":2560,"height":1707,"url":"https:\/\/www.synthesia.com\/wp-content\/uploads\/2022\/10\/DSC_0685-min-scaled.jpeg","type":"image\/jpeg"}],"author":"maratum","twitter_card":"summary_large_image","twitter_misc":{"\u00c9crit par":"maratum","Dur\u00e9e de lecture estim\u00e9e":"2 minutes"},"schema":{"@context":"https:\/\/schema.org","@graph":[{"@type":"Article","@id":"https:\/\/www.synthesia.com\/fr\/projet-social-renovation-de-la-salle-paroissiale-a-carthagene\/#article","isPartOf":{"@id":"https:\/\/www.synthesia.com\/fr\/projet-social-renovation-de-la-salle-paroissiale-a-carthagene\/"},"author":{"name":"maratum","@id":"https:\/\/www.synthesia.com\/fr\/#\/schema\/person\/d1efac9168167b1d64ec022161621e21"},"headline":"Projet social: R\u00e9novation de la salle paroissiale \u00e0 Carthag\u00e8ne","datePublished":"2022-11-08T11:30:19+00:00","dateModified":"2022-11-08T11:34:51+00:00","mainEntityOfPage":{"@id":"https:\/\/www.synthesia.com\/fr\/projet-social-renovation-de-la-salle-paroissiale-a-carthagene\/"},"wordCount":344,"commentCount":0,"publisher":{"@id":"https:\/\/www.synthesia.com\/fr\/#organization"},"image":{"@id":"https:\/\/www.synthesia.com\/fr\/projet-social-renovation-de-la-salle-paroissiale-a-carthagene\/#primaryimage"},"thumbnailUrl":"https:\/\/www.synthesia.com\/wp-content\/uploads\/2022\/10\/DSC_0685-min-scaled.jpeg","articleSection":["Actualit\u00e9s"],"inLanguage":"fr-FR","potentialAction":[{"@type":"CommentAction","name":"Comment","target":["https:\/\/www.synthesia.com\/fr\/projet-social-renovation-de-la-salle-paroissiale-a-carthagene\/#respond"]}]},{"@type":"WebPage","@id":"https:\/\/www.synthesia.com\/fr\/projet-social-renovation-de-la-salle-paroissiale-a-carthagene\/","url":"https:\/\/www.synthesia.com\/fr\/projet-social-renovation-de-la-salle-paroissiale-a-carthagene\/","name":"Projet social: R\u00e9novation de la salle paroissiale \u00e0 Carthag\u00e8ne - Synthesia","isPartOf":{"@id":"https:\/\/www.synthesia.com\/fr\/#website"},"primaryImageOfPage":{"@id":"https:\/\/www.synthesia.com\/fr\/projet-social-renovation-de-la-salle-paroissiale-a-carthagene\/#primaryimage"},"image":{"@id":"https:\/\/www.synthesia.com\/fr\/projet-social-renovation-de-la-salle-paroissiale-a-carthagene\/#primaryimage"},"thumbnailUrl":"https:\/\/www.synthesia.com\/wp-content\/uploads\/2022\/10\/DSC_0685-min-scaled.jpeg","datePublished":"2022-11-08T11:30:19+00:00","dateModified":"2022-11-08T11:34:51+00:00","description":"C\u2019est le 30\u00a0septembre\u00a02022 qu\u2019a eu lieu l\u2019inauguration de la salle paroissiale de San Jos\u00e9 de Leonessa, dans le quartier populaire de San Jos\u00e9 de los Campanos au c\u0153ur de Carthag\u00e8ne des Indes (Colombie).\u00a0","breadcrumb":{"@id":"https:\/\/www.synthesia.com\/fr\/projet-social-renovation-de-la-salle-paroissiale-a-carthagene\/#breadcrumb"},"inLanguage":"fr-FR","potentialAction":[{"@type":"ReadAction","target":["https:\/\/www.synthesia.com\/fr\/projet-social-renovation-de-la-salle-paroissiale-a-carthagene\/"]}]},{"@type":"ImageObject","inLanguage":"fr-FR","@id":"https:\/\/www.synthesia.com\/fr\/projet-social-renovation-de-la-salle-paroissiale-a-carthagene\/#primaryimage","url":"https:\/\/www.synthesia.com\/wp-content\/uploads\/2022\/10\/DSC_0685-min-scaled.jpeg","contentUrl":"https:\/\/www.synthesia.com\/wp-content\/uploads\/2022\/10\/DSC_0685-min-scaled.jpeg","width":2560,"height":1707,"caption":"Proyecto social: Renovaci\u00f3n del Sal\u00f3n Parroquial San Jos\u00e9 de Leonessa en Cartagena (Colombia)"},{"@type":"BreadcrumbList","@id":"https:\/\/www.synthesia.com\/fr\/projet-social-renovation-de-la-salle-paroissiale-a-carthagene\/#breadcrumb","itemListElement":[{"@type":"ListItem","position":1,"name":"Portada","item":"https:\/\/www.synthesia.com\/fr\/"},{"@type":"ListItem","position":2,"name":"Projet social: R\u00e9novation de la salle paroissiale \u00e0 Carthag\u00e8ne"}]},{"@type":"WebSite","@id":"https:\/\/www.synthesia.com\/fr\/#website","url":"https:\/\/www.synthesia.com\/fr\/","name":"Synthesia","description":"","publisher":{"@id":"https:\/\/www.synthesia.com\/fr\/#organization"},"potentialAction":[{"@type":"SearchAction","target":{"@type":"EntryPoint","urlTemplate":"https:\/\/www.synthesia.com\/fr\/?s={search_term_string}"},"query-input":{"@type":"PropertyValueSpecification","valueRequired":true,"valueName":"search_term_string"}}],"inLanguage":"fr-FR"},{"@type":"Organization","@id":"https:\/\/www.synthesia.com\/fr\/#organization","name":"Synthesia Technology S.L.U","url":"https:\/\/www.synthesia.com\/fr\/","logo":{"@type":"ImageObject","inLanguage":"fr-FR","@id":"https:\/\/www.synthesia.com\/fr\/#\/schema\/logo\/image\/","url":"https:\/\/www.synthesia.com\/wp-content\/uploads\/2020\/09\/cropped-synthesia-technology-logo.png","contentUrl":"https:\/\/www.synthesia.com\/wp-content\/uploads\/2020\/09\/cropped-synthesia-technology-logo.png","width":198,"height":67,"caption":"Synthesia Technology S.L.U"},"image":{"@id":"https:\/\/www.synthesia.com\/fr\/#\/schema\/logo\/image\/"}},{"@type":"Person","@id":"https:\/\/www.synthesia.com\/fr\/#\/schema\/person\/d1efac9168167b1d64ec022161621e21","name":"maratum"}]}},"_links":{"self":[{"href":"https:\/\/www.synthesia.com\/fr\/wp-json\/wp\/v2\/posts\/20081","targetHints":{"allow":["GET"]}}],"collection":[{"href":"https:\/\/www.synthesia.com\/fr\/wp-json\/wp\/v2\/posts"}],"about":[{"href":"https:\/\/www.synthesia.com\/fr\/wp-json\/wp\/v2\/types\/post"}],"author":[{"embeddable":true,"href":"https:\/\/www.synthesia.com\/fr\/wp-json\/wp\/v2\/users\/5"}],"replies":[{"embeddable":true,"href":"https:\/\/www.synthesia.com\/fr\/wp-json\/wp\/v2\/comments?post=20081"}],"version-history":[{"count":6,"href":"https:\/\/www.synthesia.com\/fr\/wp-json\/wp\/v2\/posts\/20081\/revisions"}],"predecessor-version":[{"id":20091,"href":"https:\/\/www.synthesia.com\/fr\/wp-json\/wp\/v2\/posts\/20081\/revisions\/20091"}],"wp:featuredmedia":[{"embeddable":true,"href":"https:\/\/www.synthesia.com\/fr\/wp-json\/wp\/v2\/media\/19805"}],"wp:attachment":[{"href":"https:\/\/www.synthesia.com\/fr\/wp-json\/wp\/v2\/media?parent=20081"}],"wp:term":[{"taxonomy":"category","embeddable":true,"href":"https:\/\/www.synthesia.com\/fr\/wp-json\/wp\/v2\/categories?post=20081"},{"taxonomy":"post_tag","embeddable":true,"href":"https:\/\/www.synthesia.com\/fr\/wp-json\/wp\/v2\/tags?post=20081"}],"curies":[{"name":"wp","href":"https:\/\/api.w.org\/{rel}","templated":true}]}}