{"id":19100,"date":"2022-05-25T10:50:40","date_gmt":"2022-05-25T08:50:40","guid":{"rendered":"https:\/\/www.synthesia.com\/?p=19100"},"modified":"2022-05-25T10:53:31","modified_gmt":"2022-05-25T08:53:31","slug":"11e-regate-de-currachs-en-mediterranee-a-barcelone","status":"publish","type":"post","link":"https:\/\/www.synthesia.com\/fr\/11e-regate-de-currachs-en-mediterranee-a-barcelone\/","title":{"rendered":"11e r\u00e9gate de currachs en M\u00e9diterran\u00e9e \u00e0 Barcelone"},"content":{"rendered":"<p><span style=\"font-weight: 400;\">Le 1<\/span><span style=\"font-weight: 400;\">er<\/span><span style=\"font-weight: 400;\">\u00a0mai\u00a02022, \u00e0 Barcelone, a eu lieu la 11<\/span><span style=\"font-weight: 400;\">e<\/span><span style=\"font-weight: 400;\"> r\u00e9gate de <\/span><i><span style=\"font-weight: 400;\">currachs<\/span><\/i><span style=\"font-weight: 400;\"> en M\u00e9diterran\u00e9e, parrain\u00e9e par Kingspan et Synthesia\u00a0Technology.\u00a0<\/span><\/p>\n<p><span style=\"font-weight: 400;\">Cet \u00e9v\u00e9nement sans \u00e9gal<\/span> <span style=\"font-weight: 400;\">en M\u00e9diterran\u00e9e, qui concilie sport, divertissement, culture et prise de conscience \u00e9cologique, \u00e9veille \u00e0 l&rsquo;importance de la protection de la mer et de l&rsquo;environnement.<\/span><\/p>\n<p><img fetchpriority=\"high\" decoding=\"async\" class=\"wp-image-19067 size-full alignleft\" src=\"https:\/\/www.synthesia.com\/wp-content\/uploads\/2022\/05\/foto1_-1-e1653383028444.jpg\" alt=\"11e r\u00e9gate de currachs en M\u00e9diterran\u00e9e \u00e0 Barcelone\" width=\"900\" height=\"400\" \/><\/p>\n<p>&nbsp;<\/p>\n<p>&nbsp;<\/p>\n<p>&nbsp;<\/p>\n<p>&nbsp;<\/p>\n<p>&nbsp;<\/p>\n<p>&nbsp;<\/p>\n<p>&nbsp;<\/p>\n<p>&nbsp;<\/p>\n<p>&nbsp;<\/p>\n<p>&nbsp;<\/p>\n<p><span style=\"font-weight: 400;\">Con\u00e7ue \u00e0 la mani\u00e8re d&rsquo;un festival destin\u00e9 \u00e0 c\u00e9l\u00e9brer la culture et les traditions irlandaises \u00e0 Barcelone, cette r\u00e9gate de <\/span><i><span style=\"font-weight: 400;\">currachs<\/span><\/i><span style=\"font-weight: 400;\"> en M\u00e9diterran\u00e9e est un \u00e9v\u00e9nement organis\u00e9 par <\/span><b>Iomramh<\/b><span style=\"font-weight: 400;\">, une association culturelle irlandaise. Depuis 2009, celle-ci s&rsquo;efforce de faire conna\u00eetre les coutumes de l&rsquo;\u00c9ire sur la c\u00f4te barcelonaise, notamment \u00e0 travers de la f\u00eate de la Saint Patrick, mais aussi avec les r\u00e9gates traditionnelles de bateaux irlandais nomm\u00e9s <\/span><i><span style=\"font-weight: 400;\">currachs<\/span><\/i><span style=\"font-weight: 400;\">, r\u00e9alis\u00e9s de mani\u00e8re artisanale par l&rsquo;artiste irlandais Mark Redden, \u00e9tabli \u00e0 Barcelone. Le <\/span><i><span style=\"font-weight: 400;\">currach<\/span><\/i><span style=\"font-weight: 400;\"> est une embarcation en lattes de bois recouvertes de toile. Symbole de durabilit\u00e9, il constitue pendant des si\u00e8cles le moyen de subsistance des peuples d&rsquo;Irlande de l&rsquo;Ouest. Exemple parfait de l&rsquo;utilisation optimale de ressources limit\u00e9es, cette embarcation maritime fait appel \u00e0 des mati\u00e8res premi\u00e8res locales, ce qui la rend particuli\u00e8rement \u00e9cologique.<\/span><\/p>\n<p><img decoding=\"async\" class=\"wp-image-19075 size-full alignleft\" src=\"https:\/\/www.synthesia.com\/wp-content\/uploads\/2022\/05\/foto2_-1-e1653383188855.jpg\" alt=\"11e r\u00e9gate de currachs en M\u00e9diterran\u00e9e \u00e0 Barcelone\" width=\"900\" height=\"400\" \/><\/p>\n<p>&nbsp;<\/p>\n<p>&nbsp;<\/p>\n<p>&nbsp;<\/p>\n<p>&nbsp;<\/p>\n<p>&nbsp;<\/p>\n<p>&nbsp;<\/p>\n<p>&nbsp;<\/p>\n<p>&nbsp;<\/p>\n<p>&nbsp;<\/p>\n<p>&nbsp;<\/p>\n<p><span style=\"font-weight: 400;\">L&rsquo;affection que porte l&rsquo;association Iomramh \u00e0 ce sport nautique centenaire l&rsquo;a pouss\u00e9 \u00e0 s&rsquo;int\u00e9resser \u00e0 la protection de la mer qui souffre de nos jours, encore plus qu&rsquo;auparavant, de la pollution li\u00e9e \u00e0 l&rsquo;accumulation des d\u00e9chets plastiques.\u00a0<\/span><\/p>\n<p><span style=\"font-weight: 400;\">Tout au long de cette journ\u00e9e, plusieurs formations musicales se sont succ\u00e9d\u00e9 au rythme de la musique irlandaise et des spectacles de danse traditionnelle. Diverses organisations \u00e0 but p\u00e9dagogique impliqu\u00e9es dans la protection de l&rsquo;environnement maritime ont propos\u00e9 aux plus jeunes des activit\u00e9s, comme un atelier cr\u00e9atif et artistique ainsi qu&rsquo;un parc destin\u00e9 aux tout-petits.<\/span><\/p>\n<p><img decoding=\"async\" class=\"wp-image-19071 size-full alignleft\" src=\"https:\/\/www.synthesia.com\/wp-content\/uploads\/2022\/05\/foto3_-1-e1653383050302.jpg\" alt=\"11e r\u00e9gate de currachs en M\u00e9diterran\u00e9e \u00e0 Barcelone\" width=\"900\" height=\"564\" \/><\/p>\n<p>&nbsp;<\/p>\n<p>&nbsp;<\/p>\n<p>&nbsp;<\/p>\n<p>&nbsp;<\/p>\n<p>&nbsp;<\/p>\n<p>&nbsp;<\/p>\n<p>&nbsp;<\/p>\n<p>&nbsp;<\/p>\n<p>&nbsp;<\/p>\n<p>&nbsp;<\/p>\n<p>&nbsp;<\/p>\n<p>&nbsp;<\/p>\n<p>&nbsp;<\/p>\n<p><span style=\"font-weight: 400;\">Une belle journ\u00e9e pour toute la famille aux couleurs de l&rsquo;Irlande sur la c\u00f4te barcelonaise qui rassemblait courses de <\/span><i><span style=\"font-weight: 400;\">currachs<\/span><\/i><span style=\"font-weight: 400;\">, musique, danse et produits traditionnels.<\/span><\/p>\n<div style=\"width: 640px;\" class=\"wp-video\"><video class=\"wp-video-shortcode\" id=\"video-19100-1\" width=\"640\" height=\"360\" preload=\"metadata\" controls=\"controls\"><source type=\"video\/mp4\" src=\"https:\/\/www.synthesia.com\/wp-content\/uploads\/videos\/202205_CURRACH_Regatta_Kingspan_video.mp4?_=1\" \/><a href=\"https:\/\/www.synthesia.com\/wp-content\/uploads\/videos\/202205_CURRACH_Regatta_Kingspan_video.mp4\">https:\/\/www.synthesia.com\/wp-content\/uploads\/videos\/202205_CURRACH_Regatta_Kingspan_video.mp4<\/a><\/video><\/div>\n","protected":false},"excerpt":{"rendered":"<p>Le 1er mai 2022 a eu lieu la 11e r\u00e9gate de currachs en M\u00e9diterran\u00e9e, \u00e0 Barcelone parrain\u00e9e par Kingspan et Synthesia Technology. Il s&rsquo;agit d&rsquo;un \u00e9venement qui concilie sport, divertissement, culture et prise de conscience \u00e9cologique.<\/p>\n","protected":false},"author":5,"featured_media":19082,"comment_status":"open","ping_status":"open","sticky":false,"template":"","format":"standard","meta":{"content-type":"","footnotes":""},"categories":[36],"tags":[],"class_list":["post-19100","post","type-post","status-publish","format-standard","has-post-thumbnail","hentry","category-actualites"],"yoast_head":"<!-- This site is optimized with the Yoast SEO plugin v28.3 - https:\/\/yoast.com\/product\/yoast-seo-wordpress\/ -->\n<title>11e r\u00e9gate de currachs en M\u00e9diterran\u00e9e \u00e0 Barcelone - Synthesia<\/title>\n<meta name=\"robots\" content=\"index, follow, max-snippet:-1, max-image-preview:large, max-video-preview:-1\" \/>\n<link rel=\"canonical\" href=\"https:\/\/www.synthesia.com\/fr\/11e-regate-de-currachs-en-mediterranee-a-barcelone\/\" \/>\n<meta property=\"og:locale\" content=\"fr_FR\" \/>\n<meta property=\"og:type\" content=\"article\" \/>\n<meta property=\"og:title\" content=\"11e r\u00e9gate de currachs en M\u00e9diterran\u00e9e \u00e0 Barcelone - Synthesia\" \/>\n<meta property=\"og:description\" content=\"Le 1er mai 2022 a eu lieu la 11e r\u00e9gate de currachs en M\u00e9diterran\u00e9e, \u00e0 Barcelone parrain\u00e9e par Kingspan et Synthesia Technology. Il s&#039;agit d&#039;un \u00e9venement qui concilie sport, divertissement, culture et prise de conscience \u00e9cologique.\" \/>\n<meta property=\"og:url\" content=\"https:\/\/www.synthesia.com\/fr\/11e-regate-de-currachs-en-mediterranee-a-barcelone\/\" \/>\n<meta property=\"og:site_name\" content=\"Synthesia\" \/>\n<meta property=\"article:published_time\" content=\"2022-05-25T08:50:40+00:00\" \/>\n<meta property=\"article:modified_time\" content=\"2022-05-25T08:53:31+00:00\" \/>\n<meta property=\"og:image\" content=\"https:\/\/www.synthesia.com\/wp-content\/uploads\/2022\/05\/syn-1.jpg\" \/>\n\t<meta property=\"og:image:width\" content=\"1000\" \/>\n\t<meta property=\"og:image:height\" content=\"667\" \/>\n\t<meta property=\"og:image:type\" content=\"image\/jpeg\" \/>\n<meta name=\"author\" content=\"maratum\" \/>\n<meta name=\"twitter:card\" content=\"summary_large_image\" \/>\n<meta name=\"twitter:label1\" content=\"\u00c9crit par\" \/>\n\t<meta name=\"twitter:data1\" content=\"maratum\" \/>\n\t<meta name=\"twitter:label2\" content=\"Dur\u00e9e de lecture estim\u00e9e\" \/>\n\t<meta name=\"twitter:data2\" content=\"3 minutes\" \/>\n<script type=\"application\/ld+json\" class=\"yoast-schema-graph\">{\"@context\":\"https:\\\/\\\/schema.org\",\"@graph\":[{\"@type\":\"Article\",\"@id\":\"https:\\\/\\\/www.synthesia.com\\\/fr\\\/11e-regate-de-currachs-en-mediterranee-a-barcelone\\\/#article\",\"isPartOf\":{\"@id\":\"https:\\\/\\\/www.synthesia.com\\\/fr\\\/11e-regate-de-currachs-en-mediterranee-a-barcelone\\\/\"},\"author\":{\"name\":\"maratum\",\"@id\":\"https:\\\/\\\/www.synthesia.com\\\/fr\\\/#\\\/schema\\\/person\\\/d1efac9168167b1d64ec022161621e21\"},\"headline\":\"11e r\u00e9gate de currachs en M\u00e9diterran\u00e9e \u00e0 Barcelone\",\"datePublished\":\"2022-05-25T08:50:40+00:00\",\"dateModified\":\"2022-05-25T08:53:31+00:00\",\"mainEntityOfPage\":{\"@id\":\"https:\\\/\\\/www.synthesia.com\\\/fr\\\/11e-regate-de-currachs-en-mediterranee-a-barcelone\\\/\"},\"wordCount\":400,\"commentCount\":0,\"publisher\":{\"@id\":\"https:\\\/\\\/www.synthesia.com\\\/fr\\\/#organization\"},\"image\":{\"@id\":\"https:\\\/\\\/www.synthesia.com\\\/fr\\\/11e-regate-de-currachs-en-mediterranee-a-barcelone\\\/#primaryimage\"},\"thumbnailUrl\":\"https:\\\/\\\/www.synthesia.com\\\/wp-content\\\/uploads\\\/2022\\\/05\\\/syn-1.jpg\",\"articleSection\":[\"Actualit\u00e9s\"],\"inLanguage\":\"fr-FR\",\"potentialAction\":[{\"@type\":\"CommentAction\",\"name\":\"Comment\",\"target\":[\"https:\\\/\\\/www.synthesia.com\\\/fr\\\/11e-regate-de-currachs-en-mediterranee-a-barcelone\\\/#respond\"]}]},{\"@type\":\"WebPage\",\"@id\":\"https:\\\/\\\/www.synthesia.com\\\/fr\\\/11e-regate-de-currachs-en-mediterranee-a-barcelone\\\/\",\"url\":\"https:\\\/\\\/www.synthesia.com\\\/fr\\\/11e-regate-de-currachs-en-mediterranee-a-barcelone\\\/\",\"name\":\"11e r\u00e9gate de currachs en M\u00e9diterran\u00e9e \u00e0 Barcelone - Synthesia\",\"isPartOf\":{\"@id\":\"https:\\\/\\\/www.synthesia.com\\\/fr\\\/#website\"},\"primaryImageOfPage\":{\"@id\":\"https:\\\/\\\/www.synthesia.com\\\/fr\\\/11e-regate-de-currachs-en-mediterranee-a-barcelone\\\/#primaryimage\"},\"image\":{\"@id\":\"https:\\\/\\\/www.synthesia.com\\\/fr\\\/11e-regate-de-currachs-en-mediterranee-a-barcelone\\\/#primaryimage\"},\"thumbnailUrl\":\"https:\\\/\\\/www.synthesia.com\\\/wp-content\\\/uploads\\\/2022\\\/05\\\/syn-1.jpg\",\"datePublished\":\"2022-05-25T08:50:40+00:00\",\"dateModified\":\"2022-05-25T08:53:31+00:00\",\"breadcrumb\":{\"@id\":\"https:\\\/\\\/www.synthesia.com\\\/fr\\\/11e-regate-de-currachs-en-mediterranee-a-barcelone\\\/#breadcrumb\"},\"inLanguage\":\"fr-FR\",\"potentialAction\":[{\"@type\":\"ReadAction\",\"target\":[\"https:\\\/\\\/www.synthesia.com\\\/fr\\\/11e-regate-de-currachs-en-mediterranee-a-barcelone\\\/\"]}]},{\"@type\":\"ImageObject\",\"inLanguage\":\"fr-FR\",\"@id\":\"https:\\\/\\\/www.synthesia.com\\\/fr\\\/11e-regate-de-currachs-en-mediterranee-a-barcelone\\\/#primaryimage\",\"url\":\"https:\\\/\\\/www.synthesia.com\\\/wp-content\\\/uploads\\\/2022\\\/05\\\/syn-1.jpg\",\"contentUrl\":\"https:\\\/\\\/www.synthesia.com\\\/wp-content\\\/uploads\\\/2022\\\/05\\\/syn-1.jpg\",\"width\":1000,\"height\":667,\"caption\":\"11e r\u00e9gate de currachs en M\u00e9diterran\u00e9e \u00e0 Barcelone\"},{\"@type\":\"BreadcrumbList\",\"@id\":\"https:\\\/\\\/www.synthesia.com\\\/fr\\\/11e-regate-de-currachs-en-mediterranee-a-barcelone\\\/#breadcrumb\",\"itemListElement\":[{\"@type\":\"ListItem\",\"position\":1,\"name\":\"Portada\",\"item\":\"https:\\\/\\\/www.synthesia.com\\\/fr\\\/\"},{\"@type\":\"ListItem\",\"position\":2,\"name\":\"11e r\u00e9gate de currachs en M\u00e9diterran\u00e9e \u00e0 Barcelone\"}]},{\"@type\":\"WebSite\",\"@id\":\"https:\\\/\\\/www.synthesia.com\\\/fr\\\/#website\",\"url\":\"https:\\\/\\\/www.synthesia.com\\\/fr\\\/\",\"name\":\"Synthesia\",\"description\":\"\",\"publisher\":{\"@id\":\"https:\\\/\\\/www.synthesia.com\\\/fr\\\/#organization\"},\"potentialAction\":[{\"@type\":\"SearchAction\",\"target\":{\"@type\":\"EntryPoint\",\"urlTemplate\":\"https:\\\/\\\/www.synthesia.com\\\/fr\\\/?s={search_term_string}\"},\"query-input\":{\"@type\":\"PropertyValueSpecification\",\"valueRequired\":true,\"valueName\":\"search_term_string\"}}],\"inLanguage\":\"fr-FR\"},{\"@type\":\"Organization\",\"@id\":\"https:\\\/\\\/www.synthesia.com\\\/fr\\\/#organization\",\"name\":\"Synthesia Technology S.L.U\",\"url\":\"https:\\\/\\\/www.synthesia.com\\\/fr\\\/\",\"logo\":{\"@type\":\"ImageObject\",\"inLanguage\":\"fr-FR\",\"@id\":\"https:\\\/\\\/www.synthesia.com\\\/fr\\\/#\\\/schema\\\/logo\\\/image\\\/\",\"url\":\"https:\\\/\\\/www.synthesia.com\\\/wp-content\\\/uploads\\\/2020\\\/09\\\/cropped-synthesia-technology-logo.png\",\"contentUrl\":\"https:\\\/\\\/www.synthesia.com\\\/wp-content\\\/uploads\\\/2020\\\/09\\\/cropped-synthesia-technology-logo.png\",\"width\":198,\"height\":67,\"caption\":\"Synthesia Technology S.L.U\"},\"image\":{\"@id\":\"https:\\\/\\\/www.synthesia.com\\\/fr\\\/#\\\/schema\\\/logo\\\/image\\\/\"}},{\"@type\":\"Person\",\"@id\":\"https:\\\/\\\/www.synthesia.com\\\/fr\\\/#\\\/schema\\\/person\\\/d1efac9168167b1d64ec022161621e21\",\"name\":\"maratum\"}]}<\/script>\n<!-- \/ Yoast SEO plugin. -->","yoast_head_json":{"title":"11e r\u00e9gate de currachs en M\u00e9diterran\u00e9e \u00e0 Barcelone - Synthesia","robots":{"index":"index","follow":"follow","max-snippet":"max-snippet:-1","max-image-preview":"max-image-preview:large","max-video-preview":"max-video-preview:-1"},"canonical":"https:\/\/www.synthesia.com\/fr\/11e-regate-de-currachs-en-mediterranee-a-barcelone\/","og_locale":"fr_FR","og_type":"article","og_title":"11e r\u00e9gate de currachs en M\u00e9diterran\u00e9e \u00e0 Barcelone - Synthesia","og_description":"Le 1er mai 2022 a eu lieu la 11e r\u00e9gate de currachs en M\u00e9diterran\u00e9e, \u00e0 Barcelone parrain\u00e9e par Kingspan et Synthesia Technology. Il s'agit d'un \u00e9venement qui concilie sport, divertissement, culture et prise de conscience \u00e9cologique.","og_url":"https:\/\/www.synthesia.com\/fr\/11e-regate-de-currachs-en-mediterranee-a-barcelone\/","og_site_name":"Synthesia","article_published_time":"2022-05-25T08:50:40+00:00","article_modified_time":"2022-05-25T08:53:31+00:00","og_image":[{"width":1000,"height":667,"url":"https:\/\/www.synthesia.com\/wp-content\/uploads\/2022\/05\/syn-1.jpg","type":"image\/jpeg"}],"author":"maratum","twitter_card":"summary_large_image","twitter_misc":{"\u00c9crit par":"maratum","Dur\u00e9e de lecture estim\u00e9e":"3 minutes"},"schema":{"@context":"https:\/\/schema.org","@graph":[{"@type":"Article","@id":"https:\/\/www.synthesia.com\/fr\/11e-regate-de-currachs-en-mediterranee-a-barcelone\/#article","isPartOf":{"@id":"https:\/\/www.synthesia.com\/fr\/11e-regate-de-currachs-en-mediterranee-a-barcelone\/"},"author":{"name":"maratum","@id":"https:\/\/www.synthesia.com\/fr\/#\/schema\/person\/d1efac9168167b1d64ec022161621e21"},"headline":"11e r\u00e9gate de currachs en M\u00e9diterran\u00e9e \u00e0 Barcelone","datePublished":"2022-05-25T08:50:40+00:00","dateModified":"2022-05-25T08:53:31+00:00","mainEntityOfPage":{"@id":"https:\/\/www.synthesia.com\/fr\/11e-regate-de-currachs-en-mediterranee-a-barcelone\/"},"wordCount":400,"commentCount":0,"publisher":{"@id":"https:\/\/www.synthesia.com\/fr\/#organization"},"image":{"@id":"https:\/\/www.synthesia.com\/fr\/11e-regate-de-currachs-en-mediterranee-a-barcelone\/#primaryimage"},"thumbnailUrl":"https:\/\/www.synthesia.com\/wp-content\/uploads\/2022\/05\/syn-1.jpg","articleSection":["Actualit\u00e9s"],"inLanguage":"fr-FR","potentialAction":[{"@type":"CommentAction","name":"Comment","target":["https:\/\/www.synthesia.com\/fr\/11e-regate-de-currachs-en-mediterranee-a-barcelone\/#respond"]}]},{"@type":"WebPage","@id":"https:\/\/www.synthesia.com\/fr\/11e-regate-de-currachs-en-mediterranee-a-barcelone\/","url":"https:\/\/www.synthesia.com\/fr\/11e-regate-de-currachs-en-mediterranee-a-barcelone\/","name":"11e r\u00e9gate de currachs en M\u00e9diterran\u00e9e \u00e0 Barcelone - Synthesia","isPartOf":{"@id":"https:\/\/www.synthesia.com\/fr\/#website"},"primaryImageOfPage":{"@id":"https:\/\/www.synthesia.com\/fr\/11e-regate-de-currachs-en-mediterranee-a-barcelone\/#primaryimage"},"image":{"@id":"https:\/\/www.synthesia.com\/fr\/11e-regate-de-currachs-en-mediterranee-a-barcelone\/#primaryimage"},"thumbnailUrl":"https:\/\/www.synthesia.com\/wp-content\/uploads\/2022\/05\/syn-1.jpg","datePublished":"2022-05-25T08:50:40+00:00","dateModified":"2022-05-25T08:53:31+00:00","breadcrumb":{"@id":"https:\/\/www.synthesia.com\/fr\/11e-regate-de-currachs-en-mediterranee-a-barcelone\/#breadcrumb"},"inLanguage":"fr-FR","potentialAction":[{"@type":"ReadAction","target":["https:\/\/www.synthesia.com\/fr\/11e-regate-de-currachs-en-mediterranee-a-barcelone\/"]}]},{"@type":"ImageObject","inLanguage":"fr-FR","@id":"https:\/\/www.synthesia.com\/fr\/11e-regate-de-currachs-en-mediterranee-a-barcelone\/#primaryimage","url":"https:\/\/www.synthesia.com\/wp-content\/uploads\/2022\/05\/syn-1.jpg","contentUrl":"https:\/\/www.synthesia.com\/wp-content\/uploads\/2022\/05\/syn-1.jpg","width":1000,"height":667,"caption":"11e r\u00e9gate de currachs en M\u00e9diterran\u00e9e \u00e0 Barcelone"},{"@type":"BreadcrumbList","@id":"https:\/\/www.synthesia.com\/fr\/11e-regate-de-currachs-en-mediterranee-a-barcelone\/#breadcrumb","itemListElement":[{"@type":"ListItem","position":1,"name":"Portada","item":"https:\/\/www.synthesia.com\/fr\/"},{"@type":"ListItem","position":2,"name":"11e r\u00e9gate de currachs en M\u00e9diterran\u00e9e \u00e0 Barcelone"}]},{"@type":"WebSite","@id":"https:\/\/www.synthesia.com\/fr\/#website","url":"https:\/\/www.synthesia.com\/fr\/","name":"Synthesia","description":"","publisher":{"@id":"https:\/\/www.synthesia.com\/fr\/#organization"},"potentialAction":[{"@type":"SearchAction","target":{"@type":"EntryPoint","urlTemplate":"https:\/\/www.synthesia.com\/fr\/?s={search_term_string}"},"query-input":{"@type":"PropertyValueSpecification","valueRequired":true,"valueName":"search_term_string"}}],"inLanguage":"fr-FR"},{"@type":"Organization","@id":"https:\/\/www.synthesia.com\/fr\/#organization","name":"Synthesia Technology S.L.U","url":"https:\/\/www.synthesia.com\/fr\/","logo":{"@type":"ImageObject","inLanguage":"fr-FR","@id":"https:\/\/www.synthesia.com\/fr\/#\/schema\/logo\/image\/","url":"https:\/\/www.synthesia.com\/wp-content\/uploads\/2020\/09\/cropped-synthesia-technology-logo.png","contentUrl":"https:\/\/www.synthesia.com\/wp-content\/uploads\/2020\/09\/cropped-synthesia-technology-logo.png","width":198,"height":67,"caption":"Synthesia Technology S.L.U"},"image":{"@id":"https:\/\/www.synthesia.com\/fr\/#\/schema\/logo\/image\/"}},{"@type":"Person","@id":"https:\/\/www.synthesia.com\/fr\/#\/schema\/person\/d1efac9168167b1d64ec022161621e21","name":"maratum"}]}},"_links":{"self":[{"href":"https:\/\/www.synthesia.com\/fr\/wp-json\/wp\/v2\/posts\/19100","targetHints":{"allow":["GET"]}}],"collection":[{"href":"https:\/\/www.synthesia.com\/fr\/wp-json\/wp\/v2\/posts"}],"about":[{"href":"https:\/\/www.synthesia.com\/fr\/wp-json\/wp\/v2\/types\/post"}],"author":[{"embeddable":true,"href":"https:\/\/www.synthesia.com\/fr\/wp-json\/wp\/v2\/users\/5"}],"replies":[{"embeddable":true,"href":"https:\/\/www.synthesia.com\/fr\/wp-json\/wp\/v2\/comments?post=19100"}],"version-history":[{"count":9,"href":"https:\/\/www.synthesia.com\/fr\/wp-json\/wp\/v2\/posts\/19100\/revisions"}],"predecessor-version":[{"id":19109,"href":"https:\/\/www.synthesia.com\/fr\/wp-json\/wp\/v2\/posts\/19100\/revisions\/19109"}],"wp:featuredmedia":[{"embeddable":true,"href":"https:\/\/www.synthesia.com\/fr\/wp-json\/wp\/v2\/media\/19082"}],"wp:attachment":[{"href":"https:\/\/www.synthesia.com\/fr\/wp-json\/wp\/v2\/media?parent=19100"}],"wp:term":[{"taxonomy":"category","embeddable":true,"href":"https:\/\/www.synthesia.com\/fr\/wp-json\/wp\/v2\/categories?post=19100"},{"taxonomy":"post_tag","embeddable":true,"href":"https:\/\/www.synthesia.com\/fr\/wp-json\/wp\/v2\/tags?post=19100"}],"curies":[{"name":"wp","href":"https:\/\/api.w.org\/{rel}","templated":true}]}}