{"id":17563,"date":"2022-02-24T10:01:57","date_gmt":"2022-02-24T09:01:57","guid":{"rendered":"https:\/\/www.synthesia.com\/?p=17563"},"modified":"2022-04-18T12:36:21","modified_gmt":"2022-04-18T10:36:21","slug":"la-branche-colombienne-de-synthesia-technology-fete-ses-10-ans","status":"publish","type":"post","link":"https:\/\/www.synthesia.com\/fr\/la-branche-colombienne-de-synthesia-technology-fete-ses-10-ans\/","title":{"rendered":"La branche colombienne de Synthesia Technology f\u00eate ses 10 ans"},"content":{"rendered":"<p><span style=\"font-weight: 400;\">La branche colombienne de Synthesia\u00a0Technology f\u00eate son anniversaire\u00a0! En f\u00e9vrier\u00a02022, Synthesia a c\u00e9l\u00e9br\u00e9 une d\u00e9cennie couronn\u00e9e de succ\u00e8s avec le dixi\u00e8me anniversaire de l\u2019inauguration de son bureau commercial de Bogota.<\/span><\/p>\n<p><span style=\"font-weight: 400;\">Ces dix derni\u00e8res ann\u00e9es, l\u2019\u00e9quipe de Synthesia\u00a0Technology\u00a0Colombia, dirig\u00e9e par Maria Jimena Tovar, a bien grandi jusqu\u2019\u00e0 atteindre un total de douze personnes dot\u00e9es d\u2019une solide exp\u00e9rience professionnelle.\u00a0<\/span><\/p>\n<p><span style=\"font-weight: 400;\">La c\u00e9l\u00e9bration de cet anniversaire, qui s\u2019est tenue le 4\u00a0f\u00e9vrier dernier \u00e0 l\u2019Hacienda Mantra de Bogota, a rassembl\u00e9 plus de 80\u00a0personnes, notamment notre PDG David Palleja, notre DG STA Juan Sanchez, ainsi que des collaborateurs et clients venus de tout le pays.<\/span> <span style=\"font-weight: 400;\">Cet \u00e9v\u00e9nement a \u00e9t\u00e9 l&rsquo;occasion de pr\u00e9senter les r\u00e9sultats historiques enregistr\u00e9s par Synthesia\u00a0Colombia en 2021 ainsi que les importants d\u00e9fis \u00e0 relever en 2022.<\/span><\/p>\n<p>&nbsp;<\/p>\n<p><img fetchpriority=\"high\" decoding=\"async\" class=\"aligncenter wp-image-17391 size-full\" src=\"https:\/\/www.synthesia.com\/wp-content\/uploads\/2022\/02\/Synthesia-Technology-celebra-10-anos-en-Colombia-scaled-e1644584663479.jpg\" alt=\"La branche colombienne de Synthesia Technology f\u00eate ses 10 ans\" width=\"750\" height=\"563\" \/><\/p>\n<p>&nbsp;<\/p>\n<p><span style=\"font-weight: 400;\">Nous tenons \u00e0 remercier les employ\u00e9s de Synthesia\u00a0Colombia qui, gr\u00e2ce \u00e0 leur investissement quotidien et \u00e0 leur travail d\u2019\u00e9quipe, ont permis d\u2019assoir la position de leader de Synthesia sur le march\u00e9 colombien.<\/span><\/p>\n<p><span style=\"font-weight: 400;\">Et bien entendu, nous adressons nos sinc\u00e8res remerciements \u00e0 tous nos clients et collaborateurs commerciaux qui ont toujours cru en Synthesia\u00a0Colombia et qui nous font confiance et grandissent \u00e0 nos c\u00f4t\u00e9s depuis de nombreuses ann\u00e9es.<\/span><\/p>\n<p><span style=\"font-weight: 400;\">F\u00e9licitations pour le chemin parcouru pendant ces dix ans et tous nos v\u0153ux de succ\u00e8s pour les d\u00e9cennies \u00e0 venir\u00a0!<\/span><\/p>\n<p>&nbsp;<\/p>\n<p><img decoding=\"async\" class=\"aligncenter wp-image-17399 size-large\" src=\"https:\/\/www.synthesia.com\/wp-content\/uploads\/2022\/02\/Synthesia-Technology-celebra-10-anos-en-Colombia-3-1024x1014.jpg\" alt=\"La branche colombienne de Synthesia Technology f\u00eate ses 10 ans\" width=\"800\" height=\"792\" srcset=\"https:\/\/www.synthesia.com\/wp-content\/uploads\/2022\/02\/Synthesia-Technology-celebra-10-anos-en-Colombia-3-1024x1014.jpg 1024w, https:\/\/www.synthesia.com\/wp-content\/uploads\/2022\/02\/Synthesia-Technology-celebra-10-anos-en-Colombia-3-300x297.jpg 300w, https:\/\/www.synthesia.com\/wp-content\/uploads\/2022\/02\/Synthesia-Technology-celebra-10-anos-en-Colombia-3-150x150.jpg 150w, https:\/\/www.synthesia.com\/wp-content\/uploads\/2022\/02\/Synthesia-Technology-celebra-10-anos-en-Colombia-3-768x760.jpg 768w, https:\/\/www.synthesia.com\/wp-content\/uploads\/2022\/02\/Synthesia-Technology-celebra-10-anos-en-Colombia-3-1536x1521.jpg 1536w, https:\/\/www.synthesia.com\/wp-content\/uploads\/2022\/02\/Synthesia-Technology-celebra-10-anos-en-Colombia-3-2048x2028.jpg 2048w\" sizes=\"(max-width: 800px) 100vw, 800px\" \/><\/p>\n","protected":false},"excerpt":{"rendered":"<p>En f\u00e9vrier 2022, Synthesia Tecnhology a c\u00e9l\u00e9br\u00e9 une d\u00e9cennie couronn\u00e9e de succ\u00e8s avec le dixi\u00e8me anniversaire de l\u2019inauguration de son bureau commercial de Bogota.<\/p>\n","protected":false},"author":5,"featured_media":17403,"comment_status":"open","ping_status":"open","sticky":false,"template":"","format":"standard","meta":{"content-type":"","footnotes":""},"categories":[36],"tags":[],"class_list":["post-17563","post","type-post","status-publish","format-standard","has-post-thumbnail","hentry","category-actualites"],"yoast_head":"<!-- This site is optimized with the Yoast SEO plugin v28.3 - https:\/\/yoast.com\/product\/yoast-seo-wordpress\/ -->\n<title>La branche colombienne de Synthesia Technology f\u00eate ses 10 ans - Synthesia<\/title>\n<meta name=\"robots\" content=\"index, follow, max-snippet:-1, max-image-preview:large, max-video-preview:-1\" \/>\n<link rel=\"canonical\" href=\"https:\/\/www.synthesia.com\/fr\/la-branche-colombienne-de-synthesia-technology-fete-ses-10-ans\/\" \/>\n<meta property=\"og:locale\" content=\"fr_FR\" \/>\n<meta property=\"og:type\" content=\"article\" \/>\n<meta property=\"og:title\" content=\"La branche colombienne de Synthesia Technology f\u00eate ses 10 ans - Synthesia\" \/>\n<meta property=\"og:description\" content=\"En f\u00e9vrier 2022, Synthesia Tecnhology a c\u00e9l\u00e9br\u00e9 une d\u00e9cennie couronn\u00e9e de succ\u00e8s avec le dixi\u00e8me anniversaire de l\u2019inauguration de son bureau commercial de Bogota.\" \/>\n<meta property=\"og:url\" content=\"https:\/\/www.synthesia.com\/fr\/la-branche-colombienne-de-synthesia-technology-fete-ses-10-ans\/\" \/>\n<meta property=\"og:site_name\" content=\"Synthesia\" \/>\n<meta property=\"article:published_time\" content=\"2022-02-24T09:01:57+00:00\" \/>\n<meta property=\"article:modified_time\" content=\"2022-04-18T10:36:21+00:00\" \/>\n<meta property=\"og:image\" content=\"https:\/\/www.synthesia.com\/wp-content\/uploads\/2022\/02\/Synthesia-Technology-celebra-10-anos-en-Colombia-2.jpg\" \/>\n\t<meta property=\"og:image:width\" content=\"750\" \/>\n\t<meta property=\"og:image:height\" content=\"501\" \/>\n\t<meta property=\"og:image:type\" content=\"image\/jpeg\" \/>\n<meta name=\"author\" content=\"maratum\" \/>\n<meta name=\"twitter:card\" content=\"summary_large_image\" \/>\n<meta name=\"twitter:label1\" content=\"\u00c9crit par\" \/>\n\t<meta name=\"twitter:data1\" content=\"maratum\" \/>\n\t<meta name=\"twitter:label2\" content=\"Dur\u00e9e de lecture estim\u00e9e\" \/>\n\t<meta name=\"twitter:data2\" content=\"2 minutes\" \/>\n<script type=\"application\/ld+json\" class=\"yoast-schema-graph\">{\"@context\":\"https:\\\/\\\/schema.org\",\"@graph\":[{\"@type\":\"Article\",\"@id\":\"https:\\\/\\\/www.synthesia.com\\\/fr\\\/la-branche-colombienne-de-synthesia-technology-fete-ses-10-ans\\\/#article\",\"isPartOf\":{\"@id\":\"https:\\\/\\\/www.synthesia.com\\\/fr\\\/la-branche-colombienne-de-synthesia-technology-fete-ses-10-ans\\\/\"},\"author\":{\"name\":\"maratum\",\"@id\":\"https:\\\/\\\/www.synthesia.com\\\/fr\\\/#\\\/schema\\\/person\\\/d1efac9168167b1d64ec022161621e21\"},\"headline\":\"La branche colombienne de Synthesia Technology f\u00eate ses 10 ans\",\"datePublished\":\"2022-02-24T09:01:57+00:00\",\"dateModified\":\"2022-04-18T10:36:21+00:00\",\"mainEntityOfPage\":{\"@id\":\"https:\\\/\\\/www.synthesia.com\\\/fr\\\/la-branche-colombienne-de-synthesia-technology-fete-ses-10-ans\\\/\"},\"wordCount\":258,\"commentCount\":0,\"publisher\":{\"@id\":\"https:\\\/\\\/www.synthesia.com\\\/fr\\\/#organization\"},\"image\":{\"@id\":\"https:\\\/\\\/www.synthesia.com\\\/fr\\\/la-branche-colombienne-de-synthesia-technology-fete-ses-10-ans\\\/#primaryimage\"},\"thumbnailUrl\":\"https:\\\/\\\/www.synthesia.com\\\/wp-content\\\/uploads\\\/2022\\\/02\\\/Synthesia-Technology-celebra-10-anos-en-Colombia-2.jpg\",\"articleSection\":[\"Actualit\u00e9s\"],\"inLanguage\":\"fr-FR\",\"potentialAction\":[{\"@type\":\"CommentAction\",\"name\":\"Comment\",\"target\":[\"https:\\\/\\\/www.synthesia.com\\\/fr\\\/la-branche-colombienne-de-synthesia-technology-fete-ses-10-ans\\\/#respond\"]}]},{\"@type\":\"WebPage\",\"@id\":\"https:\\\/\\\/www.synthesia.com\\\/fr\\\/la-branche-colombienne-de-synthesia-technology-fete-ses-10-ans\\\/\",\"url\":\"https:\\\/\\\/www.synthesia.com\\\/fr\\\/la-branche-colombienne-de-synthesia-technology-fete-ses-10-ans\\\/\",\"name\":\"La branche colombienne de Synthesia Technology f\u00eate ses 10 ans - Synthesia\",\"isPartOf\":{\"@id\":\"https:\\\/\\\/www.synthesia.com\\\/fr\\\/#website\"},\"primaryImageOfPage\":{\"@id\":\"https:\\\/\\\/www.synthesia.com\\\/fr\\\/la-branche-colombienne-de-synthesia-technology-fete-ses-10-ans\\\/#primaryimage\"},\"image\":{\"@id\":\"https:\\\/\\\/www.synthesia.com\\\/fr\\\/la-branche-colombienne-de-synthesia-technology-fete-ses-10-ans\\\/#primaryimage\"},\"thumbnailUrl\":\"https:\\\/\\\/www.synthesia.com\\\/wp-content\\\/uploads\\\/2022\\\/02\\\/Synthesia-Technology-celebra-10-anos-en-Colombia-2.jpg\",\"datePublished\":\"2022-02-24T09:01:57+00:00\",\"dateModified\":\"2022-04-18T10:36:21+00:00\",\"breadcrumb\":{\"@id\":\"https:\\\/\\\/www.synthesia.com\\\/fr\\\/la-branche-colombienne-de-synthesia-technology-fete-ses-10-ans\\\/#breadcrumb\"},\"inLanguage\":\"fr-FR\",\"potentialAction\":[{\"@type\":\"ReadAction\",\"target\":[\"https:\\\/\\\/www.synthesia.com\\\/fr\\\/la-branche-colombienne-de-synthesia-technology-fete-ses-10-ans\\\/\"]}]},{\"@type\":\"ImageObject\",\"inLanguage\":\"fr-FR\",\"@id\":\"https:\\\/\\\/www.synthesia.com\\\/fr\\\/la-branche-colombienne-de-synthesia-technology-fete-ses-10-ans\\\/#primaryimage\",\"url\":\"https:\\\/\\\/www.synthesia.com\\\/wp-content\\\/uploads\\\/2022\\\/02\\\/Synthesia-Technology-celebra-10-anos-en-Colombia-2.jpg\",\"contentUrl\":\"https:\\\/\\\/www.synthesia.com\\\/wp-content\\\/uploads\\\/2022\\\/02\\\/Synthesia-Technology-celebra-10-anos-en-Colombia-2.jpg\",\"width\":750,\"height\":501},{\"@type\":\"BreadcrumbList\",\"@id\":\"https:\\\/\\\/www.synthesia.com\\\/fr\\\/la-branche-colombienne-de-synthesia-technology-fete-ses-10-ans\\\/#breadcrumb\",\"itemListElement\":[{\"@type\":\"ListItem\",\"position\":1,\"name\":\"Portada\",\"item\":\"https:\\\/\\\/www.synthesia.com\\\/fr\\\/\"},{\"@type\":\"ListItem\",\"position\":2,\"name\":\"La branche colombienne de Synthesia Technology f\u00eate ses 10 ans\"}]},{\"@type\":\"WebSite\",\"@id\":\"https:\\\/\\\/www.synthesia.com\\\/fr\\\/#website\",\"url\":\"https:\\\/\\\/www.synthesia.com\\\/fr\\\/\",\"name\":\"Synthesia\",\"description\":\"\",\"publisher\":{\"@id\":\"https:\\\/\\\/www.synthesia.com\\\/fr\\\/#organization\"},\"potentialAction\":[{\"@type\":\"SearchAction\",\"target\":{\"@type\":\"EntryPoint\",\"urlTemplate\":\"https:\\\/\\\/www.synthesia.com\\\/fr\\\/?s={search_term_string}\"},\"query-input\":{\"@type\":\"PropertyValueSpecification\",\"valueRequired\":true,\"valueName\":\"search_term_string\"}}],\"inLanguage\":\"fr-FR\"},{\"@type\":\"Organization\",\"@id\":\"https:\\\/\\\/www.synthesia.com\\\/fr\\\/#organization\",\"name\":\"Synthesia Technology S.L.U\",\"url\":\"https:\\\/\\\/www.synthesia.com\\\/fr\\\/\",\"logo\":{\"@type\":\"ImageObject\",\"inLanguage\":\"fr-FR\",\"@id\":\"https:\\\/\\\/www.synthesia.com\\\/fr\\\/#\\\/schema\\\/logo\\\/image\\\/\",\"url\":\"https:\\\/\\\/www.synthesia.com\\\/wp-content\\\/uploads\\\/2020\\\/09\\\/cropped-synthesia-technology-logo.png\",\"contentUrl\":\"https:\\\/\\\/www.synthesia.com\\\/wp-content\\\/uploads\\\/2020\\\/09\\\/cropped-synthesia-technology-logo.png\",\"width\":198,\"height\":67,\"caption\":\"Synthesia Technology S.L.U\"},\"image\":{\"@id\":\"https:\\\/\\\/www.synthesia.com\\\/fr\\\/#\\\/schema\\\/logo\\\/image\\\/\"}},{\"@type\":\"Person\",\"@id\":\"https:\\\/\\\/www.synthesia.com\\\/fr\\\/#\\\/schema\\\/person\\\/d1efac9168167b1d64ec022161621e21\",\"name\":\"maratum\"}]}<\/script>\n<!-- \/ Yoast SEO plugin. -->","yoast_head_json":{"title":"La branche colombienne de Synthesia Technology f\u00eate ses 10 ans - Synthesia","robots":{"index":"index","follow":"follow","max-snippet":"max-snippet:-1","max-image-preview":"max-image-preview:large","max-video-preview":"max-video-preview:-1"},"canonical":"https:\/\/www.synthesia.com\/fr\/la-branche-colombienne-de-synthesia-technology-fete-ses-10-ans\/","og_locale":"fr_FR","og_type":"article","og_title":"La branche colombienne de Synthesia Technology f\u00eate ses 10 ans - Synthesia","og_description":"En f\u00e9vrier 2022, Synthesia Tecnhology a c\u00e9l\u00e9br\u00e9 une d\u00e9cennie couronn\u00e9e de succ\u00e8s avec le dixi\u00e8me anniversaire de l\u2019inauguration de son bureau commercial de Bogota.","og_url":"https:\/\/www.synthesia.com\/fr\/la-branche-colombienne-de-synthesia-technology-fete-ses-10-ans\/","og_site_name":"Synthesia","article_published_time":"2022-02-24T09:01:57+00:00","article_modified_time":"2022-04-18T10:36:21+00:00","og_image":[{"width":750,"height":501,"url":"https:\/\/www.synthesia.com\/wp-content\/uploads\/2022\/02\/Synthesia-Technology-celebra-10-anos-en-Colombia-2.jpg","type":"image\/jpeg"}],"author":"maratum","twitter_card":"summary_large_image","twitter_misc":{"\u00c9crit par":"maratum","Dur\u00e9e de lecture estim\u00e9e":"2 minutes"},"schema":{"@context":"https:\/\/schema.org","@graph":[{"@type":"Article","@id":"https:\/\/www.synthesia.com\/fr\/la-branche-colombienne-de-synthesia-technology-fete-ses-10-ans\/#article","isPartOf":{"@id":"https:\/\/www.synthesia.com\/fr\/la-branche-colombienne-de-synthesia-technology-fete-ses-10-ans\/"},"author":{"name":"maratum","@id":"https:\/\/www.synthesia.com\/fr\/#\/schema\/person\/d1efac9168167b1d64ec022161621e21"},"headline":"La branche colombienne de Synthesia Technology f\u00eate ses 10 ans","datePublished":"2022-02-24T09:01:57+00:00","dateModified":"2022-04-18T10:36:21+00:00","mainEntityOfPage":{"@id":"https:\/\/www.synthesia.com\/fr\/la-branche-colombienne-de-synthesia-technology-fete-ses-10-ans\/"},"wordCount":258,"commentCount":0,"publisher":{"@id":"https:\/\/www.synthesia.com\/fr\/#organization"},"image":{"@id":"https:\/\/www.synthesia.com\/fr\/la-branche-colombienne-de-synthesia-technology-fete-ses-10-ans\/#primaryimage"},"thumbnailUrl":"https:\/\/www.synthesia.com\/wp-content\/uploads\/2022\/02\/Synthesia-Technology-celebra-10-anos-en-Colombia-2.jpg","articleSection":["Actualit\u00e9s"],"inLanguage":"fr-FR","potentialAction":[{"@type":"CommentAction","name":"Comment","target":["https:\/\/www.synthesia.com\/fr\/la-branche-colombienne-de-synthesia-technology-fete-ses-10-ans\/#respond"]}]},{"@type":"WebPage","@id":"https:\/\/www.synthesia.com\/fr\/la-branche-colombienne-de-synthesia-technology-fete-ses-10-ans\/","url":"https:\/\/www.synthesia.com\/fr\/la-branche-colombienne-de-synthesia-technology-fete-ses-10-ans\/","name":"La branche colombienne de Synthesia Technology f\u00eate ses 10 ans - Synthesia","isPartOf":{"@id":"https:\/\/www.synthesia.com\/fr\/#website"},"primaryImageOfPage":{"@id":"https:\/\/www.synthesia.com\/fr\/la-branche-colombienne-de-synthesia-technology-fete-ses-10-ans\/#primaryimage"},"image":{"@id":"https:\/\/www.synthesia.com\/fr\/la-branche-colombienne-de-synthesia-technology-fete-ses-10-ans\/#primaryimage"},"thumbnailUrl":"https:\/\/www.synthesia.com\/wp-content\/uploads\/2022\/02\/Synthesia-Technology-celebra-10-anos-en-Colombia-2.jpg","datePublished":"2022-02-24T09:01:57+00:00","dateModified":"2022-04-18T10:36:21+00:00","breadcrumb":{"@id":"https:\/\/www.synthesia.com\/fr\/la-branche-colombienne-de-synthesia-technology-fete-ses-10-ans\/#breadcrumb"},"inLanguage":"fr-FR","potentialAction":[{"@type":"ReadAction","target":["https:\/\/www.synthesia.com\/fr\/la-branche-colombienne-de-synthesia-technology-fete-ses-10-ans\/"]}]},{"@type":"ImageObject","inLanguage":"fr-FR","@id":"https:\/\/www.synthesia.com\/fr\/la-branche-colombienne-de-synthesia-technology-fete-ses-10-ans\/#primaryimage","url":"https:\/\/www.synthesia.com\/wp-content\/uploads\/2022\/02\/Synthesia-Technology-celebra-10-anos-en-Colombia-2.jpg","contentUrl":"https:\/\/www.synthesia.com\/wp-content\/uploads\/2022\/02\/Synthesia-Technology-celebra-10-anos-en-Colombia-2.jpg","width":750,"height":501},{"@type":"BreadcrumbList","@id":"https:\/\/www.synthesia.com\/fr\/la-branche-colombienne-de-synthesia-technology-fete-ses-10-ans\/#breadcrumb","itemListElement":[{"@type":"ListItem","position":1,"name":"Portada","item":"https:\/\/www.synthesia.com\/fr\/"},{"@type":"ListItem","position":2,"name":"La branche colombienne de Synthesia Technology f\u00eate ses 10 ans"}]},{"@type":"WebSite","@id":"https:\/\/www.synthesia.com\/fr\/#website","url":"https:\/\/www.synthesia.com\/fr\/","name":"Synthesia","description":"","publisher":{"@id":"https:\/\/www.synthesia.com\/fr\/#organization"},"potentialAction":[{"@type":"SearchAction","target":{"@type":"EntryPoint","urlTemplate":"https:\/\/www.synthesia.com\/fr\/?s={search_term_string}"},"query-input":{"@type":"PropertyValueSpecification","valueRequired":true,"valueName":"search_term_string"}}],"inLanguage":"fr-FR"},{"@type":"Organization","@id":"https:\/\/www.synthesia.com\/fr\/#organization","name":"Synthesia Technology S.L.U","url":"https:\/\/www.synthesia.com\/fr\/","logo":{"@type":"ImageObject","inLanguage":"fr-FR","@id":"https:\/\/www.synthesia.com\/fr\/#\/schema\/logo\/image\/","url":"https:\/\/www.synthesia.com\/wp-content\/uploads\/2020\/09\/cropped-synthesia-technology-logo.png","contentUrl":"https:\/\/www.synthesia.com\/wp-content\/uploads\/2020\/09\/cropped-synthesia-technology-logo.png","width":198,"height":67,"caption":"Synthesia Technology S.L.U"},"image":{"@id":"https:\/\/www.synthesia.com\/fr\/#\/schema\/logo\/image\/"}},{"@type":"Person","@id":"https:\/\/www.synthesia.com\/fr\/#\/schema\/person\/d1efac9168167b1d64ec022161621e21","name":"maratum"}]}},"_links":{"self":[{"href":"https:\/\/www.synthesia.com\/fr\/wp-json\/wp\/v2\/posts\/17563","targetHints":{"allow":["GET"]}}],"collection":[{"href":"https:\/\/www.synthesia.com\/fr\/wp-json\/wp\/v2\/posts"}],"about":[{"href":"https:\/\/www.synthesia.com\/fr\/wp-json\/wp\/v2\/types\/post"}],"author":[{"embeddable":true,"href":"https:\/\/www.synthesia.com\/fr\/wp-json\/wp\/v2\/users\/5"}],"replies":[{"embeddable":true,"href":"https:\/\/www.synthesia.com\/fr\/wp-json\/wp\/v2\/comments?post=17563"}],"version-history":[{"count":5,"href":"https:\/\/www.synthesia.com\/fr\/wp-json\/wp\/v2\/posts\/17563\/revisions"}],"predecessor-version":[{"id":18516,"href":"https:\/\/www.synthesia.com\/fr\/wp-json\/wp\/v2\/posts\/17563\/revisions\/18516"}],"wp:featuredmedia":[{"embeddable":true,"href":"https:\/\/www.synthesia.com\/fr\/wp-json\/wp\/v2\/media\/17403"}],"wp:attachment":[{"href":"https:\/\/www.synthesia.com\/fr\/wp-json\/wp\/v2\/media?parent=17563"}],"wp:term":[{"taxonomy":"category","embeddable":true,"href":"https:\/\/www.synthesia.com\/fr\/wp-json\/wp\/v2\/categories?post=17563"},{"taxonomy":"post_tag","embeddable":true,"href":"https:\/\/www.synthesia.com\/fr\/wp-json\/wp\/v2\/tags?post=17563"}],"curies":[{"name":"wp","href":"https:\/\/api.w.org\/{rel}","templated":true}]}}