{"id":13803,"date":"2021-11-25T13:25:14","date_gmt":"2021-11-25T12:25:14","guid":{"rendered":"https:\/\/www.synthesia.com\/?p=13803"},"modified":"2022-04-18T12:39:00","modified_gmt":"2022-04-18T10:39:00","slug":"succes-pour-ledition-2021-du-salon-utech","status":"publish","type":"post","link":"https:\/\/www.synthesia.com\/fr\/succes-pour-ledition-2021-du-salon-utech\/","title":{"rendered":"Succ\u00e8s pour l&rsquo;\u00e9dition 2021 du salon UTECH"},"content":{"rendered":"<p><b>En 2021, Synthesia a particip\u00e9 au salon UTECH dont la fr\u00e9quentation n&rsquo;a pas souffert de la situation sanitaire ni des restrictions.<\/b><\/p>\n<p><span style=\"font-weight: 400;\">Les 16, 17 et 18\u00a0novembre a eu lieu \u00e0 Maastricht le salon UTECH\u00a0Europe\u00a02021, le premier \u00e9v\u00e9nement majeur pour Synthesia \u00e0 la sortie de la pand\u00e9mie.<\/span><\/p>\n<p><span style=\"font-weight: 400;\">Synthesia y a pr\u00e9sent\u00e9 sa gamme de produits, notamment son offre de polyols de polyester pr\u00e9sentant tout un \u00e9ventail d&rsquo;acidit\u00e9s, d\u2019OH, de fonctionnalit\u00e9s, de poids mol\u00e9culaires et de natures chimiques adapt\u00e9s \u00e0 diverses applications\u00a0: CASE (rev\u00eatements, adh\u00e9sifs, mastics et \u00e9lastom\u00e8res), chaussures, adh\u00e9sifs thermofusibles r\u00e9actifs et mousses rigides et souples.<\/span><\/p>\n<p>&nbsp;<\/p>\n<p><img fetchpriority=\"high\" decoding=\"async\" class=\"wp-image-12265 size-full aligncenter\" src=\"https:\/\/www.synthesia.com\/wp-content\/uploads\/2021\/11\/finalizada-con-exito-la-feria-utech-2021-02.jpg\" alt=\"\" width=\"1000\" height=\"667\" srcset=\"https:\/\/www.synthesia.com\/wp-content\/uploads\/2021\/11\/finalizada-con-exito-la-feria-utech-2021-02.jpg 1000w, https:\/\/www.synthesia.com\/wp-content\/uploads\/2021\/11\/finalizada-con-exito-la-feria-utech-2021-02-300x200.jpg 300w, https:\/\/www.synthesia.com\/wp-content\/uploads\/2021\/11\/finalizada-con-exito-la-feria-utech-2021-02-768x512.jpg 768w\" sizes=\"(max-width: 1000px) 100vw, 1000px\" \/><\/p>\n<p>&nbsp;<\/p>\n<p><span style=\"font-weight: 400;\">Le stand de Synthesia refl\u00e9tait clairement les valeurs de l&rsquo;entreprise, telles que la durabilit\u00e9, la responsabilit\u00e9 \u00e9cologique, son engagement pour le d\u00e9veloppement de produits <\/span><b>BIO<\/b><span style=\"font-weight: 400;\"> \u00e0 base de <\/span><b>sources renouvelables<\/b><span style=\"font-weight: 400;\"> et l&rsquo;utilisation de PET <\/span><b>recycl\u00e9<\/b><span style=\"font-weight: 400;\">, mati\u00e8re premi\u00e8re essentielle \u00e0 la production d&rsquo;isolants ultra-performants destin\u00e9s au secteur du b\u00e2timent.<\/span><\/p>\n<p><span style=\"font-weight: 400;\">La gamme Synthesia de polyols de polyester satur\u00e9s \u00e9cologiques est \u00e0 base d&rsquo;acides et\/ou de glycols issus de sources renouvelables. Synthesia propose des solutions sur mesure qui utilisent ces mati\u00e8res premi\u00e8res renouvelables, car elles permettent d&rsquo;am\u00e9liorer certaines propri\u00e9t\u00e9s par rapport aux polyols de polyester habituellement issus de la p\u00e9trochimie.<\/span><\/p>\n<p>&nbsp;<\/p>\n<p><img decoding=\"async\" class=\"wp-image-12262 size-full aligncenter\" src=\"https:\/\/www.synthesia.com\/wp-content\/uploads\/2021\/11\/finalizada-con-exito-la-feria-utech-2021-03.jpg\" alt=\"\" width=\"1000\" height=\"667\" srcset=\"https:\/\/www.synthesia.com\/wp-content\/uploads\/2021\/11\/finalizada-con-exito-la-feria-utech-2021-03.jpg 1000w, https:\/\/www.synthesia.com\/wp-content\/uploads\/2021\/11\/finalizada-con-exito-la-feria-utech-2021-03-300x200.jpg 300w, https:\/\/www.synthesia.com\/wp-content\/uploads\/2021\/11\/finalizada-con-exito-la-feria-utech-2021-03-768x512.jpg 768w\" sizes=\"(max-width: 1000px) 100vw, 1000px\" \/><\/p>\n<p>&nbsp;<\/p>\n<p><span style=\"font-weight: 400;\">Une fois de plus, et malgr\u00e9 tous les inconv\u00e9nients et restrictions rencontr\u00e9s en raison de la COVID, Synthesia\u00a0Technology souhaite remercier ses clients, ses fournisseurs et collaborateurs, avec qui le groupe a pu partager trois\u00a0jours durant sa passion et son engagement pour le monde du polyur\u00e9thane lors du salon UTECH\u00a0Europe\u00a02021.\u00a0<\/span><\/p>\n<p><span style=\"font-weight: 400;\">Synthesia esp\u00e8re avoir su offrir, comme toujours, son soutien et son expertise \u00e0 tous ceux qui lui ont rendu visite sur son stand.<\/span><\/p>\n<p><span style=\"font-weight: 400;\">Encore merci et rendez-vous en 2024\u00a0!<\/span><\/p>\n<p>&nbsp;<\/p>\n<p><img decoding=\"async\" class=\"wp-image-12259 size-full aligncenter\" src=\"https:\/\/www.synthesia.com\/wp-content\/uploads\/2021\/11\/finalizada-con-exito-la-feria-utech-2021-04.jpg\" alt=\"\" width=\"1000\" height=\"667\" srcset=\"https:\/\/www.synthesia.com\/wp-content\/uploads\/2021\/11\/finalizada-con-exito-la-feria-utech-2021-04.jpg 1000w, https:\/\/www.synthesia.com\/wp-content\/uploads\/2021\/11\/finalizada-con-exito-la-feria-utech-2021-04-300x200.jpg 300w, https:\/\/www.synthesia.com\/wp-content\/uploads\/2021\/11\/finalizada-con-exito-la-feria-utech-2021-04-768x512.jpg 768w\" sizes=\"(max-width: 1000px) 100vw, 1000px\" \/><\/p>\n","protected":false},"excerpt":{"rendered":"<p>En 2021, Synthesia a particip\u00e9 au salon UTECH dont la fr\u00e9quentation n&rsquo;a pas souffert de la situation sanitaire ni des restrictions. Pr\u00e9sentation de la gamme de produits, notamment celle de polyols de polyester.<\/p>\n","protected":false},"author":5,"featured_media":13804,"comment_status":"open","ping_status":"open","sticky":false,"template":"","format":"standard","meta":{"content-type":"","footnotes":""},"categories":[36],"tags":[],"class_list":["post-13803","post","type-post","status-publish","format-standard","has-post-thumbnail","hentry","category-actualites"],"yoast_head":"<!-- This site is optimized with the Yoast SEO plugin v28.3 - https:\/\/yoast.com\/product\/yoast-seo-wordpress\/ -->\n<title>Succ\u00e8s pour l&#039;\u00e9dition 2021 du salon UTECH - Synthesia<\/title>\n<meta name=\"robots\" content=\"noindex, follow\" \/>\n<meta property=\"og:locale\" content=\"fr_FR\" \/>\n<meta property=\"og:type\" content=\"article\" \/>\n<meta property=\"og:title\" content=\"Succ\u00e8s pour l&#039;\u00e9dition 2021 du salon UTECH - Synthesia\" \/>\n<meta property=\"og:description\" content=\"En 2021, Synthesia a particip\u00e9 au salon UTECH dont la fr\u00e9quentation n&#039;a pas souffert de la situation sanitaire ni des restrictions. Pr\u00e9sentation de la gamme de produits, notamment celle de polyols de polyester.\" \/>\n<meta property=\"og:url\" content=\"https:\/\/www.synthesia.com\/fr\/succes-pour-ledition-2021-du-salon-utech\/\" \/>\n<meta property=\"og:site_name\" content=\"Synthesia\" \/>\n<meta property=\"article:published_time\" content=\"2021-11-25T12:25:14+00:00\" \/>\n<meta property=\"article:modified_time\" content=\"2022-04-18T10:39:00+00:00\" \/>\n<meta property=\"og:image\" content=\"https:\/\/www.synthesia.com\/wp-content\/uploads\/2022\/01\/finalizada-con-exito-la-feria-utech-2021-01-768x512-1.jpg\" \/>\n\t<meta property=\"og:image:width\" content=\"768\" \/>\n\t<meta property=\"og:image:height\" content=\"512\" \/>\n\t<meta property=\"og:image:type\" content=\"image\/jpeg\" \/>\n<meta name=\"author\" content=\"maratum\" \/>\n<meta name=\"twitter:card\" content=\"summary_large_image\" \/>\n<meta name=\"twitter:label1\" content=\"\u00c9crit par\" \/>\n\t<meta name=\"twitter:data1\" content=\"maratum\" \/>\n\t<meta name=\"twitter:label2\" content=\"Dur\u00e9e de lecture estim\u00e9e\" \/>\n\t<meta name=\"twitter:data2\" content=\"2 minutes\" \/>\n<script type=\"application\/ld+json\" class=\"yoast-schema-graph\">{\"@context\":\"https:\\\/\\\/schema.org\",\"@graph\":[{\"@type\":\"Article\",\"@id\":\"https:\\\/\\\/www.synthesia.com\\\/fr\\\/succes-pour-ledition-2021-du-salon-utech\\\/#article\",\"isPartOf\":{\"@id\":\"https:\\\/\\\/www.synthesia.com\\\/fr\\\/succes-pour-ledition-2021-du-salon-utech\\\/\"},\"author\":{\"name\":\"maratum\",\"@id\":\"https:\\\/\\\/www.synthesia.com\\\/fr\\\/#\\\/schema\\\/person\\\/d1efac9168167b1d64ec022161621e21\"},\"headline\":\"Succ\u00e8s pour l&rsquo;\u00e9dition 2021 du salon UTECH\",\"datePublished\":\"2021-11-25T12:25:14+00:00\",\"dateModified\":\"2022-04-18T10:39:00+00:00\",\"mainEntityOfPage\":{\"@id\":\"https:\\\/\\\/www.synthesia.com\\\/fr\\\/succes-pour-ledition-2021-du-salon-utech\\\/\"},\"wordCount\":316,\"commentCount\":0,\"publisher\":{\"@id\":\"https:\\\/\\\/www.synthesia.com\\\/fr\\\/#organization\"},\"image\":{\"@id\":\"https:\\\/\\\/www.synthesia.com\\\/fr\\\/succes-pour-ledition-2021-du-salon-utech\\\/#primaryimage\"},\"thumbnailUrl\":\"https:\\\/\\\/www.synthesia.com\\\/wp-content\\\/uploads\\\/2022\\\/01\\\/finalizada-con-exito-la-feria-utech-2021-01-768x512-1.jpg\",\"articleSection\":[\"Actualit\u00e9s\"],\"inLanguage\":\"fr-FR\",\"potentialAction\":[{\"@type\":\"CommentAction\",\"name\":\"Comment\",\"target\":[\"https:\\\/\\\/www.synthesia.com\\\/fr\\\/succes-pour-ledition-2021-du-salon-utech\\\/#respond\"]}]},{\"@type\":\"WebPage\",\"@id\":\"https:\\\/\\\/www.synthesia.com\\\/fr\\\/succes-pour-ledition-2021-du-salon-utech\\\/\",\"url\":\"https:\\\/\\\/www.synthesia.com\\\/fr\\\/succes-pour-ledition-2021-du-salon-utech\\\/\",\"name\":\"Succ\u00e8s pour l'\u00e9dition 2021 du salon UTECH - Synthesia\",\"isPartOf\":{\"@id\":\"https:\\\/\\\/www.synthesia.com\\\/fr\\\/#website\"},\"primaryImageOfPage\":{\"@id\":\"https:\\\/\\\/www.synthesia.com\\\/fr\\\/succes-pour-ledition-2021-du-salon-utech\\\/#primaryimage\"},\"image\":{\"@id\":\"https:\\\/\\\/www.synthesia.com\\\/fr\\\/succes-pour-ledition-2021-du-salon-utech\\\/#primaryimage\"},\"thumbnailUrl\":\"https:\\\/\\\/www.synthesia.com\\\/wp-content\\\/uploads\\\/2022\\\/01\\\/finalizada-con-exito-la-feria-utech-2021-01-768x512-1.jpg\",\"datePublished\":\"2021-11-25T12:25:14+00:00\",\"dateModified\":\"2022-04-18T10:39:00+00:00\",\"breadcrumb\":{\"@id\":\"https:\\\/\\\/www.synthesia.com\\\/fr\\\/succes-pour-ledition-2021-du-salon-utech\\\/#breadcrumb\"},\"inLanguage\":\"fr-FR\",\"potentialAction\":[{\"@type\":\"ReadAction\",\"target\":[\"https:\\\/\\\/www.synthesia.com\\\/fr\\\/succes-pour-ledition-2021-du-salon-utech\\\/\"]}]},{\"@type\":\"ImageObject\",\"inLanguage\":\"fr-FR\",\"@id\":\"https:\\\/\\\/www.synthesia.com\\\/fr\\\/succes-pour-ledition-2021-du-salon-utech\\\/#primaryimage\",\"url\":\"https:\\\/\\\/www.synthesia.com\\\/wp-content\\\/uploads\\\/2022\\\/01\\\/finalizada-con-exito-la-feria-utech-2021-01-768x512-1.jpg\",\"contentUrl\":\"https:\\\/\\\/www.synthesia.com\\\/wp-content\\\/uploads\\\/2022\\\/01\\\/finalizada-con-exito-la-feria-utech-2021-01-768x512-1.jpg\",\"width\":768,\"height\":512},{\"@type\":\"BreadcrumbList\",\"@id\":\"https:\\\/\\\/www.synthesia.com\\\/fr\\\/succes-pour-ledition-2021-du-salon-utech\\\/#breadcrumb\",\"itemListElement\":[{\"@type\":\"ListItem\",\"position\":1,\"name\":\"Portada\",\"item\":\"https:\\\/\\\/www.synthesia.com\\\/fr\\\/\"},{\"@type\":\"ListItem\",\"position\":2,\"name\":\"Succ\u00e8s pour l&#8217;\u00e9dition 2021 du salon UTECH\"}]},{\"@type\":\"WebSite\",\"@id\":\"https:\\\/\\\/www.synthesia.com\\\/fr\\\/#website\",\"url\":\"https:\\\/\\\/www.synthesia.com\\\/fr\\\/\",\"name\":\"Synthesia\",\"description\":\"\",\"publisher\":{\"@id\":\"https:\\\/\\\/www.synthesia.com\\\/fr\\\/#organization\"},\"potentialAction\":[{\"@type\":\"SearchAction\",\"target\":{\"@type\":\"EntryPoint\",\"urlTemplate\":\"https:\\\/\\\/www.synthesia.com\\\/fr\\\/?s={search_term_string}\"},\"query-input\":{\"@type\":\"PropertyValueSpecification\",\"valueRequired\":true,\"valueName\":\"search_term_string\"}}],\"inLanguage\":\"fr-FR\"},{\"@type\":\"Organization\",\"@id\":\"https:\\\/\\\/www.synthesia.com\\\/fr\\\/#organization\",\"name\":\"Synthesia Technology S.L.U\",\"url\":\"https:\\\/\\\/www.synthesia.com\\\/fr\\\/\",\"logo\":{\"@type\":\"ImageObject\",\"inLanguage\":\"fr-FR\",\"@id\":\"https:\\\/\\\/www.synthesia.com\\\/fr\\\/#\\\/schema\\\/logo\\\/image\\\/\",\"url\":\"https:\\\/\\\/www.synthesia.com\\\/wp-content\\\/uploads\\\/2020\\\/09\\\/cropped-synthesia-technology-logo.png\",\"contentUrl\":\"https:\\\/\\\/www.synthesia.com\\\/wp-content\\\/uploads\\\/2020\\\/09\\\/cropped-synthesia-technology-logo.png\",\"width\":198,\"height\":67,\"caption\":\"Synthesia Technology S.L.U\"},\"image\":{\"@id\":\"https:\\\/\\\/www.synthesia.com\\\/fr\\\/#\\\/schema\\\/logo\\\/image\\\/\"}},{\"@type\":\"Person\",\"@id\":\"https:\\\/\\\/www.synthesia.com\\\/fr\\\/#\\\/schema\\\/person\\\/d1efac9168167b1d64ec022161621e21\",\"name\":\"maratum\"}]}<\/script>\n<!-- \/ Yoast SEO plugin. -->","yoast_head_json":{"title":"Succ\u00e8s pour l'\u00e9dition 2021 du salon UTECH - Synthesia","robots":{"index":"noindex","follow":"follow"},"og_locale":"fr_FR","og_type":"article","og_title":"Succ\u00e8s pour l'\u00e9dition 2021 du salon UTECH - Synthesia","og_description":"En 2021, Synthesia a particip\u00e9 au salon UTECH dont la fr\u00e9quentation n'a pas souffert de la situation sanitaire ni des restrictions. Pr\u00e9sentation de la gamme de produits, notamment celle de polyols de polyester.","og_url":"https:\/\/www.synthesia.com\/fr\/succes-pour-ledition-2021-du-salon-utech\/","og_site_name":"Synthesia","article_published_time":"2021-11-25T12:25:14+00:00","article_modified_time":"2022-04-18T10:39:00+00:00","og_image":[{"width":768,"height":512,"url":"https:\/\/www.synthesia.com\/wp-content\/uploads\/2022\/01\/finalizada-con-exito-la-feria-utech-2021-01-768x512-1.jpg","type":"image\/jpeg"}],"author":"maratum","twitter_card":"summary_large_image","twitter_misc":{"\u00c9crit par":"maratum","Dur\u00e9e de lecture estim\u00e9e":"2 minutes"},"schema":{"@context":"https:\/\/schema.org","@graph":[{"@type":"Article","@id":"https:\/\/www.synthesia.com\/fr\/succes-pour-ledition-2021-du-salon-utech\/#article","isPartOf":{"@id":"https:\/\/www.synthesia.com\/fr\/succes-pour-ledition-2021-du-salon-utech\/"},"author":{"name":"maratum","@id":"https:\/\/www.synthesia.com\/fr\/#\/schema\/person\/d1efac9168167b1d64ec022161621e21"},"headline":"Succ\u00e8s pour l&rsquo;\u00e9dition 2021 du salon UTECH","datePublished":"2021-11-25T12:25:14+00:00","dateModified":"2022-04-18T10:39:00+00:00","mainEntityOfPage":{"@id":"https:\/\/www.synthesia.com\/fr\/succes-pour-ledition-2021-du-salon-utech\/"},"wordCount":316,"commentCount":0,"publisher":{"@id":"https:\/\/www.synthesia.com\/fr\/#organization"},"image":{"@id":"https:\/\/www.synthesia.com\/fr\/succes-pour-ledition-2021-du-salon-utech\/#primaryimage"},"thumbnailUrl":"https:\/\/www.synthesia.com\/wp-content\/uploads\/2022\/01\/finalizada-con-exito-la-feria-utech-2021-01-768x512-1.jpg","articleSection":["Actualit\u00e9s"],"inLanguage":"fr-FR","potentialAction":[{"@type":"CommentAction","name":"Comment","target":["https:\/\/www.synthesia.com\/fr\/succes-pour-ledition-2021-du-salon-utech\/#respond"]}]},{"@type":"WebPage","@id":"https:\/\/www.synthesia.com\/fr\/succes-pour-ledition-2021-du-salon-utech\/","url":"https:\/\/www.synthesia.com\/fr\/succes-pour-ledition-2021-du-salon-utech\/","name":"Succ\u00e8s pour l'\u00e9dition 2021 du salon UTECH - Synthesia","isPartOf":{"@id":"https:\/\/www.synthesia.com\/fr\/#website"},"primaryImageOfPage":{"@id":"https:\/\/www.synthesia.com\/fr\/succes-pour-ledition-2021-du-salon-utech\/#primaryimage"},"image":{"@id":"https:\/\/www.synthesia.com\/fr\/succes-pour-ledition-2021-du-salon-utech\/#primaryimage"},"thumbnailUrl":"https:\/\/www.synthesia.com\/wp-content\/uploads\/2022\/01\/finalizada-con-exito-la-feria-utech-2021-01-768x512-1.jpg","datePublished":"2021-11-25T12:25:14+00:00","dateModified":"2022-04-18T10:39:00+00:00","breadcrumb":{"@id":"https:\/\/www.synthesia.com\/fr\/succes-pour-ledition-2021-du-salon-utech\/#breadcrumb"},"inLanguage":"fr-FR","potentialAction":[{"@type":"ReadAction","target":["https:\/\/www.synthesia.com\/fr\/succes-pour-ledition-2021-du-salon-utech\/"]}]},{"@type":"ImageObject","inLanguage":"fr-FR","@id":"https:\/\/www.synthesia.com\/fr\/succes-pour-ledition-2021-du-salon-utech\/#primaryimage","url":"https:\/\/www.synthesia.com\/wp-content\/uploads\/2022\/01\/finalizada-con-exito-la-feria-utech-2021-01-768x512-1.jpg","contentUrl":"https:\/\/www.synthesia.com\/wp-content\/uploads\/2022\/01\/finalizada-con-exito-la-feria-utech-2021-01-768x512-1.jpg","width":768,"height":512},{"@type":"BreadcrumbList","@id":"https:\/\/www.synthesia.com\/fr\/succes-pour-ledition-2021-du-salon-utech\/#breadcrumb","itemListElement":[{"@type":"ListItem","position":1,"name":"Portada","item":"https:\/\/www.synthesia.com\/fr\/"},{"@type":"ListItem","position":2,"name":"Succ\u00e8s pour l&#8217;\u00e9dition 2021 du salon UTECH"}]},{"@type":"WebSite","@id":"https:\/\/www.synthesia.com\/fr\/#website","url":"https:\/\/www.synthesia.com\/fr\/","name":"Synthesia","description":"","publisher":{"@id":"https:\/\/www.synthesia.com\/fr\/#organization"},"potentialAction":[{"@type":"SearchAction","target":{"@type":"EntryPoint","urlTemplate":"https:\/\/www.synthesia.com\/fr\/?s={search_term_string}"},"query-input":{"@type":"PropertyValueSpecification","valueRequired":true,"valueName":"search_term_string"}}],"inLanguage":"fr-FR"},{"@type":"Organization","@id":"https:\/\/www.synthesia.com\/fr\/#organization","name":"Synthesia Technology S.L.U","url":"https:\/\/www.synthesia.com\/fr\/","logo":{"@type":"ImageObject","inLanguage":"fr-FR","@id":"https:\/\/www.synthesia.com\/fr\/#\/schema\/logo\/image\/","url":"https:\/\/www.synthesia.com\/wp-content\/uploads\/2020\/09\/cropped-synthesia-technology-logo.png","contentUrl":"https:\/\/www.synthesia.com\/wp-content\/uploads\/2020\/09\/cropped-synthesia-technology-logo.png","width":198,"height":67,"caption":"Synthesia Technology S.L.U"},"image":{"@id":"https:\/\/www.synthesia.com\/fr\/#\/schema\/logo\/image\/"}},{"@type":"Person","@id":"https:\/\/www.synthesia.com\/fr\/#\/schema\/person\/d1efac9168167b1d64ec022161621e21","name":"maratum"}]}},"_links":{"self":[{"href":"https:\/\/www.synthesia.com\/fr\/wp-json\/wp\/v2\/posts\/13803","targetHints":{"allow":["GET"]}}],"collection":[{"href":"https:\/\/www.synthesia.com\/fr\/wp-json\/wp\/v2\/posts"}],"about":[{"href":"https:\/\/www.synthesia.com\/fr\/wp-json\/wp\/v2\/types\/post"}],"author":[{"embeddable":true,"href":"https:\/\/www.synthesia.com\/fr\/wp-json\/wp\/v2\/users\/5"}],"replies":[{"embeddable":true,"href":"https:\/\/www.synthesia.com\/fr\/wp-json\/wp\/v2\/comments?post=13803"}],"version-history":[{"count":4,"href":"https:\/\/www.synthesia.com\/fr\/wp-json\/wp\/v2\/posts\/13803\/revisions"}],"predecessor-version":[{"id":18518,"href":"https:\/\/www.synthesia.com\/fr\/wp-json\/wp\/v2\/posts\/13803\/revisions\/18518"}],"wp:featuredmedia":[{"embeddable":true,"href":"https:\/\/www.synthesia.com\/fr\/wp-json\/wp\/v2\/media\/13804"}],"wp:attachment":[{"href":"https:\/\/www.synthesia.com\/fr\/wp-json\/wp\/v2\/media?parent=13803"}],"wp:term":[{"taxonomy":"category","embeddable":true,"href":"https:\/\/www.synthesia.com\/fr\/wp-json\/wp\/v2\/categories?post=13803"},{"taxonomy":"post_tag","embeddable":true,"href":"https:\/\/www.synthesia.com\/fr\/wp-json\/wp\/v2\/tags?post=13803"}],"curies":[{"name":"wp","href":"https:\/\/api.w.org\/{rel}","templated":true}]}}