{"id":11330,"date":"2019-04-04T09:29:12","date_gmt":"2019-04-04T09:29:12","guid":{"rendered":"https:\/\/www.synthesia.com\/upcycling-the-oceans-ecoalf-foundation-agreement\/"},"modified":"2022-04-08T14:20:22","modified_gmt":"2022-04-08T12:20:22","slug":"upcycling-the-oceans-accord-signe-avec-la-fondation-ecoalf","status":"publish","type":"post","link":"https:\/\/www.synthesia.com\/fr\/upcycling-the-oceans-accord-signe-avec-la-fondation-ecoalf\/","title":{"rendered":"Upcycling the Oceans | Accord sign\u00e9 avec la Fondation Ecoalf"},"content":{"rendered":"\t\t<div data-elementor-type=\"wp-post\" data-elementor-id=\"11330\" class=\"elementor elementor-11330 elementor-2490\" data-elementor-post-type=\"post\">\n\t\t\t\t\t\t<section class=\"elementor-section elementor-top-section elementor-element elementor-element-5768c2de elementor-section-boxed elementor-section-height-default elementor-section-height-default\" data-id=\"5768c2de\" data-element_type=\"section\" data-e-type=\"section\">\n\t\t\t\t\t\t<div class=\"elementor-container elementor-column-gap-default\">\n\t\t\t\t\t<div class=\"elementor-column elementor-col-100 elementor-top-column elementor-element elementor-element-15d36afc\" data-id=\"15d36afc\" data-element_type=\"column\" data-e-type=\"column\">\n\t\t\t<div class=\"elementor-widget-wrap elementor-element-populated\">\n\t\t\t\t\t\t<div class=\"elementor-element elementor-element-7d877ae8 elementor-widget elementor-widget-text-editor\" data-id=\"7d877ae8\" data-element_type=\"widget\" data-e-type=\"widget\" data-widget_type=\"text-editor.default\">\n\t\t\t\t<div class=\"elementor-widget-container\">\n\t\t\t\t\t\t\t\t\t<p><span style=\"color: #000000;\">L&rsquo;id\u00e9e d&rsquo;un monde plus durable ne laisse personne indiff\u00e9rent. <strong>Recycler, prot\u00e9ger nos oc\u00e9ans et nos for\u00eats, r\u00e9duire nos \u00e9missions de CO2..<\/strong>. Voil\u00e0 de petits gestes qui peuvent faire la diff\u00e9rence.<\/span><\/p><p><span style=\"color: #000000;\">C&rsquo;est pourquoi Synthesia Technology s&rsquo;associe \u00e0 cette initiative qui encourage les comportements et les habitudes ayant pour objectif de r\u00e9duire l&rsquo;impact environnemental de l&rsquo;activit\u00e9 industrielle sur l&rsquo;\u00e9cosyst\u00e8me. \u00c0 l&rsquo;origine de ce projet se trouve la n\u00e9cessit\u00e9 de faire un pas vers la durabilit\u00e9 pour changer le monde et la vie de chacun d&rsquo;entre nous.<\/span><\/p><p><span style=\"color: #000000;\">Gr\u00e2ce au soutien de Kingspan et l&rsquo;association de la Fondation Ecoalf, de Synthesia Technology, d&rsquo;Huure et de Kingspan Insulation, ce projet b\u00e9n\u00e9ficie d&rsquo;un processus rigoureux qui repose sur la cha\u00eene suivante :<\/span><\/p><p><span style=\"color: #000000;\">Kingspan, notre m\u00e9c\u00e8ne, finance le projet.<\/span><\/p><p><span style=\"color: #000000;\">La Fondation Ecoalf coordonne la collecte des d\u00e9bris marins dans le cadre de son projet \u00ab <strong>Upcycling the Oceans<\/strong> \u00bb dont l&rsquo;objectif est de nettoyer les oc\u00e9ans et de donner aux d\u00e9chets une nouvelle vie gr\u00e2ce au recyclage. Une partie du plastique collect\u00e9 entre dans la fabrication de pi\u00e8ces de pr\u00eat-\u00e0-porter pour la marque Ecoalf et une autre est utilis\u00e9e par Synthesia Technology pour cr\u00e9er des polyols.<\/span><\/p><p><span style=\"color: #000000;\"><img fetchpriority=\"high\" decoding=\"async\" class=\"alignnone wp-image-2497 size-full\" src=\"https:\/\/www.synthesia.com\/wp-content\/uploads\/2019\/04\/synthesia-pet-oceanic-plastic.jpg\" alt=\"synthesia pet oceanic plastic\" width=\"1920\" height=\"1280\" srcset=\"https:\/\/www.synthesia.com\/wp-content\/uploads\/2019\/04\/synthesia-pet-oceanic-plastic.jpg 1920w, https:\/\/www.synthesia.com\/wp-content\/uploads\/2019\/04\/synthesia-pet-oceanic-plastic-300x200.jpg 300w, https:\/\/www.synthesia.com\/wp-content\/uploads\/2019\/04\/synthesia-pet-oceanic-plastic-1024x683.jpg 1024w, https:\/\/www.synthesia.com\/wp-content\/uploads\/2019\/04\/synthesia-pet-oceanic-plastic-768x512.jpg 768w, https:\/\/www.synthesia.com\/wp-content\/uploads\/2019\/04\/synthesia-pet-oceanic-plastic-1536x1024.jpg 1536w\" sizes=\"(max-width: 1920px) 100vw, 1920px\" \/><\/span><\/p><p><span style=\"color: #000000;\">Apr\u00e8s r\u00e9ception des d\u00e9chets PET marins, <strong>Synthesia Technology<\/strong> les ajoute aux 250 millions de bouteilles PET d\u00e9j\u00e0 recycl\u00e9es et transforme le tout en polyols, mati\u00e8re premi\u00e8re permettant d&rsquo;\u00e9laborer des isolants. Principaux composants \u00e0 la base des isolants en polyur\u00e9thane, ces polyols permettent aujourd&rsquo;hui de r\u00e9injecter dans le cycle de production une partie du plastique collect\u00e9 en mer. D&rsquo;ici 2025, il est pr\u00e9vu que le nombre de bouteilles recycl\u00e9es, qui s&rsquo;\u00e9l\u00e8ve aujourd&rsquo;hui \u00e0 250 millions, atteigne 1 milliard, sauvant ainsi encore plus de bouteilles de la d\u00e9charge et \u00e9vitant surtout qu&rsquo;elles terminent dans l&rsquo;oc\u00e9an.<\/span><\/p><p><span style=\"color: #000000;\"><img decoding=\"async\" class=\"alignnone wp-image-2506 size-full\" src=\"https:\/\/www.synthesia.com\/wp-content\/uploads\/2019\/04\/oceanic-plastic-2.jpg\" alt=\"\" width=\"1800\" height=\"800\" srcset=\"https:\/\/www.synthesia.com\/wp-content\/uploads\/2019\/04\/oceanic-plastic-2.jpg 1800w, https:\/\/www.synthesia.com\/wp-content\/uploads\/2019\/04\/oceanic-plastic-2-300x133.jpg 300w, https:\/\/www.synthesia.com\/wp-content\/uploads\/2019\/04\/oceanic-plastic-2-1024x455.jpg 1024w, https:\/\/www.synthesia.com\/wp-content\/uploads\/2019\/04\/oceanic-plastic-2-768x341.jpg 768w, https:\/\/www.synthesia.com\/wp-content\/uploads\/2019\/04\/oceanic-plastic-2-1536x683.jpg 1536w\" sizes=\"(max-width: 1800px) 100vw, 1800px\" \/><\/span><\/p><p><span style=\"color: #000000;\">\u00c0 la fin du processus, <strong>Huure<\/strong> utilise les polyols \u00e0 base de PET fabriqu\u00e9s par Synthesia Technology. Eux aussi contiennent des d\u00e9bris PET marins et sont formul\u00e9s \u00e0 partir de bouteilles en plastique PET recycl\u00e9es pour obtenir des panneaux sandwich hautes performances, une belle revalorisation de ces d\u00e9chets. Ces polyols en PET recycl\u00e9 entrent aussi dans la confection de panneaux isolants hautes performances, fabriqu\u00e9s par <strong>Kingspan Insulation<\/strong> en Espagne.<\/span><\/p><p><span style=\"color: #000000;\">Le principal avantage des panneaux sandwich en polyur\u00e9thane r\u00e9side dans le fait qu&rsquo;ils permettent d&rsquo;am\u00e9liorer l&rsquo;efficacit\u00e9 \u00e9nerg\u00e9tique des b\u00e2timents et donc, la qualit\u00e9 de vie de leurs r\u00e9sidents.<\/span><\/p>\t\t\t\t\t\t\t\t<\/div>\n\t\t\t\t<\/div>\n\t\t\t\t<div class=\"elementor-element elementor-element-8fc4531 elementor-widget elementor-widget-video\" data-id=\"8fc4531\" data-element_type=\"widget\" data-e-type=\"widget\" data-settings=\"{&quot;video_type&quot;:&quot;hosted&quot;,&quot;show_image_overlay&quot;:&quot;yes&quot;,&quot;image_overlay&quot;:{&quot;url&quot;:&quot;https:\\\/\\\/www.synthesia.com\\\/wp-content\\\/uploads\\\/2019\\\/04\\\/2video.png&quot;,&quot;id&quot;:15125,&quot;size&quot;:&quot;&quot;,&quot;alt&quot;:&quot;&quot;,&quot;source&quot;:&quot;library&quot;},&quot;lightbox&quot;:&quot;yes&quot;,&quot;controls&quot;:&quot;yes&quot;}\" data-widget_type=\"video.default\">\n\t\t\t\t<div class=\"elementor-widget-container\">\n\t\t\t\t\t\t\t<div class=\"e-hosted-video elementor-wrapper elementor-open-lightbox\">\n\t\t\t\t\t\t\t<div class=\"elementor-custom-embed-image-overlay\" data-elementor-open-lightbox=\"yes\" data-elementor-lightbox=\"{&quot;type&quot;:&quot;video&quot;,&quot;videoType&quot;:&quot;hosted&quot;,&quot;url&quot;:&quot;https:\\\/\\\/www.synthesia.com\\\/wp-content\\\/uploads\\\/videos\\\/transformamos-plasticos-del-oceano-en-aislamiento-Synthesia-kingspan-ecoalf.mp4&quot;,&quot;autoplay&quot;:&quot;&quot;,&quot;modalOptions&quot;:{&quot;id&quot;:&quot;elementor-lightbox-8fc4531&quot;,&quot;entranceAnimation&quot;:&quot;&quot;,&quot;entranceAnimation_tablet&quot;:&quot;&quot;,&quot;entranceAnimation_mobile&quot;:&quot;&quot;,&quot;videoAspectRatio&quot;:&quot;169&quot;},&quot;videoParams&quot;:{&quot;controls&quot;:&quot;&quot;,&quot;preload&quot;:&quot;metadata&quot;,&quot;controlsList&quot;:&quot;nodownload&quot;}}\" data-e-action-hash=\"#elementor-action%3Aaction%3Dlightbox%26settings%3DeyJ0eXBlIjoidmlkZW8iLCJ2aWRlb1R5cGUiOiJob3N0ZWQiLCJ1cmwiOiJodHRwczpcL1wvd3d3LnN5bnRoZXNpYS5jb21cL3dwLWNvbnRlbnRcL3VwbG9hZHNcL3ZpZGVvc1wvdHJhbnNmb3JtYW1vcy1wbGFzdGljb3MtZGVsLW9jZWFuby1lbi1haXNsYW1pZW50by1TeW50aGVzaWEta2luZ3NwYW4tZWNvYWxmLm1wNCIsImF1dG9wbGF5IjoiIiwibW9kYWxPcHRpb25zIjp7ImlkIjoiZWxlbWVudG9yLWxpZ2h0Ym94LThmYzQ1MzEiLCJlbnRyYW5jZUFuaW1hdGlvbiI6IiIsImVudHJhbmNlQW5pbWF0aW9uX3RhYmxldCI6IiIsImVudHJhbmNlQW5pbWF0aW9uX21vYmlsZSI6IiIsInZpZGVvQXNwZWN0UmF0aW8iOiIxNjkifSwidmlkZW9QYXJhbXMiOnsiY29udHJvbHMiOiIiLCJwcmVsb2FkIjoibWV0YWRhdGEiLCJjb250cm9sc0xpc3QiOiJub2Rvd25sb2FkIn19\">\n\t\t\t\t\t\t\t\t\t\t\t<img decoding=\"async\" width=\"1278\" height=\"659\" src=\"https:\/\/www.synthesia.com\/wp-content\/uploads\/2019\/04\/2video.png\" class=\"attachment-full size-full wp-image-15125\" alt=\"\" srcset=\"https:\/\/www.synthesia.com\/wp-content\/uploads\/2019\/04\/2video.png 1278w, https:\/\/www.synthesia.com\/wp-content\/uploads\/2019\/04\/2video-300x155.png 300w, https:\/\/www.synthesia.com\/wp-content\/uploads\/2019\/04\/2video-1024x528.png 1024w, https:\/\/www.synthesia.com\/wp-content\/uploads\/2019\/04\/2video-768x396.png 768w\" sizes=\"(max-width: 1278px) 100vw, 1278px\" \/>\t\t\t\t\t\t\t\t\t\t\t\t\t\t\t\t<div class=\"elementor-custom-embed-play\" role=\"button\" aria-label=\"Lire la vid\u00e9o\" tabindex=\"0\">\n\t\t\t\t\t\t\t<i aria-hidden=\"true\" class=\"eicon-play\"><\/i>\t\t\t\t\t\t<\/div>\n\t\t\t\t\t\t\t\t\t<\/div>\n\t\t\t\t\t<\/div>\n\t\t\t\t\t\t<\/div>\n\t\t\t\t<\/div>\n\t\t\t\t\t<\/div>\n\t\t<\/div>\n\t\t\t\t\t<\/div>\n\t\t<\/section>\n\t\t\t\t<\/div>\n\t\t","protected":false},"excerpt":{"rendered":"<p>Synthesia s&rsquo;associe \u00e0 une initiative de nettoyage des oc\u00e9ans visant \u00e0 donner une nouvelle vie aux d\u00e9bris marins gr\u00e2ce au recyclage.<\/p>\n","protected":false},"author":1,"featured_media":11332,"comment_status":"open","ping_status":"open","sticky":false,"template":"","format":"standard","meta":{"content-type":"","footnotes":""},"categories":[31],"tags":[],"class_list":["post-11330","post","type-post","status-publish","format-standard","has-post-thumbnail","hentry","category-non-classifiee"],"yoast_head":"<!-- This site is optimized with the Yoast SEO plugin v28.3 - https:\/\/yoast.com\/product\/yoast-seo-wordpress\/ -->\n<title>Upcycling the Oceans | Accord sign\u00e9 avec la Fondation Ecoalf - Synthesia<\/title>\n<meta name=\"description\" content=\"Synthesia s&#039;associe \u00e0 une initiative de nettoyage des oc\u00e9ans visant \u00e0 donner une nouvelle vie aux d\u00e9bris marins gr\u00e2ce au recyclage.\" \/>\n<meta name=\"robots\" content=\"noindex, follow\" \/>\n<meta property=\"og:locale\" content=\"fr_FR\" \/>\n<meta property=\"og:type\" content=\"article\" \/>\n<meta property=\"og:title\" content=\"Upcycling the Oceans | Accord sign\u00e9 avec la Fondation Ecoalf - Synthesia\" \/>\n<meta property=\"og:description\" content=\"Synthesia s&#039;associe \u00e0 une initiative de nettoyage des oc\u00e9ans visant \u00e0 donner une nouvelle vie aux d\u00e9bris marins gr\u00e2ce au recyclage.\" \/>\n<meta property=\"og:url\" content=\"https:\/\/www.synthesia.com\/fr\/upcycling-the-oceans-accord-signe-avec-la-fondation-ecoalf\/\" \/>\n<meta property=\"og:site_name\" content=\"Synthesia\" \/>\n<meta property=\"article:published_time\" content=\"2019-04-04T09:29:12+00:00\" \/>\n<meta property=\"article:modified_time\" content=\"2022-04-08T12:20:22+00:00\" \/>\n<meta property=\"og:image\" content=\"https:\/\/www.synthesia.com\/wp-content\/uploads\/2019\/04\/oceanic-plastic.jpg\" \/>\n\t<meta property=\"og:image:width\" content=\"1200\" \/>\n\t<meta property=\"og:image:height\" content=\"800\" \/>\n\t<meta property=\"og:image:type\" content=\"image\/jpeg\" \/>\n<meta name=\"author\" content=\"synthemaratum\" \/>\n<meta name=\"twitter:card\" content=\"summary_large_image\" \/>\n<meta name=\"twitter:label1\" content=\"\u00c9crit par\" \/>\n\t<meta name=\"twitter:data1\" content=\"synthemaratum\" \/>\n\t<meta name=\"twitter:label2\" content=\"Dur\u00e9e de lecture estim\u00e9e\" \/>\n\t<meta name=\"twitter:data2\" content=\"3 minutes\" \/>\n<script type=\"application\/ld+json\" class=\"yoast-schema-graph\">{\"@context\":\"https:\\\/\\\/schema.org\",\"@graph\":[{\"@type\":\"Article\",\"@id\":\"https:\\\/\\\/www.synthesia.com\\\/fr\\\/upcycling-the-oceans-accord-signe-avec-la-fondation-ecoalf\\\/#article\",\"isPartOf\":{\"@id\":\"https:\\\/\\\/www.synthesia.com\\\/fr\\\/upcycling-the-oceans-accord-signe-avec-la-fondation-ecoalf\\\/\"},\"author\":{\"name\":\"synthemaratum\",\"@id\":\"https:\\\/\\\/www.synthesia.com\\\/fr\\\/#\\\/schema\\\/person\\\/66021a5a78e3b537466112d2fd58058f\"},\"headline\":\"Upcycling the Oceans | Accord sign\u00e9 avec la Fondation Ecoalf\",\"datePublished\":\"2019-04-04T09:29:12+00:00\",\"dateModified\":\"2022-04-08T12:20:22+00:00\",\"mainEntityOfPage\":{\"@id\":\"https:\\\/\\\/www.synthesia.com\\\/fr\\\/upcycling-the-oceans-accord-signe-avec-la-fondation-ecoalf\\\/\"},\"wordCount\":457,\"commentCount\":0,\"publisher\":{\"@id\":\"https:\\\/\\\/www.synthesia.com\\\/fr\\\/#organization\"},\"image\":{\"@id\":\"https:\\\/\\\/www.synthesia.com\\\/fr\\\/upcycling-the-oceans-accord-signe-avec-la-fondation-ecoalf\\\/#primaryimage\"},\"thumbnailUrl\":\"https:\\\/\\\/www.synthesia.com\\\/wp-content\\\/uploads\\\/2019\\\/04\\\/oceanic-plastic.jpg\",\"articleSection\":[\"Non classifi\u00e9(e)\"],\"inLanguage\":\"fr-FR\",\"potentialAction\":[{\"@type\":\"CommentAction\",\"name\":\"Comment\",\"target\":[\"https:\\\/\\\/www.synthesia.com\\\/fr\\\/upcycling-the-oceans-accord-signe-avec-la-fondation-ecoalf\\\/#respond\"]}]},{\"@type\":\"WebPage\",\"@id\":\"https:\\\/\\\/www.synthesia.com\\\/fr\\\/upcycling-the-oceans-accord-signe-avec-la-fondation-ecoalf\\\/\",\"url\":\"https:\\\/\\\/www.synthesia.com\\\/fr\\\/upcycling-the-oceans-accord-signe-avec-la-fondation-ecoalf\\\/\",\"name\":\"Upcycling the Oceans | Accord sign\u00e9 avec la Fondation Ecoalf - Synthesia\",\"isPartOf\":{\"@id\":\"https:\\\/\\\/www.synthesia.com\\\/fr\\\/#website\"},\"primaryImageOfPage\":{\"@id\":\"https:\\\/\\\/www.synthesia.com\\\/fr\\\/upcycling-the-oceans-accord-signe-avec-la-fondation-ecoalf\\\/#primaryimage\"},\"image\":{\"@id\":\"https:\\\/\\\/www.synthesia.com\\\/fr\\\/upcycling-the-oceans-accord-signe-avec-la-fondation-ecoalf\\\/#primaryimage\"},\"thumbnailUrl\":\"https:\\\/\\\/www.synthesia.com\\\/wp-content\\\/uploads\\\/2019\\\/04\\\/oceanic-plastic.jpg\",\"datePublished\":\"2019-04-04T09:29:12+00:00\",\"dateModified\":\"2022-04-08T12:20:22+00:00\",\"description\":\"Synthesia s'associe \u00e0 une initiative de nettoyage des oc\u00e9ans visant \u00e0 donner une nouvelle vie aux d\u00e9bris marins gr\u00e2ce au recyclage.\",\"breadcrumb\":{\"@id\":\"https:\\\/\\\/www.synthesia.com\\\/fr\\\/upcycling-the-oceans-accord-signe-avec-la-fondation-ecoalf\\\/#breadcrumb\"},\"inLanguage\":\"fr-FR\",\"potentialAction\":[{\"@type\":\"ReadAction\",\"target\":[\"https:\\\/\\\/www.synthesia.com\\\/fr\\\/upcycling-the-oceans-accord-signe-avec-la-fondation-ecoalf\\\/\"]}]},{\"@type\":\"ImageObject\",\"inLanguage\":\"fr-FR\",\"@id\":\"https:\\\/\\\/www.synthesia.com\\\/fr\\\/upcycling-the-oceans-accord-signe-avec-la-fondation-ecoalf\\\/#primaryimage\",\"url\":\"https:\\\/\\\/www.synthesia.com\\\/wp-content\\\/uploads\\\/2019\\\/04\\\/oceanic-plastic.jpg\",\"contentUrl\":\"https:\\\/\\\/www.synthesia.com\\\/wp-content\\\/uploads\\\/2019\\\/04\\\/oceanic-plastic.jpg\",\"width\":1200,\"height\":800},{\"@type\":\"BreadcrumbList\",\"@id\":\"https:\\\/\\\/www.synthesia.com\\\/fr\\\/upcycling-the-oceans-accord-signe-avec-la-fondation-ecoalf\\\/#breadcrumb\",\"itemListElement\":[{\"@type\":\"ListItem\",\"position\":1,\"name\":\"Portada\",\"item\":\"https:\\\/\\\/www.synthesia.com\\\/fr\\\/\"},{\"@type\":\"ListItem\",\"position\":2,\"name\":\"Upcycling the Oceans | Accord sign\u00e9 avec la Fondation Ecoalf\"}]},{\"@type\":\"WebSite\",\"@id\":\"https:\\\/\\\/www.synthesia.com\\\/fr\\\/#website\",\"url\":\"https:\\\/\\\/www.synthesia.com\\\/fr\\\/\",\"name\":\"Synthesia\",\"description\":\"\",\"publisher\":{\"@id\":\"https:\\\/\\\/www.synthesia.com\\\/fr\\\/#organization\"},\"potentialAction\":[{\"@type\":\"SearchAction\",\"target\":{\"@type\":\"EntryPoint\",\"urlTemplate\":\"https:\\\/\\\/www.synthesia.com\\\/fr\\\/?s={search_term_string}\"},\"query-input\":{\"@type\":\"PropertyValueSpecification\",\"valueRequired\":true,\"valueName\":\"search_term_string\"}}],\"inLanguage\":\"fr-FR\"},{\"@type\":\"Organization\",\"@id\":\"https:\\\/\\\/www.synthesia.com\\\/fr\\\/#organization\",\"name\":\"Synthesia Technology S.L.U\",\"url\":\"https:\\\/\\\/www.synthesia.com\\\/fr\\\/\",\"logo\":{\"@type\":\"ImageObject\",\"inLanguage\":\"fr-FR\",\"@id\":\"https:\\\/\\\/www.synthesia.com\\\/fr\\\/#\\\/schema\\\/logo\\\/image\\\/\",\"url\":\"https:\\\/\\\/www.synthesia.com\\\/wp-content\\\/uploads\\\/2020\\\/09\\\/cropped-synthesia-technology-logo.png\",\"contentUrl\":\"https:\\\/\\\/www.synthesia.com\\\/wp-content\\\/uploads\\\/2020\\\/09\\\/cropped-synthesia-technology-logo.png\",\"width\":198,\"height\":67,\"caption\":\"Synthesia Technology S.L.U\"},\"image\":{\"@id\":\"https:\\\/\\\/www.synthesia.com\\\/fr\\\/#\\\/schema\\\/logo\\\/image\\\/\"}},{\"@type\":\"Person\",\"@id\":\"https:\\\/\\\/www.synthesia.com\\\/fr\\\/#\\\/schema\\\/person\\\/66021a5a78e3b537466112d2fd58058f\",\"name\":\"synthemaratum\",\"sameAs\":[\"https:\\\/\\\/www.synthesiadev.com\"]}]}<\/script>\n<!-- \/ Yoast SEO plugin. -->","yoast_head_json":{"title":"Upcycling the Oceans | Accord sign\u00e9 avec la Fondation Ecoalf - Synthesia","description":"Synthesia s'associe \u00e0 une initiative de nettoyage des oc\u00e9ans visant \u00e0 donner une nouvelle vie aux d\u00e9bris marins gr\u00e2ce au recyclage.","robots":{"index":"noindex","follow":"follow"},"og_locale":"fr_FR","og_type":"article","og_title":"Upcycling the Oceans | Accord sign\u00e9 avec la Fondation Ecoalf - Synthesia","og_description":"Synthesia s'associe \u00e0 une initiative de nettoyage des oc\u00e9ans visant \u00e0 donner une nouvelle vie aux d\u00e9bris marins gr\u00e2ce au recyclage.","og_url":"https:\/\/www.synthesia.com\/fr\/upcycling-the-oceans-accord-signe-avec-la-fondation-ecoalf\/","og_site_name":"Synthesia","article_published_time":"2019-04-04T09:29:12+00:00","article_modified_time":"2022-04-08T12:20:22+00:00","og_image":[{"width":1200,"height":800,"url":"https:\/\/www.synthesia.com\/wp-content\/uploads\/2019\/04\/oceanic-plastic.jpg","type":"image\/jpeg"}],"author":"synthemaratum","twitter_card":"summary_large_image","twitter_misc":{"\u00c9crit par":"synthemaratum","Dur\u00e9e de lecture estim\u00e9e":"3 minutes"},"schema":{"@context":"https:\/\/schema.org","@graph":[{"@type":"Article","@id":"https:\/\/www.synthesia.com\/fr\/upcycling-the-oceans-accord-signe-avec-la-fondation-ecoalf\/#article","isPartOf":{"@id":"https:\/\/www.synthesia.com\/fr\/upcycling-the-oceans-accord-signe-avec-la-fondation-ecoalf\/"},"author":{"name":"synthemaratum","@id":"https:\/\/www.synthesia.com\/fr\/#\/schema\/person\/66021a5a78e3b537466112d2fd58058f"},"headline":"Upcycling the Oceans | Accord sign\u00e9 avec la Fondation Ecoalf","datePublished":"2019-04-04T09:29:12+00:00","dateModified":"2022-04-08T12:20:22+00:00","mainEntityOfPage":{"@id":"https:\/\/www.synthesia.com\/fr\/upcycling-the-oceans-accord-signe-avec-la-fondation-ecoalf\/"},"wordCount":457,"commentCount":0,"publisher":{"@id":"https:\/\/www.synthesia.com\/fr\/#organization"},"image":{"@id":"https:\/\/www.synthesia.com\/fr\/upcycling-the-oceans-accord-signe-avec-la-fondation-ecoalf\/#primaryimage"},"thumbnailUrl":"https:\/\/www.synthesia.com\/wp-content\/uploads\/2019\/04\/oceanic-plastic.jpg","articleSection":["Non classifi\u00e9(e)"],"inLanguage":"fr-FR","potentialAction":[{"@type":"CommentAction","name":"Comment","target":["https:\/\/www.synthesia.com\/fr\/upcycling-the-oceans-accord-signe-avec-la-fondation-ecoalf\/#respond"]}]},{"@type":"WebPage","@id":"https:\/\/www.synthesia.com\/fr\/upcycling-the-oceans-accord-signe-avec-la-fondation-ecoalf\/","url":"https:\/\/www.synthesia.com\/fr\/upcycling-the-oceans-accord-signe-avec-la-fondation-ecoalf\/","name":"Upcycling the Oceans | Accord sign\u00e9 avec la Fondation Ecoalf - Synthesia","isPartOf":{"@id":"https:\/\/www.synthesia.com\/fr\/#website"},"primaryImageOfPage":{"@id":"https:\/\/www.synthesia.com\/fr\/upcycling-the-oceans-accord-signe-avec-la-fondation-ecoalf\/#primaryimage"},"image":{"@id":"https:\/\/www.synthesia.com\/fr\/upcycling-the-oceans-accord-signe-avec-la-fondation-ecoalf\/#primaryimage"},"thumbnailUrl":"https:\/\/www.synthesia.com\/wp-content\/uploads\/2019\/04\/oceanic-plastic.jpg","datePublished":"2019-04-04T09:29:12+00:00","dateModified":"2022-04-08T12:20:22+00:00","description":"Synthesia s'associe \u00e0 une initiative de nettoyage des oc\u00e9ans visant \u00e0 donner une nouvelle vie aux d\u00e9bris marins gr\u00e2ce au recyclage.","breadcrumb":{"@id":"https:\/\/www.synthesia.com\/fr\/upcycling-the-oceans-accord-signe-avec-la-fondation-ecoalf\/#breadcrumb"},"inLanguage":"fr-FR","potentialAction":[{"@type":"ReadAction","target":["https:\/\/www.synthesia.com\/fr\/upcycling-the-oceans-accord-signe-avec-la-fondation-ecoalf\/"]}]},{"@type":"ImageObject","inLanguage":"fr-FR","@id":"https:\/\/www.synthesia.com\/fr\/upcycling-the-oceans-accord-signe-avec-la-fondation-ecoalf\/#primaryimage","url":"https:\/\/www.synthesia.com\/wp-content\/uploads\/2019\/04\/oceanic-plastic.jpg","contentUrl":"https:\/\/www.synthesia.com\/wp-content\/uploads\/2019\/04\/oceanic-plastic.jpg","width":1200,"height":800},{"@type":"BreadcrumbList","@id":"https:\/\/www.synthesia.com\/fr\/upcycling-the-oceans-accord-signe-avec-la-fondation-ecoalf\/#breadcrumb","itemListElement":[{"@type":"ListItem","position":1,"name":"Portada","item":"https:\/\/www.synthesia.com\/fr\/"},{"@type":"ListItem","position":2,"name":"Upcycling the Oceans | Accord sign\u00e9 avec la Fondation Ecoalf"}]},{"@type":"WebSite","@id":"https:\/\/www.synthesia.com\/fr\/#website","url":"https:\/\/www.synthesia.com\/fr\/","name":"Synthesia","description":"","publisher":{"@id":"https:\/\/www.synthesia.com\/fr\/#organization"},"potentialAction":[{"@type":"SearchAction","target":{"@type":"EntryPoint","urlTemplate":"https:\/\/www.synthesia.com\/fr\/?s={search_term_string}"},"query-input":{"@type":"PropertyValueSpecification","valueRequired":true,"valueName":"search_term_string"}}],"inLanguage":"fr-FR"},{"@type":"Organization","@id":"https:\/\/www.synthesia.com\/fr\/#organization","name":"Synthesia Technology S.L.U","url":"https:\/\/www.synthesia.com\/fr\/","logo":{"@type":"ImageObject","inLanguage":"fr-FR","@id":"https:\/\/www.synthesia.com\/fr\/#\/schema\/logo\/image\/","url":"https:\/\/www.synthesia.com\/wp-content\/uploads\/2020\/09\/cropped-synthesia-technology-logo.png","contentUrl":"https:\/\/www.synthesia.com\/wp-content\/uploads\/2020\/09\/cropped-synthesia-technology-logo.png","width":198,"height":67,"caption":"Synthesia Technology S.L.U"},"image":{"@id":"https:\/\/www.synthesia.com\/fr\/#\/schema\/logo\/image\/"}},{"@type":"Person","@id":"https:\/\/www.synthesia.com\/fr\/#\/schema\/person\/66021a5a78e3b537466112d2fd58058f","name":"synthemaratum","sameAs":["https:\/\/www.synthesiadev.com"]}]}},"_links":{"self":[{"href":"https:\/\/www.synthesia.com\/fr\/wp-json\/wp\/v2\/posts\/11330","targetHints":{"allow":["GET"]}}],"collection":[{"href":"https:\/\/www.synthesia.com\/fr\/wp-json\/wp\/v2\/posts"}],"about":[{"href":"https:\/\/www.synthesia.com\/fr\/wp-json\/wp\/v2\/types\/post"}],"author":[{"embeddable":true,"href":"https:\/\/www.synthesia.com\/fr\/wp-json\/wp\/v2\/users\/1"}],"replies":[{"embeddable":true,"href":"https:\/\/www.synthesia.com\/fr\/wp-json\/wp\/v2\/comments?post=11330"}],"version-history":[{"count":9,"href":"https:\/\/www.synthesia.com\/fr\/wp-json\/wp\/v2\/posts\/11330\/revisions"}],"predecessor-version":[{"id":18506,"href":"https:\/\/www.synthesia.com\/fr\/wp-json\/wp\/v2\/posts\/11330\/revisions\/18506"}],"wp:featuredmedia":[{"embeddable":true,"href":"https:\/\/www.synthesia.com\/fr\/wp-json\/wp\/v2\/media\/11332"}],"wp:attachment":[{"href":"https:\/\/www.synthesia.com\/fr\/wp-json\/wp\/v2\/media?parent=11330"}],"wp:term":[{"taxonomy":"category","embeddable":true,"href":"https:\/\/www.synthesia.com\/fr\/wp-json\/wp\/v2\/categories?post=11330"},{"taxonomy":"post_tag","embeddable":true,"href":"https:\/\/www.synthesia.com\/fr\/wp-json\/wp\/v2\/tags?post=11330"}],"curies":[{"name":"wp","href":"https:\/\/api.w.org\/{rel}","templated":true}]}}