{"id":11316,"date":"2020-09-17T08:00:44","date_gmt":"2020-09-17T08:00:44","guid":{"rendered":"https:\/\/www.synthesia.com\/operations-team-meeting-9-2020\/"},"modified":"2021-10-22T07:38:24","modified_gmt":"2021-10-22T07:38:24","slug":"reunion-de-lequipe-chargee-des-operations-septembre-2020","status":"publish","type":"post","link":"https:\/\/www.synthesia.com\/fr\/reunion-de-lequipe-chargee-des-operations-septembre-2020\/","title":{"rendered":"R\u00e9union de l&rsquo;\u00e9quipe charg\u00e9e des op\u00e9rations &#8211; Septembre 2020"},"content":{"rendered":"<p>L&rsquo;\u00e9quipe des responsables des op\u00e9rations de Synthesia\u00a0Technology s&rsquo;est r\u00e9unie pour une journ\u00e9e d&rsquo;\u00e9valuation de la progression dans le cadre du Projet global des op\u00e9rations.<\/p>\n<p>Au mois de septembre\u00a02020, l&rsquo;\u00e9quipe des responsables des op\u00e9rations de Synthesia\u00a0Technology s&rsquo;est r\u00e9unie pour une journ\u00e9e d&rsquo;\u00e9valuation de la progression dans le cadre du Projet global des op\u00e9rations. Ce projet met l&rsquo;accent sur les domaines de la s\u00e9curit\u00e9, de la productivit\u00e9, des projets, de la maintenance et de la gestion des talents.<\/p>\n<p>Les effectifs des usines de Castellbisbal et de La Llagosta (Catalogne) ont \u00e9galement pris part \u00e0 cette r\u00e9union. Cette derni\u00e8re visait surtout \u00e0 g\u00e9n\u00e9rer des synergies au sein du groupe, \u00e0 impliquer ses membres et \u00e0 partager des exp\u00e9riences pour resserrer les liens et promouvoir les interactions humaines de mani\u00e8re efficace dans une ambiance agr\u00e9able.<\/p>\n<p>Ce type d&rsquo;activit\u00e9s permet d&rsquo;am\u00e9liorer la dynamique d&rsquo;\u00e9quipe et les relations personnelles et professionnelles, tout en encourageant l&rsquo;implication et la collaboration. Le tout dans un seul objectif\u00a0: promouvoir l&rsquo;engagement et l&rsquo;am\u00e9lioration continue. La r\u00e9union a abord\u00e9 des sujets cruciaux comme la s\u00e9curit\u00e9 (objectifs et pr\u00e9visions) et l&rsquo;introduction du syst\u00e8me de s\u00e9curit\u00e9 LOTO (Lockout-Tagout) qui sera mis en \u0153uvre dans les usines de Castellbisbal et de La Llagosta (Catalogne).<\/p>\n<p>Ce fut \u00e9galement l&rsquo;occasion de pr\u00e9senter le plan op\u00e9rationnel 2020-2021 et d&rsquo;analyser la structure, la m\u00e9thodologie et l&rsquo;am\u00e9lioration des actions men\u00e9es par les domaines de la maintenance et de l&rsquo;ing\u00e9nierie au sein de l&rsquo;entreprise. Cette r\u00e9union a \u00e9galement permis de partager les priorit\u00e9s et les m\u00e9thodes de travail actuelles et \u00e0 venir, mais aussi de rappeler les objectifs et les sujets rev\u00eatant un int\u00e9r\u00eat particulier pour les op\u00e9rations du groupe.<\/p>\n<p>En r\u00e9sum\u00e9, il s&rsquo;agit d&rsquo;un point de d\u00e9part pour \u00e9tablir une strat\u00e9gie destin\u00e9e au domaine des op\u00e9rations en fonction des besoins actuels et \u00e0 venir de l&rsquo;entreprise et du march\u00e9.<\/p>\n","protected":false},"excerpt":{"rendered":"<p>L&rsquo;\u00e9quipe des responsables des op\u00e9rations Synth\u00e9sia Technology s&rsquo;est r\u00e9unie pour une journ\u00e9e d&rsquo;\u00e9valuation de la progression dans le cadre du Projet global des op\u00e9rations.<\/p>\n","protected":false},"author":5,"featured_media":11317,"comment_status":"open","ping_status":"open","sticky":false,"template":"","format":"standard","meta":{"content-type":"","footnotes":""},"categories":[36],"tags":[],"class_list":["post-11316","post","type-post","status-publish","format-standard","has-post-thumbnail","hentry","category-actualites"],"yoast_head":"<!-- This site is optimized with the Yoast SEO plugin v28.3 - https:\/\/yoast.com\/product\/yoast-seo-wordpress\/ -->\n<title>R\u00e9union de l&#039;\u00e9quipe charg\u00e9e des op\u00e9rations - Septembre 2020 - Synthesia<\/title>\n<meta name=\"description\" content=\"L&#039;\u00e9quipe des responsables des op\u00e9rations Synth\u00e9sia Technology s&#039;est r\u00e9unie pour une journ\u00e9e d&#039;\u00e9valuation de la progression dans le cadre du Projet global des op\u00e9rations.\" \/>\n<meta name=\"robots\" content=\"noindex, follow\" \/>\n<meta property=\"og:locale\" content=\"fr_FR\" \/>\n<meta property=\"og:type\" content=\"article\" \/>\n<meta property=\"og:title\" content=\"R\u00e9union de l&#039;\u00e9quipe charg\u00e9e des op\u00e9rations - Septembre 2020 - Synthesia\" \/>\n<meta property=\"og:description\" content=\"L&#039;\u00e9quipe des responsables des op\u00e9rations Synth\u00e9sia Technology s&#039;est r\u00e9unie pour une journ\u00e9e d&#039;\u00e9valuation de la progression dans le cadre du Projet global des op\u00e9rations.\" \/>\n<meta property=\"og:url\" content=\"https:\/\/www.synthesia.com\/fr\/reunion-de-lequipe-chargee-des-operations-septembre-2020\/\" \/>\n<meta property=\"og:site_name\" content=\"Synthesia\" \/>\n<meta property=\"article:published_time\" content=\"2020-09-17T08:00:44+00:00\" \/>\n<meta property=\"article:modified_time\" content=\"2021-10-22T07:38:24+00:00\" \/>\n<meta property=\"og:image\" content=\"https:\/\/www.synthesia.com\/wp-content\/uploads\/2021\/05\/reunion-equipo-operaciones-9-2020-01.jpg\" \/>\n\t<meta property=\"og:image:width\" content=\"800\" \/>\n\t<meta property=\"og:image:height\" content=\"534\" \/>\n\t<meta property=\"og:image:type\" content=\"image\/jpeg\" \/>\n<meta name=\"author\" content=\"maratum\" \/>\n<meta name=\"twitter:card\" content=\"summary_large_image\" \/>\n<meta name=\"twitter:label1\" content=\"\u00c9crit par\" \/>\n\t<meta name=\"twitter:data1\" content=\"maratum\" \/>\n\t<meta name=\"twitter:label2\" content=\"Dur\u00e9e de lecture estim\u00e9e\" \/>\n\t<meta name=\"twitter:data2\" content=\"2 minutes\" \/>\n<script type=\"application\/ld+json\" class=\"yoast-schema-graph\">{\"@context\":\"https:\\\/\\\/schema.org\",\"@graph\":[{\"@type\":\"Article\",\"@id\":\"https:\\\/\\\/www.synthesia.com\\\/fr\\\/reunion-de-lequipe-chargee-des-operations-septembre-2020\\\/#article\",\"isPartOf\":{\"@id\":\"https:\\\/\\\/www.synthesia.com\\\/fr\\\/reunion-de-lequipe-chargee-des-operations-septembre-2020\\\/\"},\"author\":{\"name\":\"maratum\",\"@id\":\"https:\\\/\\\/www.synthesia.com\\\/fr\\\/#\\\/schema\\\/person\\\/d1efac9168167b1d64ec022161621e21\"},\"headline\":\"R\u00e9union de l&rsquo;\u00e9quipe charg\u00e9e des op\u00e9rations &#8211; Septembre 2020\",\"datePublished\":\"2020-09-17T08:00:44+00:00\",\"dateModified\":\"2021-10-22T07:38:24+00:00\",\"mainEntityOfPage\":{\"@id\":\"https:\\\/\\\/www.synthesia.com\\\/fr\\\/reunion-de-lequipe-chargee-des-operations-septembre-2020\\\/\"},\"wordCount\":371,\"commentCount\":0,\"publisher\":{\"@id\":\"https:\\\/\\\/www.synthesia.com\\\/fr\\\/#organization\"},\"image\":{\"@id\":\"https:\\\/\\\/www.synthesia.com\\\/fr\\\/reunion-de-lequipe-chargee-des-operations-septembre-2020\\\/#primaryimage\"},\"thumbnailUrl\":\"https:\\\/\\\/www.synthesia.com\\\/wp-content\\\/uploads\\\/2021\\\/05\\\/reunion-equipo-operaciones-9-2020-01.jpg\",\"articleSection\":[\"Actualit\u00e9s\"],\"inLanguage\":\"fr-FR\",\"potentialAction\":[{\"@type\":\"CommentAction\",\"name\":\"Comment\",\"target\":[\"https:\\\/\\\/www.synthesia.com\\\/fr\\\/reunion-de-lequipe-chargee-des-operations-septembre-2020\\\/#respond\"]}]},{\"@type\":\"WebPage\",\"@id\":\"https:\\\/\\\/www.synthesia.com\\\/fr\\\/reunion-de-lequipe-chargee-des-operations-septembre-2020\\\/\",\"url\":\"https:\\\/\\\/www.synthesia.com\\\/fr\\\/reunion-de-lequipe-chargee-des-operations-septembre-2020\\\/\",\"name\":\"R\u00e9union de l'\u00e9quipe charg\u00e9e des op\u00e9rations - Septembre 2020 - Synthesia\",\"isPartOf\":{\"@id\":\"https:\\\/\\\/www.synthesia.com\\\/fr\\\/#website\"},\"primaryImageOfPage\":{\"@id\":\"https:\\\/\\\/www.synthesia.com\\\/fr\\\/reunion-de-lequipe-chargee-des-operations-septembre-2020\\\/#primaryimage\"},\"image\":{\"@id\":\"https:\\\/\\\/www.synthesia.com\\\/fr\\\/reunion-de-lequipe-chargee-des-operations-septembre-2020\\\/#primaryimage\"},\"thumbnailUrl\":\"https:\\\/\\\/www.synthesia.com\\\/wp-content\\\/uploads\\\/2021\\\/05\\\/reunion-equipo-operaciones-9-2020-01.jpg\",\"datePublished\":\"2020-09-17T08:00:44+00:00\",\"dateModified\":\"2021-10-22T07:38:24+00:00\",\"description\":\"L'\u00e9quipe des responsables des op\u00e9rations Synth\u00e9sia Technology s'est r\u00e9unie pour une journ\u00e9e d'\u00e9valuation de la progression dans le cadre du Projet global des op\u00e9rations.\",\"breadcrumb\":{\"@id\":\"https:\\\/\\\/www.synthesia.com\\\/fr\\\/reunion-de-lequipe-chargee-des-operations-septembre-2020\\\/#breadcrumb\"},\"inLanguage\":\"fr-FR\",\"potentialAction\":[{\"@type\":\"ReadAction\",\"target\":[\"https:\\\/\\\/www.synthesia.com\\\/fr\\\/reunion-de-lequipe-chargee-des-operations-septembre-2020\\\/\"]}]},{\"@type\":\"ImageObject\",\"inLanguage\":\"fr-FR\",\"@id\":\"https:\\\/\\\/www.synthesia.com\\\/fr\\\/reunion-de-lequipe-chargee-des-operations-septembre-2020\\\/#primaryimage\",\"url\":\"https:\\\/\\\/www.synthesia.com\\\/wp-content\\\/uploads\\\/2021\\\/05\\\/reunion-equipo-operaciones-9-2020-01.jpg\",\"contentUrl\":\"https:\\\/\\\/www.synthesia.com\\\/wp-content\\\/uploads\\\/2021\\\/05\\\/reunion-equipo-operaciones-9-2020-01.jpg\",\"width\":800,\"height\":534},{\"@type\":\"BreadcrumbList\",\"@id\":\"https:\\\/\\\/www.synthesia.com\\\/fr\\\/reunion-de-lequipe-chargee-des-operations-septembre-2020\\\/#breadcrumb\",\"itemListElement\":[{\"@type\":\"ListItem\",\"position\":1,\"name\":\"Portada\",\"item\":\"https:\\\/\\\/www.synthesia.com\\\/fr\\\/\"},{\"@type\":\"ListItem\",\"position\":2,\"name\":\"R\u00e9union de l&#8217;\u00e9quipe charg\u00e9e des op\u00e9rations &#8211; Septembre 2020\"}]},{\"@type\":\"WebSite\",\"@id\":\"https:\\\/\\\/www.synthesia.com\\\/fr\\\/#website\",\"url\":\"https:\\\/\\\/www.synthesia.com\\\/fr\\\/\",\"name\":\"Synthesia\",\"description\":\"\",\"publisher\":{\"@id\":\"https:\\\/\\\/www.synthesia.com\\\/fr\\\/#organization\"},\"potentialAction\":[{\"@type\":\"SearchAction\",\"target\":{\"@type\":\"EntryPoint\",\"urlTemplate\":\"https:\\\/\\\/www.synthesia.com\\\/fr\\\/?s={search_term_string}\"},\"query-input\":{\"@type\":\"PropertyValueSpecification\",\"valueRequired\":true,\"valueName\":\"search_term_string\"}}],\"inLanguage\":\"fr-FR\"},{\"@type\":\"Organization\",\"@id\":\"https:\\\/\\\/www.synthesia.com\\\/fr\\\/#organization\",\"name\":\"Synthesia Technology S.L.U\",\"url\":\"https:\\\/\\\/www.synthesia.com\\\/fr\\\/\",\"logo\":{\"@type\":\"ImageObject\",\"inLanguage\":\"fr-FR\",\"@id\":\"https:\\\/\\\/www.synthesia.com\\\/fr\\\/#\\\/schema\\\/logo\\\/image\\\/\",\"url\":\"https:\\\/\\\/www.synthesia.com\\\/wp-content\\\/uploads\\\/2020\\\/09\\\/cropped-synthesia-technology-logo.png\",\"contentUrl\":\"https:\\\/\\\/www.synthesia.com\\\/wp-content\\\/uploads\\\/2020\\\/09\\\/cropped-synthesia-technology-logo.png\",\"width\":198,\"height\":67,\"caption\":\"Synthesia Technology S.L.U\"},\"image\":{\"@id\":\"https:\\\/\\\/www.synthesia.com\\\/fr\\\/#\\\/schema\\\/logo\\\/image\\\/\"}},{\"@type\":\"Person\",\"@id\":\"https:\\\/\\\/www.synthesia.com\\\/fr\\\/#\\\/schema\\\/person\\\/d1efac9168167b1d64ec022161621e21\",\"name\":\"maratum\"}]}<\/script>\n<!-- \/ Yoast SEO plugin. -->","yoast_head_json":{"title":"R\u00e9union de l'\u00e9quipe charg\u00e9e des op\u00e9rations - Septembre 2020 - Synthesia","description":"L'\u00e9quipe des responsables des op\u00e9rations Synth\u00e9sia Technology s'est r\u00e9unie pour une journ\u00e9e d'\u00e9valuation de la progression dans le cadre du Projet global des op\u00e9rations.","robots":{"index":"noindex","follow":"follow"},"og_locale":"fr_FR","og_type":"article","og_title":"R\u00e9union de l'\u00e9quipe charg\u00e9e des op\u00e9rations - Septembre 2020 - Synthesia","og_description":"L'\u00e9quipe des responsables des op\u00e9rations Synth\u00e9sia Technology s'est r\u00e9unie pour une journ\u00e9e d'\u00e9valuation de la progression dans le cadre du Projet global des op\u00e9rations.","og_url":"https:\/\/www.synthesia.com\/fr\/reunion-de-lequipe-chargee-des-operations-septembre-2020\/","og_site_name":"Synthesia","article_published_time":"2020-09-17T08:00:44+00:00","article_modified_time":"2021-10-22T07:38:24+00:00","og_image":[{"width":800,"height":534,"url":"https:\/\/www.synthesia.com\/wp-content\/uploads\/2021\/05\/reunion-equipo-operaciones-9-2020-01.jpg","type":"image\/jpeg"}],"author":"maratum","twitter_card":"summary_large_image","twitter_misc":{"\u00c9crit par":"maratum","Dur\u00e9e de lecture estim\u00e9e":"2 minutes"},"schema":{"@context":"https:\/\/schema.org","@graph":[{"@type":"Article","@id":"https:\/\/www.synthesia.com\/fr\/reunion-de-lequipe-chargee-des-operations-septembre-2020\/#article","isPartOf":{"@id":"https:\/\/www.synthesia.com\/fr\/reunion-de-lequipe-chargee-des-operations-septembre-2020\/"},"author":{"name":"maratum","@id":"https:\/\/www.synthesia.com\/fr\/#\/schema\/person\/d1efac9168167b1d64ec022161621e21"},"headline":"R\u00e9union de l&rsquo;\u00e9quipe charg\u00e9e des op\u00e9rations &#8211; Septembre 2020","datePublished":"2020-09-17T08:00:44+00:00","dateModified":"2021-10-22T07:38:24+00:00","mainEntityOfPage":{"@id":"https:\/\/www.synthesia.com\/fr\/reunion-de-lequipe-chargee-des-operations-septembre-2020\/"},"wordCount":371,"commentCount":0,"publisher":{"@id":"https:\/\/www.synthesia.com\/fr\/#organization"},"image":{"@id":"https:\/\/www.synthesia.com\/fr\/reunion-de-lequipe-chargee-des-operations-septembre-2020\/#primaryimage"},"thumbnailUrl":"https:\/\/www.synthesia.com\/wp-content\/uploads\/2021\/05\/reunion-equipo-operaciones-9-2020-01.jpg","articleSection":["Actualit\u00e9s"],"inLanguage":"fr-FR","potentialAction":[{"@type":"CommentAction","name":"Comment","target":["https:\/\/www.synthesia.com\/fr\/reunion-de-lequipe-chargee-des-operations-septembre-2020\/#respond"]}]},{"@type":"WebPage","@id":"https:\/\/www.synthesia.com\/fr\/reunion-de-lequipe-chargee-des-operations-septembre-2020\/","url":"https:\/\/www.synthesia.com\/fr\/reunion-de-lequipe-chargee-des-operations-septembre-2020\/","name":"R\u00e9union de l'\u00e9quipe charg\u00e9e des op\u00e9rations - Septembre 2020 - Synthesia","isPartOf":{"@id":"https:\/\/www.synthesia.com\/fr\/#website"},"primaryImageOfPage":{"@id":"https:\/\/www.synthesia.com\/fr\/reunion-de-lequipe-chargee-des-operations-septembre-2020\/#primaryimage"},"image":{"@id":"https:\/\/www.synthesia.com\/fr\/reunion-de-lequipe-chargee-des-operations-septembre-2020\/#primaryimage"},"thumbnailUrl":"https:\/\/www.synthesia.com\/wp-content\/uploads\/2021\/05\/reunion-equipo-operaciones-9-2020-01.jpg","datePublished":"2020-09-17T08:00:44+00:00","dateModified":"2021-10-22T07:38:24+00:00","description":"L'\u00e9quipe des responsables des op\u00e9rations Synth\u00e9sia Technology s'est r\u00e9unie pour une journ\u00e9e d'\u00e9valuation de la progression dans le cadre du Projet global des op\u00e9rations.","breadcrumb":{"@id":"https:\/\/www.synthesia.com\/fr\/reunion-de-lequipe-chargee-des-operations-septembre-2020\/#breadcrumb"},"inLanguage":"fr-FR","potentialAction":[{"@type":"ReadAction","target":["https:\/\/www.synthesia.com\/fr\/reunion-de-lequipe-chargee-des-operations-septembre-2020\/"]}]},{"@type":"ImageObject","inLanguage":"fr-FR","@id":"https:\/\/www.synthesia.com\/fr\/reunion-de-lequipe-chargee-des-operations-septembre-2020\/#primaryimage","url":"https:\/\/www.synthesia.com\/wp-content\/uploads\/2021\/05\/reunion-equipo-operaciones-9-2020-01.jpg","contentUrl":"https:\/\/www.synthesia.com\/wp-content\/uploads\/2021\/05\/reunion-equipo-operaciones-9-2020-01.jpg","width":800,"height":534},{"@type":"BreadcrumbList","@id":"https:\/\/www.synthesia.com\/fr\/reunion-de-lequipe-chargee-des-operations-septembre-2020\/#breadcrumb","itemListElement":[{"@type":"ListItem","position":1,"name":"Portada","item":"https:\/\/www.synthesia.com\/fr\/"},{"@type":"ListItem","position":2,"name":"R\u00e9union de l&#8217;\u00e9quipe charg\u00e9e des op\u00e9rations &#8211; Septembre 2020"}]},{"@type":"WebSite","@id":"https:\/\/www.synthesia.com\/fr\/#website","url":"https:\/\/www.synthesia.com\/fr\/","name":"Synthesia","description":"","publisher":{"@id":"https:\/\/www.synthesia.com\/fr\/#organization"},"potentialAction":[{"@type":"SearchAction","target":{"@type":"EntryPoint","urlTemplate":"https:\/\/www.synthesia.com\/fr\/?s={search_term_string}"},"query-input":{"@type":"PropertyValueSpecification","valueRequired":true,"valueName":"search_term_string"}}],"inLanguage":"fr-FR"},{"@type":"Organization","@id":"https:\/\/www.synthesia.com\/fr\/#organization","name":"Synthesia Technology S.L.U","url":"https:\/\/www.synthesia.com\/fr\/","logo":{"@type":"ImageObject","inLanguage":"fr-FR","@id":"https:\/\/www.synthesia.com\/fr\/#\/schema\/logo\/image\/","url":"https:\/\/www.synthesia.com\/wp-content\/uploads\/2020\/09\/cropped-synthesia-technology-logo.png","contentUrl":"https:\/\/www.synthesia.com\/wp-content\/uploads\/2020\/09\/cropped-synthesia-technology-logo.png","width":198,"height":67,"caption":"Synthesia Technology S.L.U"},"image":{"@id":"https:\/\/www.synthesia.com\/fr\/#\/schema\/logo\/image\/"}},{"@type":"Person","@id":"https:\/\/www.synthesia.com\/fr\/#\/schema\/person\/d1efac9168167b1d64ec022161621e21","name":"maratum"}]}},"_links":{"self":[{"href":"https:\/\/www.synthesia.com\/fr\/wp-json\/wp\/v2\/posts\/11316","targetHints":{"allow":["GET"]}}],"collection":[{"href":"https:\/\/www.synthesia.com\/fr\/wp-json\/wp\/v2\/posts"}],"about":[{"href":"https:\/\/www.synthesia.com\/fr\/wp-json\/wp\/v2\/types\/post"}],"author":[{"embeddable":true,"href":"https:\/\/www.synthesia.com\/fr\/wp-json\/wp\/v2\/users\/5"}],"replies":[{"embeddable":true,"href":"https:\/\/www.synthesia.com\/fr\/wp-json\/wp\/v2\/comments?post=11316"}],"version-history":[{"count":1,"href":"https:\/\/www.synthesia.com\/fr\/wp-json\/wp\/v2\/posts\/11316\/revisions"}],"predecessor-version":[{"id":11318,"href":"https:\/\/www.synthesia.com\/fr\/wp-json\/wp\/v2\/posts\/11316\/revisions\/11318"}],"wp:featuredmedia":[{"embeddable":true,"href":"https:\/\/www.synthesia.com\/fr\/wp-json\/wp\/v2\/media\/11317"}],"wp:attachment":[{"href":"https:\/\/www.synthesia.com\/fr\/wp-json\/wp\/v2\/media?parent=11316"}],"wp:term":[{"taxonomy":"category","embeddable":true,"href":"https:\/\/www.synthesia.com\/fr\/wp-json\/wp\/v2\/categories?post=11316"},{"taxonomy":"post_tag","embeddable":true,"href":"https:\/\/www.synthesia.com\/fr\/wp-json\/wp\/v2\/tags?post=11316"}],"curies":[{"name":"wp","href":"https:\/\/api.w.org\/{rel}","templated":true}]}}