{"id":11300,"date":"2020-12-22T16:40:15","date_gmt":"2020-12-22T16:40:15","guid":{"rendered":"https:\/\/www.synthesia.com\/synthesia-panama-celebrates-10-years\/"},"modified":"2021-10-22T07:18:00","modified_gmt":"2021-10-22T07:18:00","slug":"synthesia-panama-fete-ses-dix-ans","status":"publish","type":"post","link":"https:\/\/www.synthesia.com\/fr\/synthesia-panama-fete-ses-dix-ans\/","title":{"rendered":"Synthesia Panama f\u00eate ses dix ans"},"content":{"rendered":"<p>D\u00e9cembre 2020 est une date m\u00e9morable pour le groupe Synthesia Technology et plus particuli\u00e8rement pour notre \u00e9quipe panam\u00e9enne puisqu&rsquo;en 2010, il y a tout juste 10 ans, voyait le jour au Panama notre projet Synthesia Technology America.<\/p>\n<p>En 2010, notre PDG David Pajella, accompagn\u00e9 de deux collaborateurs, lance les activit\u00e9s de l&rsquo;entreprise depuis un petit sous-sol qui fait aussi office de bureaux.<\/p>\n<p>Les d\u00e9buts sont difficiles, mais il s&rsquo;agit pour le groupe Synthesia d&rsquo;un emplacement strat\u00e9gique qui va lui permettre de s&rsquo;implanter en Am\u00e9rique latine et dans les Cara\u00efbes. Cinq ans apr\u00e8s ses d\u00e9buts, ce qui n&rsquo;\u00e9tait au d\u00e9part qu&rsquo;une id\u00e9e rapporte d\u00e9sormais des millions de dollars. En utilisant le Panama comme centre des op\u00e9rations, l&rsquo;entreprise parvient \u00e0 ouvrir de nouvelles branches en Colombie, au P\u00e9rou, au Chili et au Mexique.<\/p>\n<p><img fetchpriority=\"high\" decoding=\"async\" class=\"alignnone size-full wp-image-3471\" src=\"https:\/\/www.synthesia.com\/wp-content\/uploads\/2021\/03\/PANAMA_Reactor_imagen1.jpg\" alt=\"\" width=\"640\" height=\"480\" srcset=\"https:\/\/www.synthesia.com\/wp-content\/uploads\/2021\/03\/PANAMA_Reactor_imagen1.jpg 640w, https:\/\/www.synthesia.com\/wp-content\/uploads\/2021\/03\/PANAMA_Reactor_imagen1-300x225.jpg 300w\" sizes=\"(max-width: 640px) 100vw, 640px\" \/><\/p>\n<p>En 2014, commence la construction de l&rsquo;usine actuelle dans la zone franche de Col\u00f3n et c&rsquo;est l\u00e0 que les effectifs se mettent \u00e0 cro\u00eetre de mani\u00e8re exponentielle pour atteindre actuellement 30 employ\u00e9s capables de produire plus de 10 000 tonnes.<\/p>\n<p>Au cours de ces 10 ans, l&rsquo;entreprise a connu des hauts et bas, mais malgr\u00e9 tout, elle est fi\u00e8re de tout ce qu&rsquo;elle a accompli tout au long de cette d\u00e9cennie gr\u00e2ce aux efforts et au travail d&rsquo;\u00e9quipe des membres de Synthesia Panama.<\/p>\n<p><img decoding=\"async\" class=\"alignnone size-full wp-image-3473\" src=\"https:\/\/www.synthesia.com\/wp-content\/uploads\/2021\/03\/PANAMA_Reactor_imagen2.jpg\" alt=\"\" width=\"640\" height=\"480\" srcset=\"https:\/\/www.synthesia.com\/wp-content\/uploads\/2021\/03\/PANAMA_Reactor_imagen2.jpg 640w, https:\/\/www.synthesia.com\/wp-content\/uploads\/2021\/03\/PANAMA_Reactor_imagen2-300x225.jpg 300w\" sizes=\"(max-width: 640px) 100vw, 640px\" \/><\/p>\n<p>Dans les ann\u00e9es qui viennent, nous esp\u00e9rons que cette belle \u00e9volution continuera sur sa lanc\u00e9e au sein de Synthesia Technology America, notamment gr\u00e2ce \u00e0 l&rsquo;installation au sein de l&rsquo;usine panam\u00e9enne d&rsquo;un r\u00e9acteur de 10 m3 destin\u00e9 \u00e0 la fabrication de polyesters. Ce dernier viendra donner un coup de pouce appr\u00e9ciable \u00e0 nos activit\u00e9s commerciales en raison de ses capacit\u00e9s d&rsquo;optimisation et de ses avantages logistiques.<\/p>\n<p>F\u00e9licitations \u00e0 l&rsquo;\u00e9quipe de Synthesia Panama qui a fait de ce beau projet une r\u00e9alit\u00e9 !<\/p>\n","protected":false},"excerpt":{"rendered":"<p>D\u00e9cembre 2020 marque le dixi\u00e8me anniversaire de l&rsquo;ouverture de notre usine au Panama, Synthesia Technology America.<\/p>\n","protected":false},"author":1,"featured_media":11302,"comment_status":"open","ping_status":"open","sticky":false,"template":"","format":"standard","meta":{"content-type":"","footnotes":""},"categories":[36],"tags":[],"class_list":["post-11300","post","type-post","status-publish","format-standard","has-post-thumbnail","hentry","category-actualites"],"yoast_head":"<!-- This site is optimized with the Yoast SEO plugin v28.3 - https:\/\/yoast.com\/product\/yoast-seo-wordpress\/ -->\n<title>Synthesia Panama f\u00eate ses dix ans - Synthesia<\/title>\n<meta name=\"description\" content=\"D\u00e9cembre 2020 marque le dixi\u00e8me anniversaire de l&#039;ouverture de notre usine au Panama, Synthesia Technology America.\" \/>\n<meta name=\"robots\" content=\"index, follow, max-snippet:-1, max-image-preview:large, max-video-preview:-1\" \/>\n<link rel=\"canonical\" href=\"https:\/\/www.synthesia.com\/fr\/synthesia-panama-fete-ses-dix-ans\/\" \/>\n<meta property=\"og:locale\" content=\"fr_FR\" \/>\n<meta property=\"og:type\" content=\"article\" \/>\n<meta property=\"og:title\" content=\"Synthesia Panama f\u00eate ses dix ans - Synthesia\" \/>\n<meta property=\"og:description\" content=\"D\u00e9cembre 2020 marque le dixi\u00e8me anniversaire de l&#039;ouverture de notre usine au Panama, Synthesia Technology America.\" \/>\n<meta property=\"og:url\" content=\"https:\/\/www.synthesia.com\/fr\/synthesia-panama-fete-ses-dix-ans\/\" \/>\n<meta property=\"og:site_name\" content=\"Synthesia\" \/>\n<meta property=\"article:published_time\" content=\"2020-12-22T16:40:15+00:00\" \/>\n<meta property=\"article:modified_time\" content=\"2021-10-22T07:18:00+00:00\" \/>\n<meta property=\"og:image\" content=\"https:\/\/www.synthesia.com\/wp-content\/uploads\/2020\/12\/synthesia-panama.jpg\" \/>\n\t<meta property=\"og:image:width\" content=\"1200\" \/>\n\t<meta property=\"og:image:height\" content=\"800\" \/>\n\t<meta property=\"og:image:type\" content=\"image\/jpeg\" \/>\n<meta name=\"author\" content=\"synthemaratum\" \/>\n<meta name=\"twitter:card\" content=\"summary_large_image\" \/>\n<meta name=\"twitter:label1\" content=\"\u00c9crit par\" \/>\n\t<meta name=\"twitter:data1\" content=\"synthemaratum\" \/>\n\t<meta name=\"twitter:label2\" content=\"Dur\u00e9e de lecture estim\u00e9e\" \/>\n\t<meta name=\"twitter:data2\" content=\"2 minutes\" \/>\n<script type=\"application\/ld+json\" class=\"yoast-schema-graph\">{\"@context\":\"https:\\\/\\\/schema.org\",\"@graph\":[{\"@type\":\"Article\",\"@id\":\"https:\\\/\\\/www.synthesia.com\\\/fr\\\/synthesia-panama-fete-ses-dix-ans\\\/#article\",\"isPartOf\":{\"@id\":\"https:\\\/\\\/www.synthesia.com\\\/fr\\\/synthesia-panama-fete-ses-dix-ans\\\/\"},\"author\":{\"name\":\"synthemaratum\",\"@id\":\"https:\\\/\\\/www.synthesia.com\\\/fr\\\/#\\\/schema\\\/person\\\/66021a5a78e3b537466112d2fd58058f\"},\"headline\":\"Synthesia Panama f\u00eate ses dix ans\",\"datePublished\":\"2020-12-22T16:40:15+00:00\",\"dateModified\":\"2021-10-22T07:18:00+00:00\",\"mainEntityOfPage\":{\"@id\":\"https:\\\/\\\/www.synthesia.com\\\/fr\\\/synthesia-panama-fete-ses-dix-ans\\\/\"},\"wordCount\":337,\"commentCount\":0,\"publisher\":{\"@id\":\"https:\\\/\\\/www.synthesia.com\\\/fr\\\/#organization\"},\"image\":{\"@id\":\"https:\\\/\\\/www.synthesia.com\\\/fr\\\/synthesia-panama-fete-ses-dix-ans\\\/#primaryimage\"},\"thumbnailUrl\":\"https:\\\/\\\/www.synthesia.com\\\/wp-content\\\/uploads\\\/2020\\\/12\\\/synthesia-panama.jpg\",\"articleSection\":[\"Actualit\u00e9s\"],\"inLanguage\":\"fr-FR\",\"potentialAction\":[{\"@type\":\"CommentAction\",\"name\":\"Comment\",\"target\":[\"https:\\\/\\\/www.synthesia.com\\\/fr\\\/synthesia-panama-fete-ses-dix-ans\\\/#respond\"]}]},{\"@type\":\"WebPage\",\"@id\":\"https:\\\/\\\/www.synthesia.com\\\/fr\\\/synthesia-panama-fete-ses-dix-ans\\\/\",\"url\":\"https:\\\/\\\/www.synthesia.com\\\/fr\\\/synthesia-panama-fete-ses-dix-ans\\\/\",\"name\":\"Synthesia Panama f\u00eate ses dix ans - Synthesia\",\"isPartOf\":{\"@id\":\"https:\\\/\\\/www.synthesia.com\\\/fr\\\/#website\"},\"primaryImageOfPage\":{\"@id\":\"https:\\\/\\\/www.synthesia.com\\\/fr\\\/synthesia-panama-fete-ses-dix-ans\\\/#primaryimage\"},\"image\":{\"@id\":\"https:\\\/\\\/www.synthesia.com\\\/fr\\\/synthesia-panama-fete-ses-dix-ans\\\/#primaryimage\"},\"thumbnailUrl\":\"https:\\\/\\\/www.synthesia.com\\\/wp-content\\\/uploads\\\/2020\\\/12\\\/synthesia-panama.jpg\",\"datePublished\":\"2020-12-22T16:40:15+00:00\",\"dateModified\":\"2021-10-22T07:18:00+00:00\",\"description\":\"D\u00e9cembre 2020 marque le dixi\u00e8me anniversaire de l'ouverture de notre usine au Panama, Synthesia Technology America.\",\"breadcrumb\":{\"@id\":\"https:\\\/\\\/www.synthesia.com\\\/fr\\\/synthesia-panama-fete-ses-dix-ans\\\/#breadcrumb\"},\"inLanguage\":\"fr-FR\",\"potentialAction\":[{\"@type\":\"ReadAction\",\"target\":[\"https:\\\/\\\/www.synthesia.com\\\/fr\\\/synthesia-panama-fete-ses-dix-ans\\\/\"]}]},{\"@type\":\"ImageObject\",\"inLanguage\":\"fr-FR\",\"@id\":\"https:\\\/\\\/www.synthesia.com\\\/fr\\\/synthesia-panama-fete-ses-dix-ans\\\/#primaryimage\",\"url\":\"https:\\\/\\\/www.synthesia.com\\\/wp-content\\\/uploads\\\/2020\\\/12\\\/synthesia-panama.jpg\",\"contentUrl\":\"https:\\\/\\\/www.synthesia.com\\\/wp-content\\\/uploads\\\/2020\\\/12\\\/synthesia-panama.jpg\",\"width\":1200,\"height\":800},{\"@type\":\"BreadcrumbList\",\"@id\":\"https:\\\/\\\/www.synthesia.com\\\/fr\\\/synthesia-panama-fete-ses-dix-ans\\\/#breadcrumb\",\"itemListElement\":[{\"@type\":\"ListItem\",\"position\":1,\"name\":\"Portada\",\"item\":\"https:\\\/\\\/www.synthesia.com\\\/fr\\\/\"},{\"@type\":\"ListItem\",\"position\":2,\"name\":\"Synthesia Panama f\u00eate ses dix ans\"}]},{\"@type\":\"WebSite\",\"@id\":\"https:\\\/\\\/www.synthesia.com\\\/fr\\\/#website\",\"url\":\"https:\\\/\\\/www.synthesia.com\\\/fr\\\/\",\"name\":\"Synthesia\",\"description\":\"\",\"publisher\":{\"@id\":\"https:\\\/\\\/www.synthesia.com\\\/fr\\\/#organization\"},\"potentialAction\":[{\"@type\":\"SearchAction\",\"target\":{\"@type\":\"EntryPoint\",\"urlTemplate\":\"https:\\\/\\\/www.synthesia.com\\\/fr\\\/?s={search_term_string}\"},\"query-input\":{\"@type\":\"PropertyValueSpecification\",\"valueRequired\":true,\"valueName\":\"search_term_string\"}}],\"inLanguage\":\"fr-FR\"},{\"@type\":\"Organization\",\"@id\":\"https:\\\/\\\/www.synthesia.com\\\/fr\\\/#organization\",\"name\":\"Synthesia Technology S.L.U\",\"url\":\"https:\\\/\\\/www.synthesia.com\\\/fr\\\/\",\"logo\":{\"@type\":\"ImageObject\",\"inLanguage\":\"fr-FR\",\"@id\":\"https:\\\/\\\/www.synthesia.com\\\/fr\\\/#\\\/schema\\\/logo\\\/image\\\/\",\"url\":\"https:\\\/\\\/www.synthesia.com\\\/wp-content\\\/uploads\\\/2020\\\/09\\\/cropped-synthesia-technology-logo.png\",\"contentUrl\":\"https:\\\/\\\/www.synthesia.com\\\/wp-content\\\/uploads\\\/2020\\\/09\\\/cropped-synthesia-technology-logo.png\",\"width\":198,\"height\":67,\"caption\":\"Synthesia Technology S.L.U\"},\"image\":{\"@id\":\"https:\\\/\\\/www.synthesia.com\\\/fr\\\/#\\\/schema\\\/logo\\\/image\\\/\"}},{\"@type\":\"Person\",\"@id\":\"https:\\\/\\\/www.synthesia.com\\\/fr\\\/#\\\/schema\\\/person\\\/66021a5a78e3b537466112d2fd58058f\",\"name\":\"synthemaratum\",\"sameAs\":[\"https:\\\/\\\/www.synthesiadev.com\"]}]}<\/script>\n<!-- \/ Yoast SEO plugin. -->","yoast_head_json":{"title":"Synthesia Panama f\u00eate ses dix ans - Synthesia","description":"D\u00e9cembre 2020 marque le dixi\u00e8me anniversaire de l'ouverture de notre usine au Panama, Synthesia Technology America.","robots":{"index":"index","follow":"follow","max-snippet":"max-snippet:-1","max-image-preview":"max-image-preview:large","max-video-preview":"max-video-preview:-1"},"canonical":"https:\/\/www.synthesia.com\/fr\/synthesia-panama-fete-ses-dix-ans\/","og_locale":"fr_FR","og_type":"article","og_title":"Synthesia Panama f\u00eate ses dix ans - Synthesia","og_description":"D\u00e9cembre 2020 marque le dixi\u00e8me anniversaire de l'ouverture de notre usine au Panama, Synthesia Technology America.","og_url":"https:\/\/www.synthesia.com\/fr\/synthesia-panama-fete-ses-dix-ans\/","og_site_name":"Synthesia","article_published_time":"2020-12-22T16:40:15+00:00","article_modified_time":"2021-10-22T07:18:00+00:00","og_image":[{"width":1200,"height":800,"url":"https:\/\/www.synthesia.com\/wp-content\/uploads\/2020\/12\/synthesia-panama.jpg","type":"image\/jpeg"}],"author":"synthemaratum","twitter_card":"summary_large_image","twitter_misc":{"\u00c9crit par":"synthemaratum","Dur\u00e9e de lecture estim\u00e9e":"2 minutes"},"schema":{"@context":"https:\/\/schema.org","@graph":[{"@type":"Article","@id":"https:\/\/www.synthesia.com\/fr\/synthesia-panama-fete-ses-dix-ans\/#article","isPartOf":{"@id":"https:\/\/www.synthesia.com\/fr\/synthesia-panama-fete-ses-dix-ans\/"},"author":{"name":"synthemaratum","@id":"https:\/\/www.synthesia.com\/fr\/#\/schema\/person\/66021a5a78e3b537466112d2fd58058f"},"headline":"Synthesia Panama f\u00eate ses dix ans","datePublished":"2020-12-22T16:40:15+00:00","dateModified":"2021-10-22T07:18:00+00:00","mainEntityOfPage":{"@id":"https:\/\/www.synthesia.com\/fr\/synthesia-panama-fete-ses-dix-ans\/"},"wordCount":337,"commentCount":0,"publisher":{"@id":"https:\/\/www.synthesia.com\/fr\/#organization"},"image":{"@id":"https:\/\/www.synthesia.com\/fr\/synthesia-panama-fete-ses-dix-ans\/#primaryimage"},"thumbnailUrl":"https:\/\/www.synthesia.com\/wp-content\/uploads\/2020\/12\/synthesia-panama.jpg","articleSection":["Actualit\u00e9s"],"inLanguage":"fr-FR","potentialAction":[{"@type":"CommentAction","name":"Comment","target":["https:\/\/www.synthesia.com\/fr\/synthesia-panama-fete-ses-dix-ans\/#respond"]}]},{"@type":"WebPage","@id":"https:\/\/www.synthesia.com\/fr\/synthesia-panama-fete-ses-dix-ans\/","url":"https:\/\/www.synthesia.com\/fr\/synthesia-panama-fete-ses-dix-ans\/","name":"Synthesia Panama f\u00eate ses dix ans - Synthesia","isPartOf":{"@id":"https:\/\/www.synthesia.com\/fr\/#website"},"primaryImageOfPage":{"@id":"https:\/\/www.synthesia.com\/fr\/synthesia-panama-fete-ses-dix-ans\/#primaryimage"},"image":{"@id":"https:\/\/www.synthesia.com\/fr\/synthesia-panama-fete-ses-dix-ans\/#primaryimage"},"thumbnailUrl":"https:\/\/www.synthesia.com\/wp-content\/uploads\/2020\/12\/synthesia-panama.jpg","datePublished":"2020-12-22T16:40:15+00:00","dateModified":"2021-10-22T07:18:00+00:00","description":"D\u00e9cembre 2020 marque le dixi\u00e8me anniversaire de l'ouverture de notre usine au Panama, Synthesia Technology America.","breadcrumb":{"@id":"https:\/\/www.synthesia.com\/fr\/synthesia-panama-fete-ses-dix-ans\/#breadcrumb"},"inLanguage":"fr-FR","potentialAction":[{"@type":"ReadAction","target":["https:\/\/www.synthesia.com\/fr\/synthesia-panama-fete-ses-dix-ans\/"]}]},{"@type":"ImageObject","inLanguage":"fr-FR","@id":"https:\/\/www.synthesia.com\/fr\/synthesia-panama-fete-ses-dix-ans\/#primaryimage","url":"https:\/\/www.synthesia.com\/wp-content\/uploads\/2020\/12\/synthesia-panama.jpg","contentUrl":"https:\/\/www.synthesia.com\/wp-content\/uploads\/2020\/12\/synthesia-panama.jpg","width":1200,"height":800},{"@type":"BreadcrumbList","@id":"https:\/\/www.synthesia.com\/fr\/synthesia-panama-fete-ses-dix-ans\/#breadcrumb","itemListElement":[{"@type":"ListItem","position":1,"name":"Portada","item":"https:\/\/www.synthesia.com\/fr\/"},{"@type":"ListItem","position":2,"name":"Synthesia Panama f\u00eate ses dix ans"}]},{"@type":"WebSite","@id":"https:\/\/www.synthesia.com\/fr\/#website","url":"https:\/\/www.synthesia.com\/fr\/","name":"Synthesia","description":"","publisher":{"@id":"https:\/\/www.synthesia.com\/fr\/#organization"},"potentialAction":[{"@type":"SearchAction","target":{"@type":"EntryPoint","urlTemplate":"https:\/\/www.synthesia.com\/fr\/?s={search_term_string}"},"query-input":{"@type":"PropertyValueSpecification","valueRequired":true,"valueName":"search_term_string"}}],"inLanguage":"fr-FR"},{"@type":"Organization","@id":"https:\/\/www.synthesia.com\/fr\/#organization","name":"Synthesia Technology S.L.U","url":"https:\/\/www.synthesia.com\/fr\/","logo":{"@type":"ImageObject","inLanguage":"fr-FR","@id":"https:\/\/www.synthesia.com\/fr\/#\/schema\/logo\/image\/","url":"https:\/\/www.synthesia.com\/wp-content\/uploads\/2020\/09\/cropped-synthesia-technology-logo.png","contentUrl":"https:\/\/www.synthesia.com\/wp-content\/uploads\/2020\/09\/cropped-synthesia-technology-logo.png","width":198,"height":67,"caption":"Synthesia Technology S.L.U"},"image":{"@id":"https:\/\/www.synthesia.com\/fr\/#\/schema\/logo\/image\/"}},{"@type":"Person","@id":"https:\/\/www.synthesia.com\/fr\/#\/schema\/person\/66021a5a78e3b537466112d2fd58058f","name":"synthemaratum","sameAs":["https:\/\/www.synthesiadev.com"]}]}},"_links":{"self":[{"href":"https:\/\/www.synthesia.com\/fr\/wp-json\/wp\/v2\/posts\/11300","targetHints":{"allow":["GET"]}}],"collection":[{"href":"https:\/\/www.synthesia.com\/fr\/wp-json\/wp\/v2\/posts"}],"about":[{"href":"https:\/\/www.synthesia.com\/fr\/wp-json\/wp\/v2\/types\/post"}],"author":[{"embeddable":true,"href":"https:\/\/www.synthesia.com\/fr\/wp-json\/wp\/v2\/users\/1"}],"replies":[{"embeddable":true,"href":"https:\/\/www.synthesia.com\/fr\/wp-json\/wp\/v2\/comments?post=11300"}],"version-history":[{"count":1,"href":"https:\/\/www.synthesia.com\/fr\/wp-json\/wp\/v2\/posts\/11300\/revisions"}],"predecessor-version":[{"id":11303,"href":"https:\/\/www.synthesia.com\/fr\/wp-json\/wp\/v2\/posts\/11300\/revisions\/11303"}],"wp:featuredmedia":[{"embeddable":true,"href":"https:\/\/www.synthesia.com\/fr\/wp-json\/wp\/v2\/media\/11302"}],"wp:attachment":[{"href":"https:\/\/www.synthesia.com\/fr\/wp-json\/wp\/v2\/media?parent=11300"}],"wp:term":[{"taxonomy":"category","embeddable":true,"href":"https:\/\/www.synthesia.com\/fr\/wp-json\/wp\/v2\/categories?post=11300"},{"taxonomy":"post_tag","embeddable":true,"href":"https:\/\/www.synthesia.com\/fr\/wp-json\/wp\/v2\/tags?post=11300"}],"curies":[{"name":"wp","href":"https:\/\/api.w.org\/{rel}","templated":true}]}}