{"id":11291,"date":"2021-04-30T08:00:13","date_gmt":"2021-04-30T08:00:13","guid":{"rendered":"https:\/\/www.synthesia.com\/operations-team-meeting-4-2021\/"},"modified":"2021-10-22T07:13:44","modified_gmt":"2021-10-22T07:13:44","slug":"reunion-de-lequipe-chargee-des-operations-avril-2021","status":"publish","type":"post","link":"https:\/\/www.synthesia.com\/fr\/reunion-de-lequipe-chargee-des-operations-avril-2021\/","title":{"rendered":"R\u00e9union de l&rsquo;\u00e9quipe charg\u00e9e des op\u00e9rations &#8211; Avril 2021"},"content":{"rendered":"<p>L&rsquo;\u00e9quipe des responsables des op\u00e9rations de Synthesia Technology s&rsquo;est r\u00e9unie pour une journ\u00e9e d&rsquo;\u00e9valuation de la progression dans le cadre du Projet global des op\u00e9rations.<\/p>\n<p>Au mois d&rsquo;avril 2021, l&rsquo;\u00e9quipe des responsables des op\u00e9rations de Synthesia Technology s&rsquo;est r\u00e9unie pour une journ\u00e9e d&rsquo;\u00e9valuation de la progression dans le cadre du Projet global des op\u00e9rations. Lanc\u00e9 en septembre 2020, ce projet met l&rsquo;accent sur les domaines de la s\u00e9curit\u00e9, de la productivit\u00e9, des projets, de la maintenance et de la gestion des talents. Les effectifs des usines de Castellbisbal et de La Llagosta (Catalogne) ont \u00e9galement pris part \u00e0 cette r\u00e9union.<\/p>\n<p>Au cours de cette journ\u00e9e, les responsables des diff\u00e9rents services ont partag\u00e9 les objectifs atteints, les domaines prioritaires, le d\u00e9tail des activit\u00e9s men\u00e9es au sein des diff\u00e9rents domaines et les r\u00e9sultats de l&rsquo;entreprise pour le premier trimestre 2021.<\/p>\n<p>Ce fut \u00e9galement l&rsquo;occasion de revenir sur les sujets rev\u00eatant un int\u00e9r\u00eat majeur pour le groupe des op\u00e9rations et de r\u00e9affirmer les priorit\u00e9s et objectifs pour fin 2021.<\/p>\n<p>Cette r\u00e9union visait surtout \u00e0 g\u00e9n\u00e9rer des synergies au sein du groupe, \u00e0 impliquer les membres venus d&rsquo;autres domaines et \u00e0 partager des exp\u00e9riences pour resserrer les liens et promouvoir les interactions humaines de mani\u00e8re efficace dans une ambiance agr\u00e9able.<\/p>\n<p>Ce type d&rsquo;activit\u00e9s permet d&rsquo;am\u00e9liorer la dynamique d&rsquo;\u00e9quipe et les relations personnelles et professionnelles, tout en encourageant l&rsquo;implication et la collaboration. Le tout dans un seul objectif : promouvoir l&rsquo;engagement et l&rsquo;am\u00e9lioration continue.<\/p>\n<p>Il s&rsquo;agit en d\u00e9finitive d&rsquo;un pas de plus vers le renforcement et la consolidation de la strat\u00e9gie du domaine des op\u00e9rations pour qu&rsquo;elle reste align\u00e9e sur les besoins actuels et \u00e0 venir de l&rsquo;entreprise et sache relever les d\u00e9fis du m\u00e9tier.<\/p>\n<p><img fetchpriority=\"high\" decoding=\"async\" class=\"wp-image-10021 size-large alignleft\" src=\"https:\/\/www.synthesia.com\/wp-content\/uploads\/2021\/05\/reunion-equipo-operaciones-4-2021-02-1024x683.jpg\" alt=\"\" width=\"800\" height=\"534\" srcset=\"https:\/\/www.synthesia.com\/wp-content\/uploads\/2021\/05\/reunion-equipo-operaciones-4-2021-02-1024x683.jpg 1024w, https:\/\/www.synthesia.com\/wp-content\/uploads\/2021\/05\/reunion-equipo-operaciones-4-2021-02-300x200.jpg 300w, https:\/\/www.synthesia.com\/wp-content\/uploads\/2021\/05\/reunion-equipo-operaciones-4-2021-02-768x512.jpg 768w, https:\/\/www.synthesia.com\/wp-content\/uploads\/2021\/05\/reunion-equipo-operaciones-4-2021-02.jpg 1200w\" sizes=\"(max-width: 800px) 100vw, 800px\" \/><\/p>\n","protected":false},"excerpt":{"rendered":"<p>L&rsquo;\u00e9quipe des responsables des op\u00e9rations Synth\u00e9sia Technology s&rsquo;est r\u00e9unie pour une journ\u00e9e d&rsquo;\u00e9valuation de la progression dans le cadre du Projet global des op\u00e9rations.<\/p>\n","protected":false},"author":5,"featured_media":11293,"comment_status":"open","ping_status":"open","sticky":false,"template":"","format":"standard","meta":{"content-type":"","footnotes":""},"categories":[36],"tags":[],"class_list":["post-11291","post","type-post","status-publish","format-standard","has-post-thumbnail","hentry","category-actualites"],"yoast_head":"<!-- This site is optimized with the Yoast SEO plugin v28.3 - https:\/\/yoast.com\/product\/yoast-seo-wordpress\/ -->\n<title>R\u00e9union de l&#039;\u00e9quipe charg\u00e9e des op\u00e9rations - Avril 2021 - Synthesia<\/title>\n<meta name=\"description\" content=\"L&#039;\u00e9quipe des responsables des op\u00e9rations Synth\u00e9sia Technology s&#039;est r\u00e9unie pour une journ\u00e9e d&#039;\u00e9valuation de la progression dans le cadre du Projet global des op\u00e9rations.\" \/>\n<meta name=\"robots\" content=\"noindex, follow\" \/>\n<meta property=\"og:locale\" content=\"fr_FR\" \/>\n<meta property=\"og:type\" content=\"article\" \/>\n<meta property=\"og:title\" content=\"R\u00e9union de l&#039;\u00e9quipe charg\u00e9e des op\u00e9rations - Avril 2021 - Synthesia\" \/>\n<meta property=\"og:description\" content=\"L&#039;\u00e9quipe des responsables des op\u00e9rations Synth\u00e9sia Technology s&#039;est r\u00e9unie pour une journ\u00e9e d&#039;\u00e9valuation de la progression dans le cadre du Projet global des op\u00e9rations.\" \/>\n<meta property=\"og:url\" content=\"https:\/\/www.synthesia.com\/fr\/reunion-de-lequipe-chargee-des-operations-avril-2021\/\" \/>\n<meta property=\"og:site_name\" content=\"Synthesia\" \/>\n<meta property=\"article:published_time\" content=\"2021-04-30T08:00:13+00:00\" \/>\n<meta property=\"article:modified_time\" content=\"2021-10-22T07:13:44+00:00\" \/>\n<meta property=\"og:image\" content=\"https:\/\/www.synthesia.com\/wp-content\/uploads\/2021\/05\/reunion-equipo-operaciones-4-2021.jpg\" \/>\n\t<meta property=\"og:image:width\" content=\"1000\" \/>\n\t<meta property=\"og:image:height\" content=\"667\" \/>\n\t<meta property=\"og:image:type\" content=\"image\/jpeg\" \/>\n<meta name=\"author\" content=\"maratum\" \/>\n<meta name=\"twitter:card\" content=\"summary_large_image\" \/>\n<meta name=\"twitter:label1\" content=\"\u00c9crit par\" \/>\n\t<meta name=\"twitter:data1\" content=\"maratum\" \/>\n\t<meta name=\"twitter:label2\" content=\"Dur\u00e9e de lecture estim\u00e9e\" \/>\n\t<meta name=\"twitter:data2\" content=\"2 minutes\" \/>\n<script type=\"application\/ld+json\" class=\"yoast-schema-graph\">{\"@context\":\"https:\\\/\\\/schema.org\",\"@graph\":[{\"@type\":\"Article\",\"@id\":\"https:\\\/\\\/www.synthesia.com\\\/fr\\\/reunion-de-lequipe-chargee-des-operations-avril-2021\\\/#article\",\"isPartOf\":{\"@id\":\"https:\\\/\\\/www.synthesia.com\\\/fr\\\/reunion-de-lequipe-chargee-des-operations-avril-2021\\\/\"},\"author\":{\"name\":\"maratum\",\"@id\":\"https:\\\/\\\/www.synthesia.com\\\/fr\\\/#\\\/schema\\\/person\\\/d1efac9168167b1d64ec022161621e21\"},\"headline\":\"R\u00e9union de l&rsquo;\u00e9quipe charg\u00e9e des op\u00e9rations &#8211; Avril 2021\",\"datePublished\":\"2021-04-30T08:00:13+00:00\",\"dateModified\":\"2021-10-22T07:13:44+00:00\",\"mainEntityOfPage\":{\"@id\":\"https:\\\/\\\/www.synthesia.com\\\/fr\\\/reunion-de-lequipe-chargee-des-operations-avril-2021\\\/\"},\"wordCount\":341,\"commentCount\":0,\"publisher\":{\"@id\":\"https:\\\/\\\/www.synthesia.com\\\/fr\\\/#organization\"},\"image\":{\"@id\":\"https:\\\/\\\/www.synthesia.com\\\/fr\\\/reunion-de-lequipe-chargee-des-operations-avril-2021\\\/#primaryimage\"},\"thumbnailUrl\":\"https:\\\/\\\/www.synthesia.com\\\/wp-content\\\/uploads\\\/2021\\\/05\\\/reunion-equipo-operaciones-4-2021.jpg\",\"articleSection\":[\"Actualit\u00e9s\"],\"inLanguage\":\"fr-FR\",\"potentialAction\":[{\"@type\":\"CommentAction\",\"name\":\"Comment\",\"target\":[\"https:\\\/\\\/www.synthesia.com\\\/fr\\\/reunion-de-lequipe-chargee-des-operations-avril-2021\\\/#respond\"]}]},{\"@type\":\"WebPage\",\"@id\":\"https:\\\/\\\/www.synthesia.com\\\/fr\\\/reunion-de-lequipe-chargee-des-operations-avril-2021\\\/\",\"url\":\"https:\\\/\\\/www.synthesia.com\\\/fr\\\/reunion-de-lequipe-chargee-des-operations-avril-2021\\\/\",\"name\":\"R\u00e9union de l'\u00e9quipe charg\u00e9e des op\u00e9rations - Avril 2021 - Synthesia\",\"isPartOf\":{\"@id\":\"https:\\\/\\\/www.synthesia.com\\\/fr\\\/#website\"},\"primaryImageOfPage\":{\"@id\":\"https:\\\/\\\/www.synthesia.com\\\/fr\\\/reunion-de-lequipe-chargee-des-operations-avril-2021\\\/#primaryimage\"},\"image\":{\"@id\":\"https:\\\/\\\/www.synthesia.com\\\/fr\\\/reunion-de-lequipe-chargee-des-operations-avril-2021\\\/#primaryimage\"},\"thumbnailUrl\":\"https:\\\/\\\/www.synthesia.com\\\/wp-content\\\/uploads\\\/2021\\\/05\\\/reunion-equipo-operaciones-4-2021.jpg\",\"datePublished\":\"2021-04-30T08:00:13+00:00\",\"dateModified\":\"2021-10-22T07:13:44+00:00\",\"description\":\"L'\u00e9quipe des responsables des op\u00e9rations Synth\u00e9sia Technology s'est r\u00e9unie pour une journ\u00e9e d'\u00e9valuation de la progression dans le cadre du Projet global des op\u00e9rations.\",\"breadcrumb\":{\"@id\":\"https:\\\/\\\/www.synthesia.com\\\/fr\\\/reunion-de-lequipe-chargee-des-operations-avril-2021\\\/#breadcrumb\"},\"inLanguage\":\"fr-FR\",\"potentialAction\":[{\"@type\":\"ReadAction\",\"target\":[\"https:\\\/\\\/www.synthesia.com\\\/fr\\\/reunion-de-lequipe-chargee-des-operations-avril-2021\\\/\"]}]},{\"@type\":\"ImageObject\",\"inLanguage\":\"fr-FR\",\"@id\":\"https:\\\/\\\/www.synthesia.com\\\/fr\\\/reunion-de-lequipe-chargee-des-operations-avril-2021\\\/#primaryimage\",\"url\":\"https:\\\/\\\/www.synthesia.com\\\/wp-content\\\/uploads\\\/2021\\\/05\\\/reunion-equipo-operaciones-4-2021.jpg\",\"contentUrl\":\"https:\\\/\\\/www.synthesia.com\\\/wp-content\\\/uploads\\\/2021\\\/05\\\/reunion-equipo-operaciones-4-2021.jpg\",\"width\":1000,\"height\":667},{\"@type\":\"BreadcrumbList\",\"@id\":\"https:\\\/\\\/www.synthesia.com\\\/fr\\\/reunion-de-lequipe-chargee-des-operations-avril-2021\\\/#breadcrumb\",\"itemListElement\":[{\"@type\":\"ListItem\",\"position\":1,\"name\":\"Portada\",\"item\":\"https:\\\/\\\/www.synthesia.com\\\/fr\\\/\"},{\"@type\":\"ListItem\",\"position\":2,\"name\":\"R\u00e9union de l&#8217;\u00e9quipe charg\u00e9e des op\u00e9rations &#8211; Avril 2021\"}]},{\"@type\":\"WebSite\",\"@id\":\"https:\\\/\\\/www.synthesia.com\\\/fr\\\/#website\",\"url\":\"https:\\\/\\\/www.synthesia.com\\\/fr\\\/\",\"name\":\"Synthesia\",\"description\":\"\",\"publisher\":{\"@id\":\"https:\\\/\\\/www.synthesia.com\\\/fr\\\/#organization\"},\"potentialAction\":[{\"@type\":\"SearchAction\",\"target\":{\"@type\":\"EntryPoint\",\"urlTemplate\":\"https:\\\/\\\/www.synthesia.com\\\/fr\\\/?s={search_term_string}\"},\"query-input\":{\"@type\":\"PropertyValueSpecification\",\"valueRequired\":true,\"valueName\":\"search_term_string\"}}],\"inLanguage\":\"fr-FR\"},{\"@type\":\"Organization\",\"@id\":\"https:\\\/\\\/www.synthesia.com\\\/fr\\\/#organization\",\"name\":\"Synthesia Technology S.L.U\",\"url\":\"https:\\\/\\\/www.synthesia.com\\\/fr\\\/\",\"logo\":{\"@type\":\"ImageObject\",\"inLanguage\":\"fr-FR\",\"@id\":\"https:\\\/\\\/www.synthesia.com\\\/fr\\\/#\\\/schema\\\/logo\\\/image\\\/\",\"url\":\"https:\\\/\\\/www.synthesia.com\\\/wp-content\\\/uploads\\\/2020\\\/09\\\/cropped-synthesia-technology-logo.png\",\"contentUrl\":\"https:\\\/\\\/www.synthesia.com\\\/wp-content\\\/uploads\\\/2020\\\/09\\\/cropped-synthesia-technology-logo.png\",\"width\":198,\"height\":67,\"caption\":\"Synthesia Technology S.L.U\"},\"image\":{\"@id\":\"https:\\\/\\\/www.synthesia.com\\\/fr\\\/#\\\/schema\\\/logo\\\/image\\\/\"}},{\"@type\":\"Person\",\"@id\":\"https:\\\/\\\/www.synthesia.com\\\/fr\\\/#\\\/schema\\\/person\\\/d1efac9168167b1d64ec022161621e21\",\"name\":\"maratum\"}]}<\/script>\n<!-- \/ Yoast SEO plugin. -->","yoast_head_json":{"title":"R\u00e9union de l'\u00e9quipe charg\u00e9e des op\u00e9rations - Avril 2021 - Synthesia","description":"L'\u00e9quipe des responsables des op\u00e9rations Synth\u00e9sia Technology s'est r\u00e9unie pour une journ\u00e9e d'\u00e9valuation de la progression dans le cadre du Projet global des op\u00e9rations.","robots":{"index":"noindex","follow":"follow"},"og_locale":"fr_FR","og_type":"article","og_title":"R\u00e9union de l'\u00e9quipe charg\u00e9e des op\u00e9rations - Avril 2021 - Synthesia","og_description":"L'\u00e9quipe des responsables des op\u00e9rations Synth\u00e9sia Technology s'est r\u00e9unie pour une journ\u00e9e d'\u00e9valuation de la progression dans le cadre du Projet global des op\u00e9rations.","og_url":"https:\/\/www.synthesia.com\/fr\/reunion-de-lequipe-chargee-des-operations-avril-2021\/","og_site_name":"Synthesia","article_published_time":"2021-04-30T08:00:13+00:00","article_modified_time":"2021-10-22T07:13:44+00:00","og_image":[{"width":1000,"height":667,"url":"https:\/\/www.synthesia.com\/wp-content\/uploads\/2021\/05\/reunion-equipo-operaciones-4-2021.jpg","type":"image\/jpeg"}],"author":"maratum","twitter_card":"summary_large_image","twitter_misc":{"\u00c9crit par":"maratum","Dur\u00e9e de lecture estim\u00e9e":"2 minutes"},"schema":{"@context":"https:\/\/schema.org","@graph":[{"@type":"Article","@id":"https:\/\/www.synthesia.com\/fr\/reunion-de-lequipe-chargee-des-operations-avril-2021\/#article","isPartOf":{"@id":"https:\/\/www.synthesia.com\/fr\/reunion-de-lequipe-chargee-des-operations-avril-2021\/"},"author":{"name":"maratum","@id":"https:\/\/www.synthesia.com\/fr\/#\/schema\/person\/d1efac9168167b1d64ec022161621e21"},"headline":"R\u00e9union de l&rsquo;\u00e9quipe charg\u00e9e des op\u00e9rations &#8211; Avril 2021","datePublished":"2021-04-30T08:00:13+00:00","dateModified":"2021-10-22T07:13:44+00:00","mainEntityOfPage":{"@id":"https:\/\/www.synthesia.com\/fr\/reunion-de-lequipe-chargee-des-operations-avril-2021\/"},"wordCount":341,"commentCount":0,"publisher":{"@id":"https:\/\/www.synthesia.com\/fr\/#organization"},"image":{"@id":"https:\/\/www.synthesia.com\/fr\/reunion-de-lequipe-chargee-des-operations-avril-2021\/#primaryimage"},"thumbnailUrl":"https:\/\/www.synthesia.com\/wp-content\/uploads\/2021\/05\/reunion-equipo-operaciones-4-2021.jpg","articleSection":["Actualit\u00e9s"],"inLanguage":"fr-FR","potentialAction":[{"@type":"CommentAction","name":"Comment","target":["https:\/\/www.synthesia.com\/fr\/reunion-de-lequipe-chargee-des-operations-avril-2021\/#respond"]}]},{"@type":"WebPage","@id":"https:\/\/www.synthesia.com\/fr\/reunion-de-lequipe-chargee-des-operations-avril-2021\/","url":"https:\/\/www.synthesia.com\/fr\/reunion-de-lequipe-chargee-des-operations-avril-2021\/","name":"R\u00e9union de l'\u00e9quipe charg\u00e9e des op\u00e9rations - Avril 2021 - Synthesia","isPartOf":{"@id":"https:\/\/www.synthesia.com\/fr\/#website"},"primaryImageOfPage":{"@id":"https:\/\/www.synthesia.com\/fr\/reunion-de-lequipe-chargee-des-operations-avril-2021\/#primaryimage"},"image":{"@id":"https:\/\/www.synthesia.com\/fr\/reunion-de-lequipe-chargee-des-operations-avril-2021\/#primaryimage"},"thumbnailUrl":"https:\/\/www.synthesia.com\/wp-content\/uploads\/2021\/05\/reunion-equipo-operaciones-4-2021.jpg","datePublished":"2021-04-30T08:00:13+00:00","dateModified":"2021-10-22T07:13:44+00:00","description":"L'\u00e9quipe des responsables des op\u00e9rations Synth\u00e9sia Technology s'est r\u00e9unie pour une journ\u00e9e d'\u00e9valuation de la progression dans le cadre du Projet global des op\u00e9rations.","breadcrumb":{"@id":"https:\/\/www.synthesia.com\/fr\/reunion-de-lequipe-chargee-des-operations-avril-2021\/#breadcrumb"},"inLanguage":"fr-FR","potentialAction":[{"@type":"ReadAction","target":["https:\/\/www.synthesia.com\/fr\/reunion-de-lequipe-chargee-des-operations-avril-2021\/"]}]},{"@type":"ImageObject","inLanguage":"fr-FR","@id":"https:\/\/www.synthesia.com\/fr\/reunion-de-lequipe-chargee-des-operations-avril-2021\/#primaryimage","url":"https:\/\/www.synthesia.com\/wp-content\/uploads\/2021\/05\/reunion-equipo-operaciones-4-2021.jpg","contentUrl":"https:\/\/www.synthesia.com\/wp-content\/uploads\/2021\/05\/reunion-equipo-operaciones-4-2021.jpg","width":1000,"height":667},{"@type":"BreadcrumbList","@id":"https:\/\/www.synthesia.com\/fr\/reunion-de-lequipe-chargee-des-operations-avril-2021\/#breadcrumb","itemListElement":[{"@type":"ListItem","position":1,"name":"Portada","item":"https:\/\/www.synthesia.com\/fr\/"},{"@type":"ListItem","position":2,"name":"R\u00e9union de l&#8217;\u00e9quipe charg\u00e9e des op\u00e9rations &#8211; Avril 2021"}]},{"@type":"WebSite","@id":"https:\/\/www.synthesia.com\/fr\/#website","url":"https:\/\/www.synthesia.com\/fr\/","name":"Synthesia","description":"","publisher":{"@id":"https:\/\/www.synthesia.com\/fr\/#organization"},"potentialAction":[{"@type":"SearchAction","target":{"@type":"EntryPoint","urlTemplate":"https:\/\/www.synthesia.com\/fr\/?s={search_term_string}"},"query-input":{"@type":"PropertyValueSpecification","valueRequired":true,"valueName":"search_term_string"}}],"inLanguage":"fr-FR"},{"@type":"Organization","@id":"https:\/\/www.synthesia.com\/fr\/#organization","name":"Synthesia Technology S.L.U","url":"https:\/\/www.synthesia.com\/fr\/","logo":{"@type":"ImageObject","inLanguage":"fr-FR","@id":"https:\/\/www.synthesia.com\/fr\/#\/schema\/logo\/image\/","url":"https:\/\/www.synthesia.com\/wp-content\/uploads\/2020\/09\/cropped-synthesia-technology-logo.png","contentUrl":"https:\/\/www.synthesia.com\/wp-content\/uploads\/2020\/09\/cropped-synthesia-technology-logo.png","width":198,"height":67,"caption":"Synthesia Technology S.L.U"},"image":{"@id":"https:\/\/www.synthesia.com\/fr\/#\/schema\/logo\/image\/"}},{"@type":"Person","@id":"https:\/\/www.synthesia.com\/fr\/#\/schema\/person\/d1efac9168167b1d64ec022161621e21","name":"maratum"}]}},"_links":{"self":[{"href":"https:\/\/www.synthesia.com\/fr\/wp-json\/wp\/v2\/posts\/11291","targetHints":{"allow":["GET"]}}],"collection":[{"href":"https:\/\/www.synthesia.com\/fr\/wp-json\/wp\/v2\/posts"}],"about":[{"href":"https:\/\/www.synthesia.com\/fr\/wp-json\/wp\/v2\/types\/post"}],"author":[{"embeddable":true,"href":"https:\/\/www.synthesia.com\/fr\/wp-json\/wp\/v2\/users\/5"}],"replies":[{"embeddable":true,"href":"https:\/\/www.synthesia.com\/fr\/wp-json\/wp\/v2\/comments?post=11291"}],"version-history":[{"count":1,"href":"https:\/\/www.synthesia.com\/fr\/wp-json\/wp\/v2\/posts\/11291\/revisions"}],"predecessor-version":[{"id":11294,"href":"https:\/\/www.synthesia.com\/fr\/wp-json\/wp\/v2\/posts\/11291\/revisions\/11294"}],"wp:featuredmedia":[{"embeddable":true,"href":"https:\/\/www.synthesia.com\/fr\/wp-json\/wp\/v2\/media\/11293"}],"wp:attachment":[{"href":"https:\/\/www.synthesia.com\/fr\/wp-json\/wp\/v2\/media?parent=11291"}],"wp:term":[{"taxonomy":"category","embeddable":true,"href":"https:\/\/www.synthesia.com\/fr\/wp-json\/wp\/v2\/categories?post=11291"},{"taxonomy":"post_tag","embeddable":true,"href":"https:\/\/www.synthesia.com\/fr\/wp-json\/wp\/v2\/tags?post=11291"}],"curies":[{"name":"wp","href":"https:\/\/api.w.org\/{rel}","templated":true}]}}