{"id":11282,"date":"2021-08-06T06:57:38","date_gmt":"2021-08-06T06:57:38","guid":{"rendered":"https:\/\/www.synthesia.com\/synthesia-utech-europe-fair-2021\/"},"modified":"2022-04-08T14:16:05","modified_gmt":"2022-04-08T12:16:05","slug":"synthesia-au-salon-utech-europe-2021","status":"publish","type":"post","link":"https:\/\/www.synthesia.com\/fr\/synthesia-au-salon-utech-europe-2021\/","title":{"rendered":"Synthesia au salon UTECH Europe 2021"},"content":{"rendered":"\t\t<div data-elementor-type=\"wp-post\" data-elementor-id=\"11282\" class=\"elementor elementor-11282 elementor-10726\" data-elementor-post-type=\"post\">\n\t\t\t\t\t\t<section class=\"elementor-section elementor-top-section elementor-element elementor-element-671df0ac elementor-section-boxed elementor-section-height-default elementor-section-height-default\" data-id=\"671df0ac\" data-element_type=\"section\" data-e-type=\"section\">\n\t\t\t\t\t\t<div class=\"elementor-container elementor-column-gap-default\">\n\t\t\t\t\t<div class=\"elementor-column elementor-col-100 elementor-top-column elementor-element elementor-element-75b1b92\" data-id=\"75b1b92\" data-element_type=\"column\" data-e-type=\"column\">\n\t\t\t<div class=\"elementor-widget-wrap elementor-element-populated\">\n\t\t\t\t\t\t<div class=\"elementor-element elementor-element-372ba7be elementor-widget elementor-widget-text-editor\" data-id=\"372ba7be\" data-element_type=\"widget\" data-e-type=\"widget\" data-widget_type=\"text-editor.default\">\n\t\t\t\t<div class=\"elementor-widget-container\">\n\t\t\t\t\t\t\t\t\t<p><strong>Synthesia Technology<\/strong> participera \u00e0 l&rsquo;\u00e9dition 2021 du salon <strong>UTECH Europe 2021<\/strong> qui se tiendra du 16 au 18 novembre prochains au MECC de Maastricht (Pays-Bas).<\/p><p>Avec ses exposants et ses conf\u00e9rences, le salon <strong>UTECH\u00a0Europe<\/strong> est le rendez-vous incontournable du secteur du polyur\u00e9thane. C&rsquo;est l&rsquo;endroit id\u00e9al pour d\u00e9couvrir les nouveaux produits, technologies et innovations dans le monde du polyur\u00e9thane, ainsi qu&rsquo;un large \u00e9ventail d&rsquo;applications\u00a0: habitacle automobile, \u00e9quipement m\u00e9dical, textiles, ameublement, chaussure, isolation, adh\u00e9sifs, rev\u00eatements, etc.<\/p><p>UTECH Europe attire un important public de professionnels du secteur venus de plus de 90 pays du monde entier. \u00c9v\u00e9nement \u00e0 ne manquer sous aucun pr\u00e9texte, il est possible d&rsquo;y conclure de nouveaux contrats, d&rsquo;y faire de belles rencontres professionnelles ou de renouer avec des partenaires du secteur.\u00a0<\/p><p>Synthesia Technology, entreprise sp\u00e9cialis\u00e9e dans la fabrication et la commercialisation de produits chimiques, de polyols de polyester et de syst\u00e8mes de polyur\u00e9thane destin\u00e9s \u00e0 l&rsquo;isolation thermique et acoustique et autres applications industrielles, vous attend au stand C40.<\/p><p>Si vous souhaitez en savoir plus sur notre catalogue de produits, nous vous invitons \u00e0 consulter notre site : <a href=\"https:\/\/www.synthesia.com\/fr\/\">www.synthesia.com<\/a><\/p><p>Au plaisir de vous retrouver sur le <strong>stand C40<\/strong>\u00a0!<\/p><p><img fetchpriority=\"high\" decoding=\"async\" class=\"alignnone wp-image-10724 size-full\" src=\"https:\/\/www.synthesia.com\/wp-content\/uploads\/2021\/08\/synthesia-feria-utech-europe-2021.jpg\" alt=\"\" width=\"600\" height=\"300\" srcset=\"https:\/\/www.synthesia.com\/wp-content\/uploads\/2021\/08\/synthesia-feria-utech-europe-2021.jpg 600w, https:\/\/www.synthesia.com\/wp-content\/uploads\/2021\/08\/synthesia-feria-utech-europe-2021-300x150.jpg 300w\" sizes=\"(max-width: 600px) 100vw, 600px\" \/><\/p>\t\t\t\t\t\t\t\t<\/div>\n\t\t\t\t<\/div>\n\t\t\t\t\t<\/div>\n\t\t<\/div>\n\t\t\t\t\t<\/div>\n\t\t<\/section>\n\t\t\t\t<\/div>\n\t\t","protected":false},"excerpt":{"rendered":"<p>Synthesia participera \u00e0 l&rsquo;\u00e9dition 2021 du salon UTECH Europe qui se tiendra du 16 au 18 novembre prochains au MECC de Maastricht (Pays-Bas).<\/p>\n","protected":false},"author":5,"featured_media":11283,"comment_status":"open","ping_status":"open","sticky":false,"template":"","format":"standard","meta":{"content-type":"","footnotes":""},"categories":[38],"tags":[],"class_list":["post-11282","post","type-post","status-publish","format-standard","has-post-thumbnail","hentry","category-bez-kategorii"],"yoast_head":"<!-- This site is optimized with the Yoast SEO plugin v28.3 - https:\/\/yoast.com\/product\/yoast-seo-wordpress\/ -->\n<title>Synthesia au salon UTECH Europe 2021 - Synthesia<\/title>\n<meta name=\"description\" content=\"Synthesia participera \u00e0 l&#039;\u00e9dition 2021 du salon UTECH Europe qui se tiendra du 16 au 18 novembre prochains au MECC de Maastricht (Pays-Bas).\" \/>\n<meta name=\"robots\" content=\"index, follow, max-snippet:-1, max-image-preview:large, max-video-preview:-1\" \/>\n<link rel=\"canonical\" href=\"https:\/\/www.synthesia.com\/fr\/synthesia-au-salon-utech-europe-2021\/\" \/>\n<meta property=\"og:locale\" content=\"fr_FR\" \/>\n<meta property=\"og:type\" content=\"article\" \/>\n<meta property=\"og:title\" content=\"Synthesia au salon UTECH Europe 2021 - Synthesia\" \/>\n<meta property=\"og:description\" content=\"Synthesia participera \u00e0 l&#039;\u00e9dition 2021 du salon UTECH Europe qui se tiendra du 16 au 18 novembre prochains au MECC de Maastricht (Pays-Bas).\" \/>\n<meta property=\"og:url\" content=\"https:\/\/www.synthesia.com\/fr\/synthesia-au-salon-utech-europe-2021\/\" \/>\n<meta property=\"og:site_name\" content=\"Synthesia\" \/>\n<meta property=\"article:published_time\" content=\"2021-08-06T06:57:38+00:00\" \/>\n<meta property=\"article:modified_time\" content=\"2022-04-08T12:16:05+00:00\" \/>\n<meta property=\"og:image\" content=\"https:\/\/www.synthesia.com\/wp-content\/uploads\/2021\/08\/synthesia-utech-europe-november-2021-transparente.png\" \/>\n\t<meta property=\"og:image:width\" content=\"1609\" \/>\n\t<meta property=\"og:image:height\" content=\"1073\" \/>\n\t<meta property=\"og:image:type\" content=\"image\/png\" \/>\n<meta name=\"author\" content=\"maratum\" \/>\n<meta name=\"twitter:card\" content=\"summary_large_image\" \/>\n<meta name=\"twitter:label1\" content=\"\u00c9crit par\" \/>\n\t<meta name=\"twitter:data1\" content=\"maratum\" \/>\n\t<meta name=\"twitter:label2\" content=\"Dur\u00e9e de lecture estim\u00e9e\" \/>\n\t<meta name=\"twitter:data2\" content=\"2 minutes\" \/>\n<script type=\"application\/ld+json\" class=\"yoast-schema-graph\">{\"@context\":\"https:\\\/\\\/schema.org\",\"@graph\":[{\"@type\":\"Article\",\"@id\":\"https:\\\/\\\/www.synthesia.com\\\/fr\\\/synthesia-au-salon-utech-europe-2021\\\/#article\",\"isPartOf\":{\"@id\":\"https:\\\/\\\/www.synthesia.com\\\/fr\\\/synthesia-au-salon-utech-europe-2021\\\/\"},\"author\":{\"name\":\"maratum\",\"@id\":\"https:\\\/\\\/www.synthesia.com\\\/fr\\\/#\\\/schema\\\/person\\\/d1efac9168167b1d64ec022161621e21\"},\"headline\":\"Synthesia au salon UTECH Europe 2021\",\"datePublished\":\"2021-08-06T06:57:38+00:00\",\"dateModified\":\"2022-04-08T12:16:05+00:00\",\"mainEntityOfPage\":{\"@id\":\"https:\\\/\\\/www.synthesia.com\\\/fr\\\/synthesia-au-salon-utech-europe-2021\\\/\"},\"wordCount\":209,\"commentCount\":0,\"publisher\":{\"@id\":\"https:\\\/\\\/www.synthesia.com\\\/fr\\\/#organization\"},\"image\":{\"@id\":\"https:\\\/\\\/www.synthesia.com\\\/fr\\\/synthesia-au-salon-utech-europe-2021\\\/#primaryimage\"},\"thumbnailUrl\":\"https:\\\/\\\/www.synthesia.com\\\/wp-content\\\/uploads\\\/2021\\\/08\\\/synthesia-utech-europe-november-2021-transparente.png\",\"articleSection\":[\"Bez kategorii\"],\"inLanguage\":\"fr-FR\",\"potentialAction\":[{\"@type\":\"CommentAction\",\"name\":\"Comment\",\"target\":[\"https:\\\/\\\/www.synthesia.com\\\/fr\\\/synthesia-au-salon-utech-europe-2021\\\/#respond\"]}]},{\"@type\":\"WebPage\",\"@id\":\"https:\\\/\\\/www.synthesia.com\\\/fr\\\/synthesia-au-salon-utech-europe-2021\\\/\",\"url\":\"https:\\\/\\\/www.synthesia.com\\\/fr\\\/synthesia-au-salon-utech-europe-2021\\\/\",\"name\":\"Synthesia au salon UTECH Europe 2021 - Synthesia\",\"isPartOf\":{\"@id\":\"https:\\\/\\\/www.synthesia.com\\\/fr\\\/#website\"},\"primaryImageOfPage\":{\"@id\":\"https:\\\/\\\/www.synthesia.com\\\/fr\\\/synthesia-au-salon-utech-europe-2021\\\/#primaryimage\"},\"image\":{\"@id\":\"https:\\\/\\\/www.synthesia.com\\\/fr\\\/synthesia-au-salon-utech-europe-2021\\\/#primaryimage\"},\"thumbnailUrl\":\"https:\\\/\\\/www.synthesia.com\\\/wp-content\\\/uploads\\\/2021\\\/08\\\/synthesia-utech-europe-november-2021-transparente.png\",\"datePublished\":\"2021-08-06T06:57:38+00:00\",\"dateModified\":\"2022-04-08T12:16:05+00:00\",\"description\":\"Synthesia participera \u00e0 l'\u00e9dition 2021 du salon UTECH Europe qui se tiendra du 16 au 18 novembre prochains au MECC de Maastricht (Pays-Bas).\",\"breadcrumb\":{\"@id\":\"https:\\\/\\\/www.synthesia.com\\\/fr\\\/synthesia-au-salon-utech-europe-2021\\\/#breadcrumb\"},\"inLanguage\":\"fr-FR\",\"potentialAction\":[{\"@type\":\"ReadAction\",\"target\":[\"https:\\\/\\\/www.synthesia.com\\\/fr\\\/synthesia-au-salon-utech-europe-2021\\\/\"]}]},{\"@type\":\"ImageObject\",\"inLanguage\":\"fr-FR\",\"@id\":\"https:\\\/\\\/www.synthesia.com\\\/fr\\\/synthesia-au-salon-utech-europe-2021\\\/#primaryimage\",\"url\":\"https:\\\/\\\/www.synthesia.com\\\/wp-content\\\/uploads\\\/2021\\\/08\\\/synthesia-utech-europe-november-2021-transparente.png\",\"contentUrl\":\"https:\\\/\\\/www.synthesia.com\\\/wp-content\\\/uploads\\\/2021\\\/08\\\/synthesia-utech-europe-november-2021-transparente.png\",\"width\":1609,\"height\":1073},{\"@type\":\"BreadcrumbList\",\"@id\":\"https:\\\/\\\/www.synthesia.com\\\/fr\\\/synthesia-au-salon-utech-europe-2021\\\/#breadcrumb\",\"itemListElement\":[{\"@type\":\"ListItem\",\"position\":1,\"name\":\"Portada\",\"item\":\"https:\\\/\\\/www.synthesia.com\\\/fr\\\/\"},{\"@type\":\"ListItem\",\"position\":2,\"name\":\"Synthesia au salon UTECH Europe 2021\"}]},{\"@type\":\"WebSite\",\"@id\":\"https:\\\/\\\/www.synthesia.com\\\/fr\\\/#website\",\"url\":\"https:\\\/\\\/www.synthesia.com\\\/fr\\\/\",\"name\":\"Synthesia\",\"description\":\"\",\"publisher\":{\"@id\":\"https:\\\/\\\/www.synthesia.com\\\/fr\\\/#organization\"},\"potentialAction\":[{\"@type\":\"SearchAction\",\"target\":{\"@type\":\"EntryPoint\",\"urlTemplate\":\"https:\\\/\\\/www.synthesia.com\\\/fr\\\/?s={search_term_string}\"},\"query-input\":{\"@type\":\"PropertyValueSpecification\",\"valueRequired\":true,\"valueName\":\"search_term_string\"}}],\"inLanguage\":\"fr-FR\"},{\"@type\":\"Organization\",\"@id\":\"https:\\\/\\\/www.synthesia.com\\\/fr\\\/#organization\",\"name\":\"Synthesia Technology S.L.U\",\"url\":\"https:\\\/\\\/www.synthesia.com\\\/fr\\\/\",\"logo\":{\"@type\":\"ImageObject\",\"inLanguage\":\"fr-FR\",\"@id\":\"https:\\\/\\\/www.synthesia.com\\\/fr\\\/#\\\/schema\\\/logo\\\/image\\\/\",\"url\":\"https:\\\/\\\/www.synthesia.com\\\/wp-content\\\/uploads\\\/2020\\\/09\\\/cropped-synthesia-technology-logo.png\",\"contentUrl\":\"https:\\\/\\\/www.synthesia.com\\\/wp-content\\\/uploads\\\/2020\\\/09\\\/cropped-synthesia-technology-logo.png\",\"width\":198,\"height\":67,\"caption\":\"Synthesia Technology S.L.U\"},\"image\":{\"@id\":\"https:\\\/\\\/www.synthesia.com\\\/fr\\\/#\\\/schema\\\/logo\\\/image\\\/\"}},{\"@type\":\"Person\",\"@id\":\"https:\\\/\\\/www.synthesia.com\\\/fr\\\/#\\\/schema\\\/person\\\/d1efac9168167b1d64ec022161621e21\",\"name\":\"maratum\"}]}<\/script>\n<!-- \/ Yoast SEO plugin. -->","yoast_head_json":{"title":"Synthesia au salon UTECH Europe 2021 - Synthesia","description":"Synthesia participera \u00e0 l'\u00e9dition 2021 du salon UTECH Europe qui se tiendra du 16 au 18 novembre prochains au MECC de Maastricht (Pays-Bas).","robots":{"index":"index","follow":"follow","max-snippet":"max-snippet:-1","max-image-preview":"max-image-preview:large","max-video-preview":"max-video-preview:-1"},"canonical":"https:\/\/www.synthesia.com\/fr\/synthesia-au-salon-utech-europe-2021\/","og_locale":"fr_FR","og_type":"article","og_title":"Synthesia au salon UTECH Europe 2021 - Synthesia","og_description":"Synthesia participera \u00e0 l'\u00e9dition 2021 du salon UTECH Europe qui se tiendra du 16 au 18 novembre prochains au MECC de Maastricht (Pays-Bas).","og_url":"https:\/\/www.synthesia.com\/fr\/synthesia-au-salon-utech-europe-2021\/","og_site_name":"Synthesia","article_published_time":"2021-08-06T06:57:38+00:00","article_modified_time":"2022-04-08T12:16:05+00:00","og_image":[{"width":1609,"height":1073,"url":"https:\/\/www.synthesia.com\/wp-content\/uploads\/2021\/08\/synthesia-utech-europe-november-2021-transparente.png","type":"image\/png"}],"author":"maratum","twitter_card":"summary_large_image","twitter_misc":{"\u00c9crit par":"maratum","Dur\u00e9e de lecture estim\u00e9e":"2 minutes"},"schema":{"@context":"https:\/\/schema.org","@graph":[{"@type":"Article","@id":"https:\/\/www.synthesia.com\/fr\/synthesia-au-salon-utech-europe-2021\/#article","isPartOf":{"@id":"https:\/\/www.synthesia.com\/fr\/synthesia-au-salon-utech-europe-2021\/"},"author":{"name":"maratum","@id":"https:\/\/www.synthesia.com\/fr\/#\/schema\/person\/d1efac9168167b1d64ec022161621e21"},"headline":"Synthesia au salon UTECH Europe 2021","datePublished":"2021-08-06T06:57:38+00:00","dateModified":"2022-04-08T12:16:05+00:00","mainEntityOfPage":{"@id":"https:\/\/www.synthesia.com\/fr\/synthesia-au-salon-utech-europe-2021\/"},"wordCount":209,"commentCount":0,"publisher":{"@id":"https:\/\/www.synthesia.com\/fr\/#organization"},"image":{"@id":"https:\/\/www.synthesia.com\/fr\/synthesia-au-salon-utech-europe-2021\/#primaryimage"},"thumbnailUrl":"https:\/\/www.synthesia.com\/wp-content\/uploads\/2021\/08\/synthesia-utech-europe-november-2021-transparente.png","articleSection":["Bez kategorii"],"inLanguage":"fr-FR","potentialAction":[{"@type":"CommentAction","name":"Comment","target":["https:\/\/www.synthesia.com\/fr\/synthesia-au-salon-utech-europe-2021\/#respond"]}]},{"@type":"WebPage","@id":"https:\/\/www.synthesia.com\/fr\/synthesia-au-salon-utech-europe-2021\/","url":"https:\/\/www.synthesia.com\/fr\/synthesia-au-salon-utech-europe-2021\/","name":"Synthesia au salon UTECH Europe 2021 - Synthesia","isPartOf":{"@id":"https:\/\/www.synthesia.com\/fr\/#website"},"primaryImageOfPage":{"@id":"https:\/\/www.synthesia.com\/fr\/synthesia-au-salon-utech-europe-2021\/#primaryimage"},"image":{"@id":"https:\/\/www.synthesia.com\/fr\/synthesia-au-salon-utech-europe-2021\/#primaryimage"},"thumbnailUrl":"https:\/\/www.synthesia.com\/wp-content\/uploads\/2021\/08\/synthesia-utech-europe-november-2021-transparente.png","datePublished":"2021-08-06T06:57:38+00:00","dateModified":"2022-04-08T12:16:05+00:00","description":"Synthesia participera \u00e0 l'\u00e9dition 2021 du salon UTECH Europe qui se tiendra du 16 au 18 novembre prochains au MECC de Maastricht (Pays-Bas).","breadcrumb":{"@id":"https:\/\/www.synthesia.com\/fr\/synthesia-au-salon-utech-europe-2021\/#breadcrumb"},"inLanguage":"fr-FR","potentialAction":[{"@type":"ReadAction","target":["https:\/\/www.synthesia.com\/fr\/synthesia-au-salon-utech-europe-2021\/"]}]},{"@type":"ImageObject","inLanguage":"fr-FR","@id":"https:\/\/www.synthesia.com\/fr\/synthesia-au-salon-utech-europe-2021\/#primaryimage","url":"https:\/\/www.synthesia.com\/wp-content\/uploads\/2021\/08\/synthesia-utech-europe-november-2021-transparente.png","contentUrl":"https:\/\/www.synthesia.com\/wp-content\/uploads\/2021\/08\/synthesia-utech-europe-november-2021-transparente.png","width":1609,"height":1073},{"@type":"BreadcrumbList","@id":"https:\/\/www.synthesia.com\/fr\/synthesia-au-salon-utech-europe-2021\/#breadcrumb","itemListElement":[{"@type":"ListItem","position":1,"name":"Portada","item":"https:\/\/www.synthesia.com\/fr\/"},{"@type":"ListItem","position":2,"name":"Synthesia au salon UTECH Europe 2021"}]},{"@type":"WebSite","@id":"https:\/\/www.synthesia.com\/fr\/#website","url":"https:\/\/www.synthesia.com\/fr\/","name":"Synthesia","description":"","publisher":{"@id":"https:\/\/www.synthesia.com\/fr\/#organization"},"potentialAction":[{"@type":"SearchAction","target":{"@type":"EntryPoint","urlTemplate":"https:\/\/www.synthesia.com\/fr\/?s={search_term_string}"},"query-input":{"@type":"PropertyValueSpecification","valueRequired":true,"valueName":"search_term_string"}}],"inLanguage":"fr-FR"},{"@type":"Organization","@id":"https:\/\/www.synthesia.com\/fr\/#organization","name":"Synthesia Technology S.L.U","url":"https:\/\/www.synthesia.com\/fr\/","logo":{"@type":"ImageObject","inLanguage":"fr-FR","@id":"https:\/\/www.synthesia.com\/fr\/#\/schema\/logo\/image\/","url":"https:\/\/www.synthesia.com\/wp-content\/uploads\/2020\/09\/cropped-synthesia-technology-logo.png","contentUrl":"https:\/\/www.synthesia.com\/wp-content\/uploads\/2020\/09\/cropped-synthesia-technology-logo.png","width":198,"height":67,"caption":"Synthesia Technology S.L.U"},"image":{"@id":"https:\/\/www.synthesia.com\/fr\/#\/schema\/logo\/image\/"}},{"@type":"Person","@id":"https:\/\/www.synthesia.com\/fr\/#\/schema\/person\/d1efac9168167b1d64ec022161621e21","name":"maratum"}]}},"_links":{"self":[{"href":"https:\/\/www.synthesia.com\/fr\/wp-json\/wp\/v2\/posts\/11282","targetHints":{"allow":["GET"]}}],"collection":[{"href":"https:\/\/www.synthesia.com\/fr\/wp-json\/wp\/v2\/posts"}],"about":[{"href":"https:\/\/www.synthesia.com\/fr\/wp-json\/wp\/v2\/types\/post"}],"author":[{"embeddable":true,"href":"https:\/\/www.synthesia.com\/fr\/wp-json\/wp\/v2\/users\/5"}],"replies":[{"embeddable":true,"href":"https:\/\/www.synthesia.com\/fr\/wp-json\/wp\/v2\/comments?post=11282"}],"version-history":[{"count":8,"href":"https:\/\/www.synthesia.com\/fr\/wp-json\/wp\/v2\/posts\/11282\/revisions"}],"predecessor-version":[{"id":18500,"href":"https:\/\/www.synthesia.com\/fr\/wp-json\/wp\/v2\/posts\/11282\/revisions\/18500"}],"wp:featuredmedia":[{"embeddable":true,"href":"https:\/\/www.synthesia.com\/fr\/wp-json\/wp\/v2\/media\/11283"}],"wp:attachment":[{"href":"https:\/\/www.synthesia.com\/fr\/wp-json\/wp\/v2\/media?parent=11282"}],"wp:term":[{"taxonomy":"category","embeddable":true,"href":"https:\/\/www.synthesia.com\/fr\/wp-json\/wp\/v2\/categories?post=11282"},{"taxonomy":"post_tag","embeddable":true,"href":"https:\/\/www.synthesia.com\/fr\/wp-json\/wp\/v2\/tags?post=11282"}],"curies":[{"name":"wp","href":"https:\/\/api.w.org\/{rel}","templated":true}]}}