{"id":11272,"date":"2021-09-03T07:45:00","date_gmt":"2021-09-03T07:45:00","guid":{"rendered":"https:\/\/www.synthesia.com\/recogida-de-plasticos-en-la-playa-de-cartagena-de-indias-colombia\/"},"modified":"2022-04-08T14:15:08","modified_gmt":"2022-04-08T12:15:08","slug":"operation-de-ramassage-des-dechets-plastiques-sur-le-littoral-de-carthagene-des-indes-colombie","status":"publish","type":"post","link":"https:\/\/www.synthesia.com\/fr\/operation-de-ramassage-des-dechets-plastiques-sur-le-littoral-de-carthagene-des-indes-colombie\/","title":{"rendered":"Op\u00e9ration de ramassage des d\u00e9chets plastiques sur le littoral de Cartagena de Indias (Colombie)"},"content":{"rendered":"\t\t<div data-elementor-type=\"wp-post\" data-elementor-id=\"11272\" class=\"elementor elementor-11272 elementor-10777\" data-elementor-post-type=\"post\">\n\t\t\t\t\t\t<section class=\"elementor-section elementor-top-section elementor-element elementor-element-417b7da1 elementor-section-boxed elementor-section-height-default elementor-section-height-default\" data-id=\"417b7da1\" data-element_type=\"section\" data-e-type=\"section\">\n\t\t\t\t\t\t<div class=\"elementor-container elementor-column-gap-default\">\n\t\t\t\t\t<div class=\"elementor-column elementor-col-100 elementor-top-column elementor-element elementor-element-1b254515\" data-id=\"1b254515\" data-element_type=\"column\" data-e-type=\"column\">\n\t\t\t<div class=\"elementor-widget-wrap elementor-element-populated\">\n\t\t\t\t\t\t<div class=\"elementor-element elementor-element-614c0cd4 elementor-widget elementor-widget-text-editor\" data-id=\"614c0cd4\" data-element_type=\"widget\" data-e-type=\"widget\" data-widget_type=\"text-editor.default\">\n\t\t\t\t<div class=\"elementor-widget-container\">\n\t\t\t\t\t\t\t\t\t<p><span style=\"font-weight: 400; color: #000000;\">Le 21 ao\u00fbt 2021, l&rsquo;action b\u00e9n\u00e9vole men\u00e9e par la branche colombienne de Synthesia a permis de d\u00e9barrasser des d\u00e9chets plastiques la plage de Castillo Grande \u00e0 Carthag\u00e8ne des Indes (Colombie).<\/span><\/p><p><span style=\"font-weight: 400; color: #000000;\">Cette initiative, r\u00e9alis\u00e9e en collaboration avec Kingspan et la fondation Amigos del Mar, fait partie d&rsquo;une campagne de sensibilisation commenc\u00e9e il y a de nombreuses ann\u00e9es par Synthesia. Cette derni\u00e8re a pour but d&rsquo;encourager les citoyens \u00e0 s&rsquo;unir pour lutter contre le r\u00e9chauffement climatique et la pollution de l&rsquo;environnement.<br \/><\/span><\/p><p><span style=\"color: #000000;\"><img fetchpriority=\"high\" decoding=\"async\" class=\"alignnone wp-image-10780\" src=\"https:\/\/www.synthesia.com\/wp-content\/uploads\/2021\/08\/4-Recogida-plasticos-playa-Cartagena-Indias-Colombia-300x200.jpg\" alt=\"\" width=\"1000\" height=\"667\" srcset=\"https:\/\/www.synthesia.com\/wp-content\/uploads\/2021\/08\/4-Recogida-plasticos-playa-Cartagena-Indias-Colombia-300x200.jpg 300w, https:\/\/www.synthesia.com\/wp-content\/uploads\/2021\/08\/4-Recogida-plasticos-playa-Cartagena-Indias-Colombia-1024x683.jpg 1024w, https:\/\/www.synthesia.com\/wp-content\/uploads\/2021\/08\/4-Recogida-plasticos-playa-Cartagena-Indias-Colombia-768x513.jpg 768w, https:\/\/www.synthesia.com\/wp-content\/uploads\/2021\/08\/4-Recogida-plasticos-playa-Cartagena-Indias-Colombia.jpg 1281w\" sizes=\"(max-width: 1000px) 100vw, 1000px\" \/><\/span><\/p><p><span style=\"color: #000000;\">Cette action de nettoyage de la plage de Castillo Grande (Carthag\u00e8ne des Indes) a rassembl\u00e9 40 b\u00e9n\u00e9voles qui sont parvenus \u00e0 collecter 56 kilos de r\u00e9sidus. Avec ce type d&rsquo;initiatives au sein de Synthesia, nous entendons d\u00e9velopper une \u00e9conomie circulaire et promouvoir une plus grande durabilit\u00e9 et une conscience environnementale. Merci beaucoup \u00e0 tous les participants !<\/span><\/p>\t\t\t\t\t\t\t\t<\/div>\n\t\t\t\t<\/div>\n\t\t\t\t<div class=\"elementor-element elementor-element-c6d00bf elementor-widget elementor-widget-video\" data-id=\"c6d00bf\" data-element_type=\"widget\" data-e-type=\"widget\" data-settings=\"{&quot;video_type&quot;:&quot;hosted&quot;,&quot;show_image_overlay&quot;:&quot;yes&quot;,&quot;image_overlay&quot;:{&quot;url&quot;:&quot;https:\\\/\\\/www.synthesia.com\\\/wp-content\\\/uploads\\\/2021\\\/09\\\/1_video.png&quot;,&quot;id&quot;:15105,&quot;size&quot;:&quot;&quot;,&quot;alt&quot;:&quot;&quot;,&quot;source&quot;:&quot;library&quot;},&quot;lightbox&quot;:&quot;yes&quot;,&quot;controls&quot;:&quot;yes&quot;}\" data-widget_type=\"video.default\">\n\t\t\t\t<div class=\"elementor-widget-container\">\n\t\t\t\t\t\t\t<div class=\"e-hosted-video elementor-wrapper elementor-open-lightbox\">\n\t\t\t\t\t\t\t<div class=\"elementor-custom-embed-image-overlay\" data-elementor-open-lightbox=\"yes\" data-elementor-lightbox=\"{&quot;type&quot;:&quot;video&quot;,&quot;videoType&quot;:&quot;hosted&quot;,&quot;url&quot;:&quot;https:\\\/\\\/www.synthesia.com\\\/wp-content\\\/uploads\\\/videos\\\/recogida-de-plasticos-de-synthesia-colombia-en-cartagena-de-indias.mp4&quot;,&quot;autoplay&quot;:&quot;&quot;,&quot;modalOptions&quot;:{&quot;id&quot;:&quot;elementor-lightbox-c6d00bf&quot;,&quot;entranceAnimation&quot;:&quot;&quot;,&quot;entranceAnimation_tablet&quot;:&quot;&quot;,&quot;entranceAnimation_mobile&quot;:&quot;&quot;,&quot;videoAspectRatio&quot;:&quot;169&quot;},&quot;videoParams&quot;:{&quot;controls&quot;:&quot;&quot;,&quot;preload&quot;:&quot;metadata&quot;,&quot;controlsList&quot;:&quot;nodownload&quot;}}\" data-e-action-hash=\"#elementor-action%3Aaction%3Dlightbox%26settings%3DeyJ0eXBlIjoidmlkZW8iLCJ2aWRlb1R5cGUiOiJob3N0ZWQiLCJ1cmwiOiJodHRwczpcL1wvd3d3LnN5bnRoZXNpYS5jb21cL3dwLWNvbnRlbnRcL3VwbG9hZHNcL3ZpZGVvc1wvcmVjb2dpZGEtZGUtcGxhc3RpY29zLWRlLXN5bnRoZXNpYS1jb2xvbWJpYS1lbi1jYXJ0YWdlbmEtZGUtaW5kaWFzLm1wNCIsImF1dG9wbGF5IjoiIiwibW9kYWxPcHRpb25zIjp7ImlkIjoiZWxlbWVudG9yLWxpZ2h0Ym94LWM2ZDAwYmYiLCJlbnRyYW5jZUFuaW1hdGlvbiI6IiIsImVudHJhbmNlQW5pbWF0aW9uX3RhYmxldCI6IiIsImVudHJhbmNlQW5pbWF0aW9uX21vYmlsZSI6IiIsInZpZGVvQXNwZWN0UmF0aW8iOiIxNjkifSwidmlkZW9QYXJhbXMiOnsiY29udHJvbHMiOiIiLCJwcmVsb2FkIjoibWV0YWRhdGEiLCJjb250cm9sc0xpc3QiOiJub2Rvd25sb2FkIn19\">\n\t\t\t\t\t\t\t\t\t\t\t<img decoding=\"async\" width=\"1471\" height=\"751\" src=\"https:\/\/www.synthesia.com\/wp-content\/uploads\/2021\/09\/1_video.png\" class=\"attachment-full size-full wp-image-15105\" alt=\"\" srcset=\"https:\/\/www.synthesia.com\/wp-content\/uploads\/2021\/09\/1_video.png 1471w, https:\/\/www.synthesia.com\/wp-content\/uploads\/2021\/09\/1_video-300x153.png 300w, https:\/\/www.synthesia.com\/wp-content\/uploads\/2021\/09\/1_video-1024x523.png 1024w, https:\/\/www.synthesia.com\/wp-content\/uploads\/2021\/09\/1_video-768x392.png 768w\" sizes=\"(max-width: 1471px) 100vw, 1471px\" \/>\t\t\t\t\t\t\t\t\t\t\t\t\t\t\t\t<div class=\"elementor-custom-embed-play\" role=\"button\" aria-label=\"Lire la vid\u00e9o\" tabindex=\"0\">\n\t\t\t\t\t\t\t<i aria-hidden=\"true\" class=\"eicon-play\"><\/i>\t\t\t\t\t\t<\/div>\n\t\t\t\t\t\t\t\t\t<\/div>\n\t\t\t\t\t<\/div>\n\t\t\t\t\t\t<\/div>\n\t\t\t\t<\/div>\n\t\t\t\t\t<\/div>\n\t\t<\/div>\n\t\t\t\t\t<\/div>\n\t\t<\/section>\n\t\t\t\t<\/div>\n\t\t","protected":false},"excerpt":{"rendered":"<p>L&rsquo;action b\u00e9n\u00e9vole men\u00e9e par la branche colombienne de Synthesia a permis de d\u00e9barrasser des d\u00e9chets plastiques la plage de Castillo Grande \u00e0 Carthag\u00e8ne des Indes. <\/p>\n","protected":false},"author":5,"featured_media":11273,"comment_status":"open","ping_status":"open","sticky":false,"template":"","format":"standard","meta":{"content-type":"","footnotes":""},"categories":[38],"tags":[],"class_list":["post-11272","post","type-post","status-publish","format-standard","has-post-thumbnail","hentry","category-bez-kategorii"],"yoast_head":"<!-- This site is optimized with the Yoast SEO plugin v28.3 - https:\/\/yoast.com\/product\/yoast-seo-wordpress\/ -->\n<title>Op\u00e9ration de ramassage des d\u00e9chets plastiques sur le littoral de Cartagena de Indias (Colombie) - Synthesia<\/title>\n<meta name=\"description\" content=\"L&#039;action b\u00e9n\u00e9vole men\u00e9e par la branche colombienne de Synthesia a permis de d\u00e9barrasser des d\u00e9chets plastiques la plage de Castillo Grande \u00e0 Carthag\u00e8ne des Indes.\" \/>\n<meta name=\"robots\" content=\"index, follow, max-snippet:-1, max-image-preview:large, max-video-preview:-1\" \/>\n<link rel=\"canonical\" href=\"https:\/\/www.synthesia.com\/fr\/operation-de-ramassage-des-dechets-plastiques-sur-le-littoral-de-carthagene-des-indes-colombie\/\" \/>\n<meta property=\"og:locale\" content=\"fr_FR\" \/>\n<meta property=\"og:type\" content=\"article\" \/>\n<meta property=\"og:title\" content=\"Op\u00e9ration de ramassage des d\u00e9chets plastiques sur le littoral de Cartagena de Indias (Colombie) - Synthesia\" \/>\n<meta property=\"og:description\" content=\"L&#039;action b\u00e9n\u00e9vole men\u00e9e par la branche colombienne de Synthesia a permis de d\u00e9barrasser des d\u00e9chets plastiques la plage de Castillo Grande \u00e0 Carthag\u00e8ne des Indes.\" \/>\n<meta property=\"og:url\" content=\"https:\/\/www.synthesia.com\/fr\/operation-de-ramassage-des-dechets-plastiques-sur-le-littoral-de-carthagene-des-indes-colombie\/\" \/>\n<meta property=\"og:site_name\" content=\"Synthesia\" \/>\n<meta property=\"article:published_time\" content=\"2021-09-03T07:45:00+00:00\" \/>\n<meta property=\"article:modified_time\" content=\"2022-04-08T12:15:08+00:00\" \/>\n<meta property=\"og:image\" content=\"https:\/\/www.synthesia.com\/wp-content\/uploads\/2021\/08\/2-Recogida-plasticos-playa-Cartagena-Indias-Colombia.jpg\" \/>\n\t<meta property=\"og:image:width\" content=\"1281\" \/>\n\t<meta property=\"og:image:height\" content=\"855\" \/>\n\t<meta property=\"og:image:type\" content=\"image\/jpeg\" \/>\n<meta name=\"author\" content=\"maratum\" \/>\n<meta name=\"twitter:card\" content=\"summary_large_image\" \/>\n<meta name=\"twitter:label1\" content=\"\u00c9crit par\" \/>\n\t<meta name=\"twitter:data1\" content=\"maratum\" \/>\n\t<meta name=\"twitter:label2\" content=\"Dur\u00e9e de lecture estim\u00e9e\" \/>\n\t<meta name=\"twitter:data2\" content=\"2 minutes\" \/>\n<script type=\"application\/ld+json\" class=\"yoast-schema-graph\">{\"@context\":\"https:\\\/\\\/schema.org\",\"@graph\":[{\"@type\":\"Article\",\"@id\":\"https:\\\/\\\/www.synthesia.com\\\/fr\\\/operation-de-ramassage-des-dechets-plastiques-sur-le-littoral-de-carthagene-des-indes-colombie\\\/#article\",\"isPartOf\":{\"@id\":\"https:\\\/\\\/www.synthesia.com\\\/fr\\\/operation-de-ramassage-des-dechets-plastiques-sur-le-littoral-de-carthagene-des-indes-colombie\\\/\"},\"author\":{\"name\":\"maratum\",\"@id\":\"https:\\\/\\\/www.synthesia.com\\\/fr\\\/#\\\/schema\\\/person\\\/d1efac9168167b1d64ec022161621e21\"},\"headline\":\"Op\u00e9ration de ramassage des d\u00e9chets plastiques sur le littoral de Cartagena de Indias (Colombie)\",\"datePublished\":\"2021-09-03T07:45:00+00:00\",\"dateModified\":\"2022-04-08T12:15:08+00:00\",\"mainEntityOfPage\":{\"@id\":\"https:\\\/\\\/www.synthesia.com\\\/fr\\\/operation-de-ramassage-des-dechets-plastiques-sur-le-littoral-de-carthagene-des-indes-colombie\\\/\"},\"wordCount\":176,\"commentCount\":0,\"publisher\":{\"@id\":\"https:\\\/\\\/www.synthesia.com\\\/fr\\\/#organization\"},\"image\":{\"@id\":\"https:\\\/\\\/www.synthesia.com\\\/fr\\\/operation-de-ramassage-des-dechets-plastiques-sur-le-littoral-de-carthagene-des-indes-colombie\\\/#primaryimage\"},\"thumbnailUrl\":\"https:\\\/\\\/www.synthesia.com\\\/wp-content\\\/uploads\\\/2021\\\/08\\\/2-Recogida-plasticos-playa-Cartagena-Indias-Colombia.jpg\",\"articleSection\":[\"Bez kategorii\"],\"inLanguage\":\"fr-FR\",\"potentialAction\":[{\"@type\":\"CommentAction\",\"name\":\"Comment\",\"target\":[\"https:\\\/\\\/www.synthesia.com\\\/fr\\\/operation-de-ramassage-des-dechets-plastiques-sur-le-littoral-de-carthagene-des-indes-colombie\\\/#respond\"]}]},{\"@type\":\"WebPage\",\"@id\":\"https:\\\/\\\/www.synthesia.com\\\/fr\\\/operation-de-ramassage-des-dechets-plastiques-sur-le-littoral-de-carthagene-des-indes-colombie\\\/\",\"url\":\"https:\\\/\\\/www.synthesia.com\\\/fr\\\/operation-de-ramassage-des-dechets-plastiques-sur-le-littoral-de-carthagene-des-indes-colombie\\\/\",\"name\":\"Op\u00e9ration de ramassage des d\u00e9chets plastiques sur le littoral de Cartagena de Indias (Colombie) - Synthesia\",\"isPartOf\":{\"@id\":\"https:\\\/\\\/www.synthesia.com\\\/fr\\\/#website\"},\"primaryImageOfPage\":{\"@id\":\"https:\\\/\\\/www.synthesia.com\\\/fr\\\/operation-de-ramassage-des-dechets-plastiques-sur-le-littoral-de-carthagene-des-indes-colombie\\\/#primaryimage\"},\"image\":{\"@id\":\"https:\\\/\\\/www.synthesia.com\\\/fr\\\/operation-de-ramassage-des-dechets-plastiques-sur-le-littoral-de-carthagene-des-indes-colombie\\\/#primaryimage\"},\"thumbnailUrl\":\"https:\\\/\\\/www.synthesia.com\\\/wp-content\\\/uploads\\\/2021\\\/08\\\/2-Recogida-plasticos-playa-Cartagena-Indias-Colombia.jpg\",\"datePublished\":\"2021-09-03T07:45:00+00:00\",\"dateModified\":\"2022-04-08T12:15:08+00:00\",\"description\":\"L'action b\u00e9n\u00e9vole men\u00e9e par la branche colombienne de Synthesia a permis de d\u00e9barrasser des d\u00e9chets plastiques la plage de Castillo Grande \u00e0 Carthag\u00e8ne des Indes.\",\"breadcrumb\":{\"@id\":\"https:\\\/\\\/www.synthesia.com\\\/fr\\\/operation-de-ramassage-des-dechets-plastiques-sur-le-littoral-de-carthagene-des-indes-colombie\\\/#breadcrumb\"},\"inLanguage\":\"fr-FR\",\"potentialAction\":[{\"@type\":\"ReadAction\",\"target\":[\"https:\\\/\\\/www.synthesia.com\\\/fr\\\/operation-de-ramassage-des-dechets-plastiques-sur-le-littoral-de-carthagene-des-indes-colombie\\\/\"]}]},{\"@type\":\"ImageObject\",\"inLanguage\":\"fr-FR\",\"@id\":\"https:\\\/\\\/www.synthesia.com\\\/fr\\\/operation-de-ramassage-des-dechets-plastiques-sur-le-littoral-de-carthagene-des-indes-colombie\\\/#primaryimage\",\"url\":\"https:\\\/\\\/www.synthesia.com\\\/wp-content\\\/uploads\\\/2021\\\/08\\\/2-Recogida-plasticos-playa-Cartagena-Indias-Colombia.jpg\",\"contentUrl\":\"https:\\\/\\\/www.synthesia.com\\\/wp-content\\\/uploads\\\/2021\\\/08\\\/2-Recogida-plasticos-playa-Cartagena-Indias-Colombia.jpg\",\"width\":1281,\"height\":855},{\"@type\":\"BreadcrumbList\",\"@id\":\"https:\\\/\\\/www.synthesia.com\\\/fr\\\/operation-de-ramassage-des-dechets-plastiques-sur-le-littoral-de-carthagene-des-indes-colombie\\\/#breadcrumb\",\"itemListElement\":[{\"@type\":\"ListItem\",\"position\":1,\"name\":\"Portada\",\"item\":\"https:\\\/\\\/www.synthesia.com\\\/fr\\\/\"},{\"@type\":\"ListItem\",\"position\":2,\"name\":\"Op\u00e9ration de ramassage des d\u00e9chets plastiques sur le littoral de Cartagena de Indias (Colombie)\"}]},{\"@type\":\"WebSite\",\"@id\":\"https:\\\/\\\/www.synthesia.com\\\/fr\\\/#website\",\"url\":\"https:\\\/\\\/www.synthesia.com\\\/fr\\\/\",\"name\":\"Synthesia\",\"description\":\"\",\"publisher\":{\"@id\":\"https:\\\/\\\/www.synthesia.com\\\/fr\\\/#organization\"},\"potentialAction\":[{\"@type\":\"SearchAction\",\"target\":{\"@type\":\"EntryPoint\",\"urlTemplate\":\"https:\\\/\\\/www.synthesia.com\\\/fr\\\/?s={search_term_string}\"},\"query-input\":{\"@type\":\"PropertyValueSpecification\",\"valueRequired\":true,\"valueName\":\"search_term_string\"}}],\"inLanguage\":\"fr-FR\"},{\"@type\":\"Organization\",\"@id\":\"https:\\\/\\\/www.synthesia.com\\\/fr\\\/#organization\",\"name\":\"Synthesia Technology S.L.U\",\"url\":\"https:\\\/\\\/www.synthesia.com\\\/fr\\\/\",\"logo\":{\"@type\":\"ImageObject\",\"inLanguage\":\"fr-FR\",\"@id\":\"https:\\\/\\\/www.synthesia.com\\\/fr\\\/#\\\/schema\\\/logo\\\/image\\\/\",\"url\":\"https:\\\/\\\/www.synthesia.com\\\/wp-content\\\/uploads\\\/2020\\\/09\\\/cropped-synthesia-technology-logo.png\",\"contentUrl\":\"https:\\\/\\\/www.synthesia.com\\\/wp-content\\\/uploads\\\/2020\\\/09\\\/cropped-synthesia-technology-logo.png\",\"width\":198,\"height\":67,\"caption\":\"Synthesia Technology S.L.U\"},\"image\":{\"@id\":\"https:\\\/\\\/www.synthesia.com\\\/fr\\\/#\\\/schema\\\/logo\\\/image\\\/\"}},{\"@type\":\"Person\",\"@id\":\"https:\\\/\\\/www.synthesia.com\\\/fr\\\/#\\\/schema\\\/person\\\/d1efac9168167b1d64ec022161621e21\",\"name\":\"maratum\"}]}<\/script>\n<!-- \/ Yoast SEO plugin. -->","yoast_head_json":{"title":"Op\u00e9ration de ramassage des d\u00e9chets plastiques sur le littoral de Cartagena de Indias (Colombie) - Synthesia","description":"L'action b\u00e9n\u00e9vole men\u00e9e par la branche colombienne de Synthesia a permis de d\u00e9barrasser des d\u00e9chets plastiques la plage de Castillo Grande \u00e0 Carthag\u00e8ne des Indes.","robots":{"index":"index","follow":"follow","max-snippet":"max-snippet:-1","max-image-preview":"max-image-preview:large","max-video-preview":"max-video-preview:-1"},"canonical":"https:\/\/www.synthesia.com\/fr\/operation-de-ramassage-des-dechets-plastiques-sur-le-littoral-de-carthagene-des-indes-colombie\/","og_locale":"fr_FR","og_type":"article","og_title":"Op\u00e9ration de ramassage des d\u00e9chets plastiques sur le littoral de Cartagena de Indias (Colombie) - Synthesia","og_description":"L'action b\u00e9n\u00e9vole men\u00e9e par la branche colombienne de Synthesia a permis de d\u00e9barrasser des d\u00e9chets plastiques la plage de Castillo Grande \u00e0 Carthag\u00e8ne des Indes.","og_url":"https:\/\/www.synthesia.com\/fr\/operation-de-ramassage-des-dechets-plastiques-sur-le-littoral-de-carthagene-des-indes-colombie\/","og_site_name":"Synthesia","article_published_time":"2021-09-03T07:45:00+00:00","article_modified_time":"2022-04-08T12:15:08+00:00","og_image":[{"width":1281,"height":855,"url":"https:\/\/www.synthesia.com\/wp-content\/uploads\/2021\/08\/2-Recogida-plasticos-playa-Cartagena-Indias-Colombia.jpg","type":"image\/jpeg"}],"author":"maratum","twitter_card":"summary_large_image","twitter_misc":{"\u00c9crit par":"maratum","Dur\u00e9e de lecture estim\u00e9e":"2 minutes"},"schema":{"@context":"https:\/\/schema.org","@graph":[{"@type":"Article","@id":"https:\/\/www.synthesia.com\/fr\/operation-de-ramassage-des-dechets-plastiques-sur-le-littoral-de-carthagene-des-indes-colombie\/#article","isPartOf":{"@id":"https:\/\/www.synthesia.com\/fr\/operation-de-ramassage-des-dechets-plastiques-sur-le-littoral-de-carthagene-des-indes-colombie\/"},"author":{"name":"maratum","@id":"https:\/\/www.synthesia.com\/fr\/#\/schema\/person\/d1efac9168167b1d64ec022161621e21"},"headline":"Op\u00e9ration de ramassage des d\u00e9chets plastiques sur le littoral de Cartagena de Indias (Colombie)","datePublished":"2021-09-03T07:45:00+00:00","dateModified":"2022-04-08T12:15:08+00:00","mainEntityOfPage":{"@id":"https:\/\/www.synthesia.com\/fr\/operation-de-ramassage-des-dechets-plastiques-sur-le-littoral-de-carthagene-des-indes-colombie\/"},"wordCount":176,"commentCount":0,"publisher":{"@id":"https:\/\/www.synthesia.com\/fr\/#organization"},"image":{"@id":"https:\/\/www.synthesia.com\/fr\/operation-de-ramassage-des-dechets-plastiques-sur-le-littoral-de-carthagene-des-indes-colombie\/#primaryimage"},"thumbnailUrl":"https:\/\/www.synthesia.com\/wp-content\/uploads\/2021\/08\/2-Recogida-plasticos-playa-Cartagena-Indias-Colombia.jpg","articleSection":["Bez kategorii"],"inLanguage":"fr-FR","potentialAction":[{"@type":"CommentAction","name":"Comment","target":["https:\/\/www.synthesia.com\/fr\/operation-de-ramassage-des-dechets-plastiques-sur-le-littoral-de-carthagene-des-indes-colombie\/#respond"]}]},{"@type":"WebPage","@id":"https:\/\/www.synthesia.com\/fr\/operation-de-ramassage-des-dechets-plastiques-sur-le-littoral-de-carthagene-des-indes-colombie\/","url":"https:\/\/www.synthesia.com\/fr\/operation-de-ramassage-des-dechets-plastiques-sur-le-littoral-de-carthagene-des-indes-colombie\/","name":"Op\u00e9ration de ramassage des d\u00e9chets plastiques sur le littoral de Cartagena de Indias (Colombie) - Synthesia","isPartOf":{"@id":"https:\/\/www.synthesia.com\/fr\/#website"},"primaryImageOfPage":{"@id":"https:\/\/www.synthesia.com\/fr\/operation-de-ramassage-des-dechets-plastiques-sur-le-littoral-de-carthagene-des-indes-colombie\/#primaryimage"},"image":{"@id":"https:\/\/www.synthesia.com\/fr\/operation-de-ramassage-des-dechets-plastiques-sur-le-littoral-de-carthagene-des-indes-colombie\/#primaryimage"},"thumbnailUrl":"https:\/\/www.synthesia.com\/wp-content\/uploads\/2021\/08\/2-Recogida-plasticos-playa-Cartagena-Indias-Colombia.jpg","datePublished":"2021-09-03T07:45:00+00:00","dateModified":"2022-04-08T12:15:08+00:00","description":"L'action b\u00e9n\u00e9vole men\u00e9e par la branche colombienne de Synthesia a permis de d\u00e9barrasser des d\u00e9chets plastiques la plage de Castillo Grande \u00e0 Carthag\u00e8ne des Indes.","breadcrumb":{"@id":"https:\/\/www.synthesia.com\/fr\/operation-de-ramassage-des-dechets-plastiques-sur-le-littoral-de-carthagene-des-indes-colombie\/#breadcrumb"},"inLanguage":"fr-FR","potentialAction":[{"@type":"ReadAction","target":["https:\/\/www.synthesia.com\/fr\/operation-de-ramassage-des-dechets-plastiques-sur-le-littoral-de-carthagene-des-indes-colombie\/"]}]},{"@type":"ImageObject","inLanguage":"fr-FR","@id":"https:\/\/www.synthesia.com\/fr\/operation-de-ramassage-des-dechets-plastiques-sur-le-littoral-de-carthagene-des-indes-colombie\/#primaryimage","url":"https:\/\/www.synthesia.com\/wp-content\/uploads\/2021\/08\/2-Recogida-plasticos-playa-Cartagena-Indias-Colombia.jpg","contentUrl":"https:\/\/www.synthesia.com\/wp-content\/uploads\/2021\/08\/2-Recogida-plasticos-playa-Cartagena-Indias-Colombia.jpg","width":1281,"height":855},{"@type":"BreadcrumbList","@id":"https:\/\/www.synthesia.com\/fr\/operation-de-ramassage-des-dechets-plastiques-sur-le-littoral-de-carthagene-des-indes-colombie\/#breadcrumb","itemListElement":[{"@type":"ListItem","position":1,"name":"Portada","item":"https:\/\/www.synthesia.com\/fr\/"},{"@type":"ListItem","position":2,"name":"Op\u00e9ration de ramassage des d\u00e9chets plastiques sur le littoral de Cartagena de Indias (Colombie)"}]},{"@type":"WebSite","@id":"https:\/\/www.synthesia.com\/fr\/#website","url":"https:\/\/www.synthesia.com\/fr\/","name":"Synthesia","description":"","publisher":{"@id":"https:\/\/www.synthesia.com\/fr\/#organization"},"potentialAction":[{"@type":"SearchAction","target":{"@type":"EntryPoint","urlTemplate":"https:\/\/www.synthesia.com\/fr\/?s={search_term_string}"},"query-input":{"@type":"PropertyValueSpecification","valueRequired":true,"valueName":"search_term_string"}}],"inLanguage":"fr-FR"},{"@type":"Organization","@id":"https:\/\/www.synthesia.com\/fr\/#organization","name":"Synthesia Technology S.L.U","url":"https:\/\/www.synthesia.com\/fr\/","logo":{"@type":"ImageObject","inLanguage":"fr-FR","@id":"https:\/\/www.synthesia.com\/fr\/#\/schema\/logo\/image\/","url":"https:\/\/www.synthesia.com\/wp-content\/uploads\/2020\/09\/cropped-synthesia-technology-logo.png","contentUrl":"https:\/\/www.synthesia.com\/wp-content\/uploads\/2020\/09\/cropped-synthesia-technology-logo.png","width":198,"height":67,"caption":"Synthesia Technology S.L.U"},"image":{"@id":"https:\/\/www.synthesia.com\/fr\/#\/schema\/logo\/image\/"}},{"@type":"Person","@id":"https:\/\/www.synthesia.com\/fr\/#\/schema\/person\/d1efac9168167b1d64ec022161621e21","name":"maratum"}]}},"_links":{"self":[{"href":"https:\/\/www.synthesia.com\/fr\/wp-json\/wp\/v2\/posts\/11272","targetHints":{"allow":["GET"]}}],"collection":[{"href":"https:\/\/www.synthesia.com\/fr\/wp-json\/wp\/v2\/posts"}],"about":[{"href":"https:\/\/www.synthesia.com\/fr\/wp-json\/wp\/v2\/types\/post"}],"author":[{"embeddable":true,"href":"https:\/\/www.synthesia.com\/fr\/wp-json\/wp\/v2\/users\/5"}],"replies":[{"embeddable":true,"href":"https:\/\/www.synthesia.com\/fr\/wp-json\/wp\/v2\/comments?post=11272"}],"version-history":[{"count":9,"href":"https:\/\/www.synthesia.com\/fr\/wp-json\/wp\/v2\/posts\/11272\/revisions"}],"predecessor-version":[{"id":18497,"href":"https:\/\/www.synthesia.com\/fr\/wp-json\/wp\/v2\/posts\/11272\/revisions\/18497"}],"wp:featuredmedia":[{"embeddable":true,"href":"https:\/\/www.synthesia.com\/fr\/wp-json\/wp\/v2\/media\/11273"}],"wp:attachment":[{"href":"https:\/\/www.synthesia.com\/fr\/wp-json\/wp\/v2\/media?parent=11272"}],"wp:term":[{"taxonomy":"category","embeddable":true,"href":"https:\/\/www.synthesia.com\/fr\/wp-json\/wp\/v2\/categories?post=11272"},{"taxonomy":"post_tag","embeddable":true,"href":"https:\/\/www.synthesia.com\/fr\/wp-json\/wp\/v2\/tags?post=11272"}],"curies":[{"name":"wp","href":"https:\/\/api.w.org\/{rel}","templated":true}]}}