{"id":19821,"date":"2022-10-28T10:43:45","date_gmt":"2022-10-28T08:43:45","guid":{"rendered":"https:\/\/www.synthesia.com\/?p=19821"},"modified":"2022-10-28T12:54:46","modified_gmt":"2022-10-28T10:54:46","slug":"social-project-renovation-of-the-san-jose-de-leonessa-parish-hall-in-cartagena-colombia","status":"publish","type":"post","link":"https:\/\/www.synthesia.com\/en\/social-project-renovation-of-the-san-jose-de-leonessa-parish-hall-in-cartagena-colombia\/","title":{"rendered":"Social project: Renovation of parish hall in Cartagena"},"content":{"rendered":"<p><span style=\"font-weight: 400;\">On 30 September 2022 the inauguration event of the renovation of the San Jos\u00e9 de Leonessa Parish Hall in San Jos\u00e9 de los Campanos, a low-income neighbourhood in Cartagena (Colombia) took place.<\/span><\/p>\n<p><span style=\"font-weight: 400;\">The renovation of the Parish Hall was made possible by <\/span><b>Synthesia Technology Colombia<\/b><span style=\"font-weight: 400;\"> and <\/span><b>Kingspan Colombia<\/b><span style=\"font-weight: 400;\">, who carried out the project to replace the old metal roof with Kingspan\u2019s <\/span><b>KingRoof<\/b><span style=\"font-weight: 400;\"> panel. This panel incorporates a technology and more sustainable materials that act as thermal and acoustic insulation to help improve the quality of life of the community.<\/span><\/p>\n<p><img fetchpriority=\"high\" decoding=\"async\" class=\"aligncenter wp-image-19812 size-full\" src=\"https:\/\/www.synthesia.com\/wp-content\/uploads\/2022\/10\/DSC_0837-copia-min-scaled.jpeg\" alt=\"Social project: Renovation of the San Jos\u00e9 de Leonessa Parish Hall in Cartagena (Colombia)\" width=\"2560\" height=\"1707\" srcset=\"https:\/\/www.synthesia.com\/wp-content\/uploads\/2022\/10\/DSC_0837-copia-min-scaled.jpeg 2560w, https:\/\/www.synthesia.com\/wp-content\/uploads\/2022\/10\/DSC_0837-copia-min-300x200.jpeg 300w, https:\/\/www.synthesia.com\/wp-content\/uploads\/2022\/10\/DSC_0837-copia-min-1024x683.jpeg 1024w, https:\/\/www.synthesia.com\/wp-content\/uploads\/2022\/10\/DSC_0837-copia-min-768x512.jpeg 768w, https:\/\/www.synthesia.com\/wp-content\/uploads\/2022\/10\/DSC_0837-copia-min-1536x1024.jpeg 1536w, https:\/\/www.synthesia.com\/wp-content\/uploads\/2022\/10\/DSC_0837-copia-min-2048x1365.jpeg 2048w\" sizes=\"(max-width: 2560px) 100vw, 2560px\" \/><\/p>\n<p><span style=\"font-weight: 400;\">This project will generate a great social impact as the Parish helps and supports more than 139 families in the neighbourhood, especially the children who live there, with social projects such as the \u201cbuilding smiles\u201d dining room or community actions ranging from school reinforcement for children between 6 and 14 years old to support for nursing mothers. The parish of San Jos\u00e9 de Leonessa acts not only as a centre for worship but is also part of the social environment of the community, a place to meet, congregate, pray and share many of its activities.<\/span><\/p>\n<p><img decoding=\"async\" class=\"aligncenter wp-image-19808 size-full\" src=\"https:\/\/www.synthesia.com\/wp-content\/uploads\/2022\/10\/DSC_0741-min-scaled.jpeg\" alt=\"Social project: Renovation of the San Jos\u00e9 de Leonessa Parish Hall in Cartagena (Colombia)\" width=\"2560\" height=\"1706\" srcset=\"https:\/\/www.synthesia.com\/wp-content\/uploads\/2022\/10\/DSC_0741-min-scaled.jpeg 2560w, https:\/\/www.synthesia.com\/wp-content\/uploads\/2022\/10\/DSC_0741-min-300x200.jpeg 300w, https:\/\/www.synthesia.com\/wp-content\/uploads\/2022\/10\/DSC_0741-min-1024x683.jpeg 1024w, https:\/\/www.synthesia.com\/wp-content\/uploads\/2022\/10\/DSC_0741-min-768x512.jpeg 768w, https:\/\/www.synthesia.com\/wp-content\/uploads\/2022\/10\/DSC_0741-min-1536x1024.jpeg 1536w, https:\/\/www.synthesia.com\/wp-content\/uploads\/2022\/10\/DSC_0741-min-2048x1365.jpeg 2048w\" sizes=\"(max-width: 2560px) 100vw, 2560px\" \/><\/p>\n<p><span style=\"font-weight: 400;\">The inauguration event, which was attended by Maria Jimena Tovar, Business Director LATAM of Synthesia and John Torres, General Manager of Kingspan Colombia, was very emotional: the children of the neighbourhood presented a diploma to both representatives in gratitude and different celebratory dances were performed, as well as the blessing of the building by the parish priest.<\/span><\/p>\n<p><img decoding=\"async\" class=\"aligncenter wp-image-19816 size-full\" src=\"https:\/\/www.synthesia.com\/wp-content\/uploads\/2022\/10\/Placa-agradecimiento-min.jpg\" alt=\"Social project: Renovation of the San Jos\u00e9 de Leonessa Parish Hall in Cartagena (Colombia)\" width=\"858\" height=\"661\" srcset=\"https:\/\/www.synthesia.com\/wp-content\/uploads\/2022\/10\/Placa-agradecimiento-min.jpg 858w, https:\/\/www.synthesia.com\/wp-content\/uploads\/2022\/10\/Placa-agradecimiento-min-300x231.jpg 300w, https:\/\/www.synthesia.com\/wp-content\/uploads\/2022\/10\/Placa-agradecimiento-min-768x592.jpg 768w\" sizes=\"(max-width: 858px) 100vw, 858px\" \/><\/p>\n<p><span style=\"font-weight: 400;\">Initiatives of this kind are of great importance to help the communities that need it most, especially the children, so that they can have a better future.<\/span><\/p>\n<div style=\"width: 640px;\" class=\"wp-video\"><video class=\"wp-video-shortcode\" id=\"video-19821-1\" width=\"640\" height=\"360\" preload=\"metadata\" controls=\"controls\"><source type=\"video\/mp4\" src=\"https:\/\/www.synthesia.com\/wp-content\/uploads\/videos\/video-kingspan-sanjosedeleonessa.mp4?_=1\" \/><a href=\"https:\/\/www.synthesia.com\/wp-content\/uploads\/videos\/video-kingspan-sanjosedeleonessa.mp4\">https:\/\/www.synthesia.com\/wp-content\/uploads\/videos\/video-kingspan-sanjosedeleonessa.mp4<\/a><\/video><\/div>\n<p>&nbsp;<\/p>\n","protected":false},"excerpt":{"rendered":"<p>Synthesia Technology Colombia and Kingspan Colombia have collaborated on the renovation of the roof of a parish hall in Cartagena (Colombia).<\/p>\n","protected":false},"author":5,"featured_media":19804,"comment_status":"open","ping_status":"open","sticky":false,"template":"","format":"standard","meta":{"content-type":"","footnotes":""},"categories":[15],"tags":[],"class_list":["post-19821","post","type-post","status-publish","format-standard","has-post-thumbnail","hentry","category-news"],"yoast_head":"<!-- This site is optimized with the Yoast SEO plugin v28.3 - https:\/\/yoast.com\/product\/yoast-seo-wordpress\/ -->\n<title>Social project: Renovation of parish hall in Cartagena - Synthesia<\/title>\n<meta name=\"description\" content=\"On 30 September 2022 the inauguration event of the renovation of the San Jos\u00e9 de Leonessa Parish Hall in San Jos\u00e9 de los Campanos, a low-income neighbourhood in Cartagena (Colombia) took place.\" \/>\n<meta name=\"robots\" content=\"index, follow, max-snippet:-1, max-image-preview:large, max-video-preview:-1\" \/>\n<link rel=\"canonical\" href=\"https:\/\/www.synthesia.com\/en\/social-project-renovation-of-the-san-jose-de-leonessa-parish-hall-in-cartagena-colombia\/\" \/>\n<meta property=\"og:locale\" content=\"en_US\" \/>\n<meta property=\"og:type\" content=\"article\" \/>\n<meta property=\"og:title\" content=\"Social project: Renovation of parish hall in Cartagena - Synthesia\" \/>\n<meta property=\"og:description\" content=\"On 30 September 2022 the inauguration event of the renovation of the San Jos\u00e9 de Leonessa Parish Hall in San Jos\u00e9 de los Campanos, a low-income neighbourhood in Cartagena (Colombia) took place.\" \/>\n<meta property=\"og:url\" content=\"https:\/\/www.synthesia.com\/en\/social-project-renovation-of-the-san-jose-de-leonessa-parish-hall-in-cartagena-colombia\/\" \/>\n<meta property=\"og:site_name\" content=\"Synthesia\" \/>\n<meta property=\"article:published_time\" content=\"2022-10-28T08:43:45+00:00\" \/>\n<meta property=\"article:modified_time\" content=\"2022-10-28T10:54:46+00:00\" \/>\n<meta property=\"og:image\" content=\"https:\/\/www.synthesia.com\/wp-content\/uploads\/2022\/10\/DSC_0685-min-scaled.jpeg\" \/>\n\t<meta property=\"og:image:width\" content=\"2560\" \/>\n\t<meta property=\"og:image:height\" content=\"1707\" \/>\n\t<meta property=\"og:image:type\" content=\"image\/jpeg\" \/>\n<meta name=\"author\" content=\"maratum\" \/>\n<meta name=\"twitter:card\" content=\"summary_large_image\" \/>\n<meta name=\"twitter:label1\" content=\"Written by\" \/>\n\t<meta name=\"twitter:data1\" content=\"maratum\" \/>\n\t<meta name=\"twitter:label2\" content=\"Est. reading time\" \/>\n\t<meta name=\"twitter:data2\" content=\"2 minutes\" \/>\n<script type=\"application\/ld+json\" class=\"yoast-schema-graph\">{\"@context\":\"https:\\\/\\\/schema.org\",\"@graph\":[{\"@type\":\"Article\",\"@id\":\"https:\\\/\\\/www.synthesia.com\\\/en\\\/social-project-renovation-of-the-san-jose-de-leonessa-parish-hall-in-cartagena-colombia\\\/#article\",\"isPartOf\":{\"@id\":\"https:\\\/\\\/www.synthesia.com\\\/en\\\/social-project-renovation-of-the-san-jose-de-leonessa-parish-hall-in-cartagena-colombia\\\/\"},\"author\":{\"name\":\"maratum\",\"@id\":\"https:\\\/\\\/www.synthesia.com\\\/en\\\/#\\\/schema\\\/person\\\/d1efac9168167b1d64ec022161621e21\"},\"headline\":\"Social project: Renovation of parish hall in Cartagena\",\"datePublished\":\"2022-10-28T08:43:45+00:00\",\"dateModified\":\"2022-10-28T10:54:46+00:00\",\"mainEntityOfPage\":{\"@id\":\"https:\\\/\\\/www.synthesia.com\\\/en\\\/social-project-renovation-of-the-san-jose-de-leonessa-parish-hall-in-cartagena-colombia\\\/\"},\"wordCount\":282,\"commentCount\":0,\"publisher\":{\"@id\":\"https:\\\/\\\/www.synthesia.com\\\/en\\\/#organization\"},\"image\":{\"@id\":\"https:\\\/\\\/www.synthesia.com\\\/en\\\/social-project-renovation-of-the-san-jose-de-leonessa-parish-hall-in-cartagena-colombia\\\/#primaryimage\"},\"thumbnailUrl\":\"https:\\\/\\\/www.synthesia.com\\\/wp-content\\\/uploads\\\/2022\\\/10\\\/DSC_0685-min-scaled.jpeg\",\"articleSection\":[\"News\"],\"inLanguage\":\"en-US\",\"potentialAction\":[{\"@type\":\"CommentAction\",\"name\":\"Comment\",\"target\":[\"https:\\\/\\\/www.synthesia.com\\\/en\\\/social-project-renovation-of-the-san-jose-de-leonessa-parish-hall-in-cartagena-colombia\\\/#respond\"]}]},{\"@type\":\"WebPage\",\"@id\":\"https:\\\/\\\/www.synthesia.com\\\/en\\\/social-project-renovation-of-the-san-jose-de-leonessa-parish-hall-in-cartagena-colombia\\\/\",\"url\":\"https:\\\/\\\/www.synthesia.com\\\/en\\\/social-project-renovation-of-the-san-jose-de-leonessa-parish-hall-in-cartagena-colombia\\\/\",\"name\":\"Social project: Renovation of parish hall in Cartagena - Synthesia\",\"isPartOf\":{\"@id\":\"https:\\\/\\\/www.synthesia.com\\\/en\\\/#website\"},\"primaryImageOfPage\":{\"@id\":\"https:\\\/\\\/www.synthesia.com\\\/en\\\/social-project-renovation-of-the-san-jose-de-leonessa-parish-hall-in-cartagena-colombia\\\/#primaryimage\"},\"image\":{\"@id\":\"https:\\\/\\\/www.synthesia.com\\\/en\\\/social-project-renovation-of-the-san-jose-de-leonessa-parish-hall-in-cartagena-colombia\\\/#primaryimage\"},\"thumbnailUrl\":\"https:\\\/\\\/www.synthesia.com\\\/wp-content\\\/uploads\\\/2022\\\/10\\\/DSC_0685-min-scaled.jpeg\",\"datePublished\":\"2022-10-28T08:43:45+00:00\",\"dateModified\":\"2022-10-28T10:54:46+00:00\",\"description\":\"On 30 September 2022 the inauguration event of the renovation of the San Jos\u00e9 de Leonessa Parish Hall in San Jos\u00e9 de los Campanos, a low-income neighbourhood in Cartagena (Colombia) took place.\",\"breadcrumb\":{\"@id\":\"https:\\\/\\\/www.synthesia.com\\\/en\\\/social-project-renovation-of-the-san-jose-de-leonessa-parish-hall-in-cartagena-colombia\\\/#breadcrumb\"},\"inLanguage\":\"en-US\",\"potentialAction\":[{\"@type\":\"ReadAction\",\"target\":[\"https:\\\/\\\/www.synthesia.com\\\/en\\\/social-project-renovation-of-the-san-jose-de-leonessa-parish-hall-in-cartagena-colombia\\\/\"]}]},{\"@type\":\"ImageObject\",\"inLanguage\":\"en-US\",\"@id\":\"https:\\\/\\\/www.synthesia.com\\\/en\\\/social-project-renovation-of-the-san-jose-de-leonessa-parish-hall-in-cartagena-colombia\\\/#primaryimage\",\"url\":\"https:\\\/\\\/www.synthesia.com\\\/wp-content\\\/uploads\\\/2022\\\/10\\\/DSC_0685-min-scaled.jpeg\",\"contentUrl\":\"https:\\\/\\\/www.synthesia.com\\\/wp-content\\\/uploads\\\/2022\\\/10\\\/DSC_0685-min-scaled.jpeg\",\"width\":2560,\"height\":1707,\"caption\":\"Proyecto social: Renovaci\u00f3n del Sal\u00f3n Parroquial San Jos\u00e9 de Leonessa en Cartagena (Colombia)\"},{\"@type\":\"BreadcrumbList\",\"@id\":\"https:\\\/\\\/www.synthesia.com\\\/en\\\/social-project-renovation-of-the-san-jose-de-leonessa-parish-hall-in-cartagena-colombia\\\/#breadcrumb\",\"itemListElement\":[{\"@type\":\"ListItem\",\"position\":1,\"name\":\"Portada\",\"item\":\"https:\\\/\\\/www.synthesia.com\\\/en\\\/\"},{\"@type\":\"ListItem\",\"position\":2,\"name\":\"Social project: Renovation of parish hall in Cartagena\"}]},{\"@type\":\"WebSite\",\"@id\":\"https:\\\/\\\/www.synthesia.com\\\/en\\\/#website\",\"url\":\"https:\\\/\\\/www.synthesia.com\\\/en\\\/\",\"name\":\"Synthesia\",\"description\":\"\",\"publisher\":{\"@id\":\"https:\\\/\\\/www.synthesia.com\\\/en\\\/#organization\"},\"potentialAction\":[{\"@type\":\"SearchAction\",\"target\":{\"@type\":\"EntryPoint\",\"urlTemplate\":\"https:\\\/\\\/www.synthesia.com\\\/en\\\/?s={search_term_string}\"},\"query-input\":{\"@type\":\"PropertyValueSpecification\",\"valueRequired\":true,\"valueName\":\"search_term_string\"}}],\"inLanguage\":\"en-US\"},{\"@type\":\"Organization\",\"@id\":\"https:\\\/\\\/www.synthesia.com\\\/en\\\/#organization\",\"name\":\"Synthesia Technology S.L.U\",\"url\":\"https:\\\/\\\/www.synthesia.com\\\/en\\\/\",\"logo\":{\"@type\":\"ImageObject\",\"inLanguage\":\"en-US\",\"@id\":\"https:\\\/\\\/www.synthesia.com\\\/en\\\/#\\\/schema\\\/logo\\\/image\\\/\",\"url\":\"https:\\\/\\\/www.synthesia.com\\\/wp-content\\\/uploads\\\/2020\\\/09\\\/cropped-synthesia-technology-logo.png\",\"contentUrl\":\"https:\\\/\\\/www.synthesia.com\\\/wp-content\\\/uploads\\\/2020\\\/09\\\/cropped-synthesia-technology-logo.png\",\"width\":198,\"height\":67,\"caption\":\"Synthesia Technology S.L.U\"},\"image\":{\"@id\":\"https:\\\/\\\/www.synthesia.com\\\/en\\\/#\\\/schema\\\/logo\\\/image\\\/\"}},{\"@type\":\"Person\",\"@id\":\"https:\\\/\\\/www.synthesia.com\\\/en\\\/#\\\/schema\\\/person\\\/d1efac9168167b1d64ec022161621e21\",\"name\":\"maratum\"}]}<\/script>\n<!-- \/ Yoast SEO plugin. -->","yoast_head_json":{"title":"Social project: Renovation of parish hall in Cartagena - Synthesia","description":"On 30 September 2022 the inauguration event of the renovation of the San Jos\u00e9 de Leonessa Parish Hall in San Jos\u00e9 de los Campanos, a low-income neighbourhood in Cartagena (Colombia) took place.","robots":{"index":"index","follow":"follow","max-snippet":"max-snippet:-1","max-image-preview":"max-image-preview:large","max-video-preview":"max-video-preview:-1"},"canonical":"https:\/\/www.synthesia.com\/en\/social-project-renovation-of-the-san-jose-de-leonessa-parish-hall-in-cartagena-colombia\/","og_locale":"en_US","og_type":"article","og_title":"Social project: Renovation of parish hall in Cartagena - Synthesia","og_description":"On 30 September 2022 the inauguration event of the renovation of the San Jos\u00e9 de Leonessa Parish Hall in San Jos\u00e9 de los Campanos, a low-income neighbourhood in Cartagena (Colombia) took place.","og_url":"https:\/\/www.synthesia.com\/en\/social-project-renovation-of-the-san-jose-de-leonessa-parish-hall-in-cartagena-colombia\/","og_site_name":"Synthesia","article_published_time":"2022-10-28T08:43:45+00:00","article_modified_time":"2022-10-28T10:54:46+00:00","og_image":[{"width":2560,"height":1707,"url":"https:\/\/www.synthesia.com\/wp-content\/uploads\/2022\/10\/DSC_0685-min-scaled.jpeg","type":"image\/jpeg"}],"author":"maratum","twitter_card":"summary_large_image","twitter_misc":{"Written by":"maratum","Est. reading time":"2 minutes"},"schema":{"@context":"https:\/\/schema.org","@graph":[{"@type":"Article","@id":"https:\/\/www.synthesia.com\/en\/social-project-renovation-of-the-san-jose-de-leonessa-parish-hall-in-cartagena-colombia\/#article","isPartOf":{"@id":"https:\/\/www.synthesia.com\/en\/social-project-renovation-of-the-san-jose-de-leonessa-parish-hall-in-cartagena-colombia\/"},"author":{"name":"maratum","@id":"https:\/\/www.synthesia.com\/en\/#\/schema\/person\/d1efac9168167b1d64ec022161621e21"},"headline":"Social project: Renovation of parish hall in Cartagena","datePublished":"2022-10-28T08:43:45+00:00","dateModified":"2022-10-28T10:54:46+00:00","mainEntityOfPage":{"@id":"https:\/\/www.synthesia.com\/en\/social-project-renovation-of-the-san-jose-de-leonessa-parish-hall-in-cartagena-colombia\/"},"wordCount":282,"commentCount":0,"publisher":{"@id":"https:\/\/www.synthesia.com\/en\/#organization"},"image":{"@id":"https:\/\/www.synthesia.com\/en\/social-project-renovation-of-the-san-jose-de-leonessa-parish-hall-in-cartagena-colombia\/#primaryimage"},"thumbnailUrl":"https:\/\/www.synthesia.com\/wp-content\/uploads\/2022\/10\/DSC_0685-min-scaled.jpeg","articleSection":["News"],"inLanguage":"en-US","potentialAction":[{"@type":"CommentAction","name":"Comment","target":["https:\/\/www.synthesia.com\/en\/social-project-renovation-of-the-san-jose-de-leonessa-parish-hall-in-cartagena-colombia\/#respond"]}]},{"@type":"WebPage","@id":"https:\/\/www.synthesia.com\/en\/social-project-renovation-of-the-san-jose-de-leonessa-parish-hall-in-cartagena-colombia\/","url":"https:\/\/www.synthesia.com\/en\/social-project-renovation-of-the-san-jose-de-leonessa-parish-hall-in-cartagena-colombia\/","name":"Social project: Renovation of parish hall in Cartagena - Synthesia","isPartOf":{"@id":"https:\/\/www.synthesia.com\/en\/#website"},"primaryImageOfPage":{"@id":"https:\/\/www.synthesia.com\/en\/social-project-renovation-of-the-san-jose-de-leonessa-parish-hall-in-cartagena-colombia\/#primaryimage"},"image":{"@id":"https:\/\/www.synthesia.com\/en\/social-project-renovation-of-the-san-jose-de-leonessa-parish-hall-in-cartagena-colombia\/#primaryimage"},"thumbnailUrl":"https:\/\/www.synthesia.com\/wp-content\/uploads\/2022\/10\/DSC_0685-min-scaled.jpeg","datePublished":"2022-10-28T08:43:45+00:00","dateModified":"2022-10-28T10:54:46+00:00","description":"On 30 September 2022 the inauguration event of the renovation of the San Jos\u00e9 de Leonessa Parish Hall in San Jos\u00e9 de los Campanos, a low-income neighbourhood in Cartagena (Colombia) took place.","breadcrumb":{"@id":"https:\/\/www.synthesia.com\/en\/social-project-renovation-of-the-san-jose-de-leonessa-parish-hall-in-cartagena-colombia\/#breadcrumb"},"inLanguage":"en-US","potentialAction":[{"@type":"ReadAction","target":["https:\/\/www.synthesia.com\/en\/social-project-renovation-of-the-san-jose-de-leonessa-parish-hall-in-cartagena-colombia\/"]}]},{"@type":"ImageObject","inLanguage":"en-US","@id":"https:\/\/www.synthesia.com\/en\/social-project-renovation-of-the-san-jose-de-leonessa-parish-hall-in-cartagena-colombia\/#primaryimage","url":"https:\/\/www.synthesia.com\/wp-content\/uploads\/2022\/10\/DSC_0685-min-scaled.jpeg","contentUrl":"https:\/\/www.synthesia.com\/wp-content\/uploads\/2022\/10\/DSC_0685-min-scaled.jpeg","width":2560,"height":1707,"caption":"Proyecto social: Renovaci\u00f3n del Sal\u00f3n Parroquial San Jos\u00e9 de Leonessa en Cartagena (Colombia)"},{"@type":"BreadcrumbList","@id":"https:\/\/www.synthesia.com\/en\/social-project-renovation-of-the-san-jose-de-leonessa-parish-hall-in-cartagena-colombia\/#breadcrumb","itemListElement":[{"@type":"ListItem","position":1,"name":"Portada","item":"https:\/\/www.synthesia.com\/en\/"},{"@type":"ListItem","position":2,"name":"Social project: Renovation of parish hall in Cartagena"}]},{"@type":"WebSite","@id":"https:\/\/www.synthesia.com\/en\/#website","url":"https:\/\/www.synthesia.com\/en\/","name":"Synthesia","description":"","publisher":{"@id":"https:\/\/www.synthesia.com\/en\/#organization"},"potentialAction":[{"@type":"SearchAction","target":{"@type":"EntryPoint","urlTemplate":"https:\/\/www.synthesia.com\/en\/?s={search_term_string}"},"query-input":{"@type":"PropertyValueSpecification","valueRequired":true,"valueName":"search_term_string"}}],"inLanguage":"en-US"},{"@type":"Organization","@id":"https:\/\/www.synthesia.com\/en\/#organization","name":"Synthesia Technology S.L.U","url":"https:\/\/www.synthesia.com\/en\/","logo":{"@type":"ImageObject","inLanguage":"en-US","@id":"https:\/\/www.synthesia.com\/en\/#\/schema\/logo\/image\/","url":"https:\/\/www.synthesia.com\/wp-content\/uploads\/2020\/09\/cropped-synthesia-technology-logo.png","contentUrl":"https:\/\/www.synthesia.com\/wp-content\/uploads\/2020\/09\/cropped-synthesia-technology-logo.png","width":198,"height":67,"caption":"Synthesia Technology S.L.U"},"image":{"@id":"https:\/\/www.synthesia.com\/en\/#\/schema\/logo\/image\/"}},{"@type":"Person","@id":"https:\/\/www.synthesia.com\/en\/#\/schema\/person\/d1efac9168167b1d64ec022161621e21","name":"maratum"}]}},"_links":{"self":[{"href":"https:\/\/www.synthesia.com\/en\/wp-json\/wp\/v2\/posts\/19821","targetHints":{"allow":["GET"]}}],"collection":[{"href":"https:\/\/www.synthesia.com\/en\/wp-json\/wp\/v2\/posts"}],"about":[{"href":"https:\/\/www.synthesia.com\/en\/wp-json\/wp\/v2\/types\/post"}],"author":[{"embeddable":true,"href":"https:\/\/www.synthesia.com\/en\/wp-json\/wp\/v2\/users\/5"}],"replies":[{"embeddable":true,"href":"https:\/\/www.synthesia.com\/en\/wp-json\/wp\/v2\/comments?post=19821"}],"version-history":[{"count":7,"href":"https:\/\/www.synthesia.com\/en\/wp-json\/wp\/v2\/posts\/19821\/revisions"}],"predecessor-version":[{"id":19935,"href":"https:\/\/www.synthesia.com\/en\/wp-json\/wp\/v2\/posts\/19821\/revisions\/19935"}],"wp:featuredmedia":[{"embeddable":true,"href":"https:\/\/www.synthesia.com\/en\/wp-json\/wp\/v2\/media\/19804"}],"wp:attachment":[{"href":"https:\/\/www.synthesia.com\/en\/wp-json\/wp\/v2\/media?parent=19821"}],"wp:term":[{"taxonomy":"category","embeddable":true,"href":"https:\/\/www.synthesia.com\/en\/wp-json\/wp\/v2\/categories?post=19821"},{"taxonomy":"post_tag","embeddable":true,"href":"https:\/\/www.synthesia.com\/en\/wp-json\/wp\/v2\/tags?post=19821"}],"curies":[{"name":"wp","href":"https:\/\/api.w.org\/{rel}","templated":true}]}}